{"id":87092,"date":"2018-06-28T05:05:20","date_gmt":"2018-06-28T09:05:20","guid":{"rendered":"http:\/\/www.eltrabajo.cl\/2017\/?p=87092"},"modified":"2018-06-28T05:05:20","modified_gmt":"2018-06-28T09:05:20","slug":"frenetica-busqueda-de-adolescente-de-17-anos-que-abandono-su-hogar","status":"publish","type":"post","link":"https:\/\/eltrabajo.cl\/portal\/frenetica-busqueda-de-adolescente-de-17-anos-que-abandono-su-hogar\/","title":{"rendered":"Fren\u00e9tica b\u00fasqueda de adolescente de 17 a\u00f1os que abandon\u00f3 su hogar"},"content":{"rendered":"<figure id=\"attachment_87093\" aria-describedby=\"caption-attachment-87093\" style=\"width: 580px\" class=\"wp-caption alignnone\"><img data-recalc-dims=\"1\" loading=\"lazy\" decoding=\"async\" class=\"size-full wp-image-87093\" src=\"https:\/\/i0.wp.com\/www.eltrabajo.cl\/portal\/wp-content\/uploads\/2018\/06\/ADOLESCENTE-PERDIDA.jpg?resize=580%2C475\" alt=\"La menor de 17 a\u00f1os de edad fue reportada ante las polic\u00edas como desaparecida por su madre desde este lunes.\" width=\"580\" height=\"475\" srcset=\"https:\/\/i0.wp.com\/eltrabajo.cl\/portal\/wp-content\/uploads\/2018\/06\/ADOLESCENTE-PERDIDA.jpg?w=580&amp;ssl=1 580w, https:\/\/i0.wp.com\/eltrabajo.cl\/portal\/wp-content\/uploads\/2018\/06\/ADOLESCENTE-PERDIDA.jpg?resize=183%2C150&amp;ssl=1 183w, https:\/\/i0.wp.com\/eltrabajo.cl\/portal\/wp-content\/uploads\/2018\/06\/ADOLESCENTE-PERDIDA.jpg?resize=300%2C246&amp;ssl=1 300w, https:\/\/i0.wp.com\/eltrabajo.cl\/portal\/wp-content\/uploads\/2018\/06\/ADOLESCENTE-PERDIDA.jpg?resize=400%2C328&amp;ssl=1 400w\" sizes=\"auto, (max-width: 580px) 100vw, 580px\" \/><figcaption id=\"caption-attachment-87093\" class=\"wp-caption-text\">La menor de 17 a\u00f1os de edad fue reportada ante las polic\u00edas como desaparecida por su madre desde este lunes.<\/figcaption><\/figure>\n<ul>\n<li><span style=\"color: #ff0000;\"><strong>Madre indica que habr\u00eda escapado con hombre mayor de edad:<\/strong><\/span><\/li>\n<\/ul>\n<p>Un potente llamado a la comunidad efectu\u00f3 una madre luego de la repentina desaparici\u00f3n de su hija Javiera, de 17 a\u00f1os de edad, quien abandon\u00f3 su domicilio el pasado lunes en el sector Tres Esquinas de San Felipe, presuntamente para convivir con un hombre mayor de edad de nacionalidad peruana, siendo denunciado ante Carabineros y la Polic\u00eda de Investigaciones por sustracci\u00f3n de menor de edad.<br \/>\nEn entrevista con la progenitora de la adolescente extraviada, Sandra Sotomayor Donoso, afirm\u00f3 a Diario El Trabajo que el d\u00eda de la desaparici\u00f3n de la menor, \u00e9sta fue trasladada hasta la casa de una compa\u00f1era supuestamente para la elaboraci\u00f3n de una tarea para la escuela nocturna en Liceo Roberto Humeres, desde ese entonces se le perdi\u00f3 la ubicaci\u00f3n.<br \/>\n\u201cMi otro hijo la fue a buscar al liceo y le dijeron que hace dos meses que no asiste. Ella apag\u00f3 el tel\u00e9fono y de ah\u00ed se le perdi\u00f3 el rastro. Ayer (martes) me llam\u00f3 para decirme que estaba bien, que no quer\u00eda volver a su casa, porque piensa que la van a agredir, yo lo \u00fanico que quiero es que vuelva a la casa, quer\u00eda saber si estaba bien\u201d, dice desconsolada Sandra.<br \/>\n<strong>&#8211; \u00bfElla estar\u00eda con su pololo?<\/strong><br \/>\n&#8211; S\u00ed, est\u00e1 con un hombre mayor, es peruano. Yo estaba en conocimiento de la relaci\u00f3n, pero aqu\u00ed lo est\u00e1bamos supervisando bien, pero yo no sab\u00eda nada m\u00e1s de \u00e9l; pero para m\u00ed, no era de mi gusto ese hombre, es flojo poco bueno para el trabajo.<br \/>\n<strong>&#8211; \u00bfUd. lo fue a buscar a su casa?<\/strong><br \/>\n&#8211; S\u00ed, anoche fuimos tarde y no estaba la ni\u00f1a all\u00e1.<br \/>\n<strong>&#8211; \u00bfHizo la denuncia ante Carabineros y la PDI?<\/strong><br \/>\n&#8211; S\u00ed, est\u00e1n en antecedentes todos ellos, fue tipificado como sustracci\u00f3n de menor. Yo por los datos que he obtenido, la ni\u00f1a est\u00e1 en San Felipe.<br \/>\nSandra concluy\u00f3 esta entrevista haciendo un llamado a la comunidad para quien tenga conocimiento sobre el paradero de la adolescente, puedan informar a las polic\u00edas o directamente a su tel\u00e9fono m\u00f3vil <strong>9 7835 9837.<\/strong><br \/>\n<strong>Pablo Salinas Sald\u00edas<\/strong><\/p>\n","protected":false},"excerpt":{"rendered":"<p>Madre indica que habr\u00eda escapado con hombre mayor de edad: Un potente llamado a la comunidad efectu\u00f3 una madre luego de la repentina desaparici\u00f3n de su hija Javiera, de 17 a\u00f1os de&#8230;<\/p>\n","protected":false},"author":1,"featured_media":87093,"comment_status":"open","ping_status":"open","sticky":false,"template":"","format":"standard","meta":{"advanced_seo_description":"","jetpack_seo_html_title":"","jetpack_seo_noindex":false,"_jetpack_memberships_contains_paid_content":false,"footnotes":""},"categories":[21],"tags":[],"class_list":["post-87092","post","type-post","status-publish","format-standard","has-post-thumbnail","hentry","category-policial"],"jetpack_featured_media_url":"https:\/\/i0.wp.com\/eltrabajo.cl\/portal\/wp-content\/uploads\/2018\/06\/ADOLESCENTE-PERDIDA.jpg?fit=580%2C475&ssl=1","jetpack_sharing_enabled":true,"jetpack_likes_enabled":true,"jetpack-related-posts":[],"_links":{"self":[{"href":"https:\/\/eltrabajo.cl\/portal\/wp-json\/wp\/v2\/posts\/87092","targetHints":{"allow":["GET"]}}],"collection":[{"href":"https:\/\/eltrabajo.cl\/portal\/wp-json\/wp\/v2\/posts"}],"about":[{"href":"https:\/\/eltrabajo.cl\/portal\/wp-json\/wp\/v2\/types\/post"}],"author":[{"embeddable":true,"href":"https:\/\/eltrabajo.cl\/portal\/wp-json\/wp\/v2\/users\/1"}],"replies":[{"embeddable":true,"href":"https:\/\/eltrabajo.cl\/portal\/wp-json\/wp\/v2\/comments?post=87092"}],"version-history":[{"count":0,"href":"https:\/\/eltrabajo.cl\/portal\/wp-json\/wp\/v2\/posts\/87092\/revisions"}],"wp:featuredmedia":[{"embeddable":true,"href":"https:\/\/eltrabajo.cl\/portal\/wp-json\/wp\/v2\/media\/87093"}],"wp:attachment":[{"href":"https:\/\/eltrabajo.cl\/portal\/wp-json\/wp\/v2\/media?parent=87092"}],"wp:term":[{"taxonomy":"category","embeddable":true,"href":"https:\/\/eltrabajo.cl\/portal\/wp-json\/wp\/v2\/categories?post=87092"},{"taxonomy":"post_tag","embeddable":true,"href":"https:\/\/eltrabajo.cl\/portal\/wp-json\/wp\/v2\/tags?post=87092"}],"curies":[{"name":"wp","href":"https:\/\/api.w.org\/{rel}","templated":true}]}}