{"id":87109,"date":"2018-06-29T05:03:01","date_gmt":"2018-06-29T09:03:01","guid":{"rendered":"http:\/\/www.eltrabajo.cl\/2017\/?p=87109"},"modified":"2018-06-29T05:03:01","modified_gmt":"2018-06-29T09:03:01","slug":"matronas-protestan-contra-dictamen-de-contraloria-que-permite-a-enfermeras-ingresar-a-trabajar-tambien-en-sus-areas","status":"publish","type":"post","link":"https:\/\/eltrabajo.cl\/portal\/matronas-protestan-contra-dictamen-de-contraloria-que-permite-a-enfermeras-ingresar-a-trabajar-tambien-en-sus-areas\/","title":{"rendered":"Matronas protestan contra dictamen de Contralor\u00eda que permite a enfermeras ingresar a trabajar tambi\u00e9n en sus \u00e1reas"},"content":{"rendered":"<figure id=\"attachment_87110\" aria-describedby=\"caption-attachment-87110\" style=\"width: 578px\" class=\"wp-caption alignnone\"><img data-recalc-dims=\"1\" loading=\"lazy\" decoding=\"async\" class=\"size-full wp-image-87110\" src=\"https:\/\/i0.wp.com\/www.eltrabajo.cl\/portal\/wp-content\/uploads\/2018\/06\/Matronas-2.jpg?resize=578%2C286\" alt=\"Las matronas manifest\u00e1ndose en el frontis del Policl\u00ednico de Especialidades.\" width=\"578\" height=\"286\" srcset=\"https:\/\/i0.wp.com\/eltrabajo.cl\/portal\/wp-content\/uploads\/2018\/06\/Matronas-2.jpg?w=578&amp;ssl=1 578w, https:\/\/i0.wp.com\/eltrabajo.cl\/portal\/wp-content\/uploads\/2018\/06\/Matronas-2.jpg?resize=200%2C99&amp;ssl=1 200w, https:\/\/i0.wp.com\/eltrabajo.cl\/portal\/wp-content\/uploads\/2018\/06\/Matronas-2.jpg?resize=300%2C148&amp;ssl=1 300w, https:\/\/i0.wp.com\/eltrabajo.cl\/portal\/wp-content\/uploads\/2018\/06\/Matronas-2.jpg?resize=400%2C198&amp;ssl=1 400w\" sizes=\"auto, (max-width: 578px) 100vw, 578px\" \/><figcaption id=\"caption-attachment-87110\" class=\"wp-caption-text\">Las matronas manifest\u00e1ndose en el frontis del Policl\u00ednico de Especialidades.<\/figcaption><\/figure>\n<p>Las matronas del Valle de Aconcagua se manifestaron ayer pac\u00edficamente contra un decreto de la Contralor\u00eda que permitir\u00eda que enfermeras ingresen a \u00e1reas donde hist\u00f3ricamente han trabajado ellas, como son Obstetricia, Ginecolog\u00eda y Puericultura.<br \/>\nLa manifestaci\u00f3n se realiz\u00f3 en el frontis del policl\u00ednico de especialidades del Hospital San Camilo.<br \/>\nLa vocera de las matronas, Sandra Mora, dijo: \u201cNuestra manifestaci\u00f3n es por el dictamen de la Contralor\u00eda respecto a la defensa que nosotras estamos haciendo de la Norma 21, que es el lugar donde nosotras trabajamos: Obstetricia, Ginecolog\u00eda, Neonatolog\u00eda y todos los polic de atenci\u00f3n de todos los hospitales y consultorios. En este momento la Contralor\u00eda est\u00e1 mandando un dictamen que est\u00e1n diciendo que entre la parte de Enfermer\u00eda a trabajar en algunas \u00e1reas en la que han sido exclusivos por m\u00e1s de 183 a\u00f1os que tiene la carrera de Obstetricia de la matroner\u00eda, es decir ellos est\u00e1n mandando un dictamen por parte de la Contralor\u00eda sobre la norma 21, por lo tanto esa es nuestra pelea hoy en d\u00eda, que el presidente de la rep\u00fablica se manifieste al respecto para poder declarar que esta norma 21 sea un Decreto Supremo para nuestro trabajo, es decir nosotras queremos que ese decreto no se produzca\u201d, se\u00f1al\u00f3.<br \/>\nActualmente est\u00e1n en una mesa de trabajo y durante el mes de julio podr\u00eda aparecer alguna respuesta; \u201cpor eso nosotras partimos con el llamado del Colegio de Matronas, una manifestaci\u00f3n pasiva en nuestros hospitales de 08:00 a 14:00 horas\u201d, dijo la vocera de las matronas, Sandra Mora.<br \/>\n<strong>&#8211; \u00bfCu\u00e1les ser\u00edan las consecuencias en caso de aprobarse este decreto y permitiera la entrada de enfermeras al \u00e1rea de ustedes? <\/strong><br \/>\n&#8211; Que un personal no calificado atienda pacientes en el \u00e1rea de Obstetricia, Puericultura y Neonatolog\u00eda, esa es la principal consecuencia, porque nosotras estudiamos cinco a\u00f1os en la universidad para ser matronas, las enfermeras tambi\u00e9n; en esta \u00e1rea nosotras tenemos la especialidad y una subespecialidad en Neonatolog\u00eda, no es algo que llegue y pueda ingresar a nuestras \u00e1reas de trabajo.<br \/>\nEn esta manifestaci\u00f3n participaron matronas de todo el Valle de Aconcagua, dejando como corresponde personal en turnos \u00e9ticos.<\/p>\n<figure id=\"attachment_87111\" aria-describedby=\"caption-attachment-87111\" style=\"width: 579px\" class=\"wp-caption alignnone\"><img data-recalc-dims=\"1\" loading=\"lazy\" decoding=\"async\" class=\"size-full wp-image-87111\" src=\"https:\/\/i0.wp.com\/www.eltrabajo.cl\/portal\/wp-content\/uploads\/2018\/06\/Matronas-3.jpg?resize=579%2C326\" alt=\"Las matronas manifest\u00e1ndose en la calle, frente al Hospital San Camilo.\" width=\"579\" height=\"326\" srcset=\"https:\/\/i0.wp.com\/eltrabajo.cl\/portal\/wp-content\/uploads\/2018\/06\/Matronas-3.jpg?w=579&amp;ssl=1 579w, https:\/\/i0.wp.com\/eltrabajo.cl\/portal\/wp-content\/uploads\/2018\/06\/Matronas-3.jpg?resize=200%2C113&amp;ssl=1 200w, https:\/\/i0.wp.com\/eltrabajo.cl\/portal\/wp-content\/uploads\/2018\/06\/Matronas-3.jpg?resize=300%2C169&amp;ssl=1 300w, https:\/\/i0.wp.com\/eltrabajo.cl\/portal\/wp-content\/uploads\/2018\/06\/Matronas-3.jpg?resize=266%2C150&amp;ssl=1 266w, https:\/\/i0.wp.com\/eltrabajo.cl\/portal\/wp-content\/uploads\/2018\/06\/Matronas-3.jpg?resize=400%2C225&amp;ssl=1 400w\" sizes=\"auto, (max-width: 579px) 100vw, 579px\" \/><figcaption id=\"caption-attachment-87111\" class=\"wp-caption-text\">Las matronas manifest\u00e1ndose en la calle, frente al Hospital San Camilo.<\/figcaption><\/figure>\n","protected":false},"excerpt":{"rendered":"<p>Las matronas del Valle de Aconcagua se manifestaron ayer pac\u00edficamente contra un decreto de la Contralor\u00eda que permitir\u00eda que enfermeras ingresen a \u00e1reas donde hist\u00f3ricamente han trabajado ellas, como son Obstetricia, Ginecolog\u00eda&#8230;<\/p>\n","protected":false},"author":1,"featured_media":87111,"comment_status":"open","ping_status":"open","sticky":false,"template":"","format":"standard","meta":{"advanced_seo_description":"","jetpack_seo_html_title":"","jetpack_seo_noindex":false,"_jetpack_memberships_contains_paid_content":false,"footnotes":""},"categories":[1],"tags":[],"class_list":["post-87109","post","type-post","status-publish","format-standard","has-post-thumbnail","hentry","category-cronica"],"jetpack_featured_media_url":"https:\/\/i0.wp.com\/eltrabajo.cl\/portal\/wp-content\/uploads\/2018\/06\/Matronas-3.jpg?fit=579%2C326&ssl=1","jetpack_sharing_enabled":true,"jetpack_likes_enabled":true,"jetpack-related-posts":[],"_links":{"self":[{"href":"https:\/\/eltrabajo.cl\/portal\/wp-json\/wp\/v2\/posts\/87109","targetHints":{"allow":["GET"]}}],"collection":[{"href":"https:\/\/eltrabajo.cl\/portal\/wp-json\/wp\/v2\/posts"}],"about":[{"href":"https:\/\/eltrabajo.cl\/portal\/wp-json\/wp\/v2\/types\/post"}],"author":[{"embeddable":true,"href":"https:\/\/eltrabajo.cl\/portal\/wp-json\/wp\/v2\/users\/1"}],"replies":[{"embeddable":true,"href":"https:\/\/eltrabajo.cl\/portal\/wp-json\/wp\/v2\/comments?post=87109"}],"version-history":[{"count":0,"href":"https:\/\/eltrabajo.cl\/portal\/wp-json\/wp\/v2\/posts\/87109\/revisions"}],"wp:featuredmedia":[{"embeddable":true,"href":"https:\/\/eltrabajo.cl\/portal\/wp-json\/wp\/v2\/media\/87111"}],"wp:attachment":[{"href":"https:\/\/eltrabajo.cl\/portal\/wp-json\/wp\/v2\/media?parent=87109"}],"wp:term":[{"taxonomy":"category","embeddable":true,"href":"https:\/\/eltrabajo.cl\/portal\/wp-json\/wp\/v2\/categories?post=87109"},{"taxonomy":"post_tag","embeddable":true,"href":"https:\/\/eltrabajo.cl\/portal\/wp-json\/wp\/v2\/tags?post=87109"}],"curies":[{"name":"wp","href":"https:\/\/api.w.org\/{rel}","templated":true}]}}