{"id":87120,"date":"2018-06-29T05:06:41","date_gmt":"2018-06-29T09:06:41","guid":{"rendered":"http:\/\/www.eltrabajo.cl\/2017\/?p=87120"},"modified":"2018-12-24T18:03:26","modified_gmt":"2018-12-24T21:03:26","slug":"aconcagua-nuevamente-expuesto-por-transporte-de-elementos-toxicos","status":"publish","type":"post","link":"https:\/\/eltrabajo.cl\/portal\/aconcagua-nuevamente-expuesto-por-transporte-de-elementos-toxicos\/","title":{"rendered":"Aconcagua nuevamente expuesto por transporte de elementos t\u00f3xicos"},"content":{"rendered":"<figure id=\"attachment_87121\" aria-describedby=\"caption-attachment-87121\" style=\"width: 579px\" class=\"wp-caption alignnone\"><img data-recalc-dims=\"1\" loading=\"lazy\" decoding=\"async\" class=\"size-full wp-image-87121\" src=\"https:\/\/i0.wp.com\/www.eltrabajo.cl\/portal\/wp-content\/uploads\/2018\/06\/Plano.jpg?resize=579%2C445\" alt=\"Este es el plano de recorrido de los camiones con anh\u00eddrido sulfuroso.\" width=\"579\" height=\"445\" \/><figcaption id=\"caption-attachment-87121\" class=\"wp-caption-text\">Este es el plano de recorrido de los camiones con anh\u00eddrido sulfuroso.<\/figcaption><\/figure>\n<ul>\n<li><span style=\"color: #ff0000;\"><strong>Llaman a alcaldes a estar atentos:\u00a0Nueva amenaza para el Valle esta vez viene de Argentina e ingresar\u00e1 por Los Libertadores, pasar\u00e1 por nuestras calles rumbo a Las Coimas y de ah\u00ed al resto del pa\u00eds.<\/strong><\/span><\/li>\n<\/ul>\n<p>En su momento fue la cal en Curim\u00f3n, despu\u00e9s las arenas contaminadas desde Las Salinas en Vi\u00f1a del Mar, ahora se viene otro proyecto de trasladado de elementos t\u00f3xicos al Valle del Aconcagua, espec\u00edficamente al sector de Las Coimas, se trata de anh\u00eddrido sulfuroso usado en la generaci\u00f3n de productos agr\u00edcolas.<br \/>\nLa empresa Sulfoquim pretende trasladar este elemento en camiones desde Argentina hasta Las Coimas y de ah\u00ed distribuirlo a distintas regiones de Chile.<br \/>\nEn ese contexto la Comisi\u00f3n de Medio Ambiente y Patrimonio Natural del Consejo Regional de Valpara\u00edso vot\u00f3 en contra, pero con observaciones principalmente en cuanto a reforzar las medidas de seguridad. As\u00ed lo dijo el Consejero Regional del PPD, Mario Eugenio Sottolichio Urquiza, quien llam\u00f3 a los alcaldes a estar atentos por esto que se viene.<br \/>\nExplic\u00f3 que m\u00e1s que un voto en contra, fue un voto con observaciones, especialmente en cuanto al cumplimiento de algunas medidas de seguridad: \u00abPorque se trata de un proyecto de acopio de anh\u00eddrido sulf\u00farico que llega por tierra desde Argentina para desde ah\u00ed salir a cuatro o cinco regiones del pa\u00eds. Usted comprender\u00e1 que el estado de la carretera entre San Felipe y Putaendo no da seguridad para que haya un tr\u00e1nsito permanente con ese material, la salida misma de la empresa no tiene las condiciones, ah\u00ed hay que hacer una intervenci\u00f3n, Vialidad tendr\u00e1 que poner las condiciones, el ancho la estructura de la entrada, la iluminaci\u00f3n, etc., ese tramo es tan fatal como el de Panquehue, ese traslado va a pasar por nuestras comunas, calles, avenidas, por el centro de algunas; no fue rechazado, pero s\u00ed se entregaron observaciones que deben resolver y que los municipios tienen que estar muy activos, porque van a ser sus comunas las que tendr\u00e1n que soportar el paso o tr\u00e1nsito de estos camiones con este peligroso material qu\u00edmico, y si se va a desarrollar, que se haga con las m\u00e1ximas medidas de seguridad, que no sea un peligro para nosotros\u00bb, dijo el Core.<br \/>\nReiter\u00f3 que las medidas de seguridad tienen que ver con el buen estado de las carreteras y que los camiones sean realmente seguros.<\/p>\n<p><span style=\"color: #ff0000;\"><strong>POSICI\u00d3N DE FUNDACI\u00d3N MI PATRIMONIO<\/strong><\/span><br \/>\nConsultada Alexandra Scarella, Ingeniera en Medio Ambiente y asesora de la Fundaci\u00f3n, dijo: \u00abLo que nosotros conversamos en Fundaci\u00f3n Mi Patrimonio que este no es lugar para almacenamiento, porque finalmente s\u00ed tiene algunos riesgos, por eso es riesgoso que est\u00e9 ubicado ah\u00ed y transporten en camiones grandes que pueden tener accidentes, porque es un elemento t\u00f3xico; si uno libera elementos sin las condiciones necesarias por las cantidades, los trabajadores pueden tener un efecto directo y t\u00f3xico inmediato, por ende puede haber un riesgo si por ejemplo hay un choque. Nosotros consideramos que est\u00e1 bien que haya un almacenamiento industrial, pero que se haga con las condiciones necesarias, como por ejemplo lo que dice la municipalidad en la declaraci\u00f3n de impacto ambiental, se menciona que tienen que tener ciertos resguardos, arreglar las calles, hacerlas m\u00e1s grandes y el MOP dice algo s\u00faper interesante, que deber\u00edan tener alarma y un control de GPS para ver donde est\u00e1n los camiones en caso que haya un accidente. A nosotros nos parece muy importante eso porque cuando la persona -si es que llega a haber un accidente- va a estar inconsciente y no va a poder avisar, si es cerca o lejos va a generar un impacto en la comunidad\u00bb.<br \/>\n<strong>&#8211; \u00bfC\u00f3mo Fundaci\u00f3n Mi Patrimonio est\u00e1n en contra o favor de este proyecto, o recomiendan que adopten las medidas que dice el MOP y la Municipalidad?<\/strong><br \/>\n&#8211; Las que propone el MOP, la Municipalidad, en verdad es que tengan el resguardo que dice la ley, porque muchas veces dice en la declaraci\u00f3n ambiental se va a hacer esto y luego no se monitorea y la empresa no lo siguen haciendo, lo que nosotros esperamos es que esto se mantenga a trav\u00e9s del tiempo y tambi\u00e9n tenemos como una contradicci\u00f3n, porque creemos que esto se le debiera avisar a las comunidades con anticipaci\u00f3n, porque al final todos quedamos como ignorantes y no podemos tomar las precauciones suficientes si es que a nosotros nos dijeran lo que est\u00e1 pasando, nosotros podr\u00edamos actuar con la comunidad y con la empresa.<br \/>\nPara algunos productos agr\u00edcolas, generalmente se necesita anh\u00eddrido sulfuroso que es como un pesticida o fertilizante.<br \/>\nLa empresa a cargo de este proyecto de acopio es Sulfoquim, entregando el producto en las regiones Quinta, Sexta, S\u00e9ptima, Octava y Metropolitana.<br \/>\nEl traslado del producto se har\u00e1 por el Paso Los Libertadores, llegando hasta las instalaciones de la empresa ubicadas en Putaendo, pasando por la Ruta 60 Ch y E-71.<\/p>\n","protected":false},"excerpt":{"rendered":"<p>Llaman a alcaldes a estar atentos:\u00a0Nueva amenaza para el Valle esta vez viene de Argentina e ingresar\u00e1 por Los Libertadores, pasar\u00e1 por nuestras calles rumbo a Las Coimas y de ah\u00ed al&#8230;<\/p>\n","protected":false},"author":1,"featured_media":87135,"comment_status":"open","ping_status":"open","sticky":false,"template":"","format":"standard","meta":{"advanced_seo_description":"","jetpack_seo_html_title":"","jetpack_seo_noindex":false,"_jetpack_memberships_contains_paid_content":false,"footnotes":""},"categories":[1],"tags":[],"class_list":["post-87120","post","type-post","status-publish","format-standard","has-post-thumbnail","hentry","category-cronica"],"jetpack_featured_media_url":"https:\/\/i0.wp.com\/eltrabajo.cl\/portal\/wp-content\/uploads\/2018\/06\/Plano.jpg?fit=579%2C445&ssl=1","jetpack_sharing_enabled":true,"jetpack_likes_enabled":true,"jetpack-related-posts":[],"_links":{"self":[{"href":"https:\/\/eltrabajo.cl\/portal\/wp-json\/wp\/v2\/posts\/87120","targetHints":{"allow":["GET"]}}],"collection":[{"href":"https:\/\/eltrabajo.cl\/portal\/wp-json\/wp\/v2\/posts"}],"about":[{"href":"https:\/\/eltrabajo.cl\/portal\/wp-json\/wp\/v2\/types\/post"}],"author":[{"embeddable":true,"href":"https:\/\/eltrabajo.cl\/portal\/wp-json\/wp\/v2\/users\/1"}],"replies":[{"embeddable":true,"href":"https:\/\/eltrabajo.cl\/portal\/wp-json\/wp\/v2\/comments?post=87120"}],"version-history":[{"count":0,"href":"https:\/\/eltrabajo.cl\/portal\/wp-json\/wp\/v2\/posts\/87120\/revisions"}],"wp:featuredmedia":[{"embeddable":true,"href":"https:\/\/eltrabajo.cl\/portal\/wp-json\/wp\/v2\/media\/87135"}],"wp:attachment":[{"href":"https:\/\/eltrabajo.cl\/portal\/wp-json\/wp\/v2\/media?parent=87120"}],"wp:term":[{"taxonomy":"category","embeddable":true,"href":"https:\/\/eltrabajo.cl\/portal\/wp-json\/wp\/v2\/categories?post=87120"},{"taxonomy":"post_tag","embeddable":true,"href":"https:\/\/eltrabajo.cl\/portal\/wp-json\/wp\/v2\/tags?post=87120"}],"curies":[{"name":"wp","href":"https:\/\/api.w.org\/{rel}","templated":true}]}}