{"id":87155,"date":"2018-07-05T05:01:39","date_gmt":"2018-07-05T09:01:39","guid":{"rendered":"http:\/\/www.eltrabajo.cl\/2017\/?p=87155"},"modified":"2018-07-05T05:01:39","modified_gmt":"2018-07-05T09:01:39","slug":"clienta-sufrio-el-robo-de-su-billetera-al-interior-de-centrica-multitienda","status":"publish","type":"post","link":"https:\/\/eltrabajo.cl\/portal\/clienta-sufrio-el-robo-de-su-billetera-al-interior-de-centrica-multitienda\/","title":{"rendered":"Clienta sufri\u00f3 el robo de su billetera al interior de c\u00e9ntrica multitienda"},"content":{"rendered":"<figure id=\"attachment_87156\" aria-describedby=\"caption-attachment-87156\" style=\"width: 580px\" class=\"wp-caption alignnone\"><img data-recalc-dims=\"1\" loading=\"lazy\" decoding=\"async\" class=\"size-full wp-image-87156\" src=\"https:\/\/i0.wp.com\/www.eltrabajo.cl\/2017\/wp-content\/uploads\/2018\/07\/frontis-johnson.jpg?resize=580%2C400\" alt=\"El hecho ocurri\u00f3 al interior de la Multitienda Johnson\u2019s ubicada en calle Combate de Las Coimas, frente a la Plaza de Armas de San Felipe.\" width=\"580\" height=\"400\" srcset=\"https:\/\/i0.wp.com\/eltrabajo.cl\/portal\/wp-content\/uploads\/2018\/07\/frontis-johnson.jpg?w=580&amp;ssl=1 580w, https:\/\/i0.wp.com\/eltrabajo.cl\/portal\/wp-content\/uploads\/2018\/07\/frontis-johnson.jpg?resize=200%2C138&amp;ssl=1 200w, https:\/\/i0.wp.com\/eltrabajo.cl\/portal\/wp-content\/uploads\/2018\/07\/frontis-johnson.jpg?resize=300%2C207&amp;ssl=1 300w, https:\/\/i0.wp.com\/eltrabajo.cl\/portal\/wp-content\/uploads\/2018\/07\/frontis-johnson.jpg?resize=218%2C150&amp;ssl=1 218w, https:\/\/i0.wp.com\/eltrabajo.cl\/portal\/wp-content\/uploads\/2018\/07\/frontis-johnson.jpg?resize=400%2C276&amp;ssl=1 400w\" sizes=\"auto, (max-width: 580px) 100vw, 580px\" \/><figcaption id=\"caption-attachment-87156\" class=\"wp-caption-text\">El hecho ocurri\u00f3 al interior de la Multitienda Johnson\u2019s ubicada en calle Combate de Las Coimas, frente a la Plaza de Armas de San Felipe.<\/figcaption><\/figure>\n<ul>\n<li><span style=\"color: #ff0000;\"><strong>Dos imputadas detenidas por Carabineros motorizados:\u00a0El hecho fue advertido por una trabajadora de seguridad de la tienda ubicada en calle Combate de Las Coimas, frente a la Plaza de Armas, la tarde de este martes.<\/strong><\/span><\/li>\n<\/ul>\n<p>Un clienta de 58 a\u00f1os de edad que se encontraba efectuando compras al interior de la Multitienda Johnson\u2019s de calle Combate de Las Coimas N\u00ba1262 de San Felipe, sufri\u00f3 el robo de su billetera con $140.000 en efectivo, luego que dos mujeres se apoderaran de esta especie en un momento de descuido de la v\u00edctima.<br \/>\nEl hecho se produjo alrededor de las 18:55 horas de este martes, siendo advertido el delito por una trabajadora de seguridad de la tienda, quien observ\u00f3 a dos mujeres cuando se acercaron a la v\u00edctima hasta sustraerle su billetera, logrando escapar hacia la v\u00eda p\u00fablica.<br \/>\nLa testigo logr\u00f3 contactar a la patrulla motorizada de Carabineros, quienes se encontraban circulando frente a la Plaza de Armas, indic\u00e1ndole las caracter\u00edsticas f\u00edsicas y vestimentas de las imputadas, quienes finalmente, tras patrullajes por el per\u00edmetro central de la comuna, fueron observadas caminando por calle Prat.<br \/>\nCarabineros, al efectuar un control de identidad de las acusadas, ambas no manten\u00edan sus c\u00e9dulas de identificaci\u00f3n, sin embargo una de ellas manten\u00eda en su poder la billetera de la v\u00edctima con la totalidad del dinero, siendo regresada a su propietaria.<br \/>\nLas imputadas fueron identificadas con las iniciales E.T.C. y T.C.C., quienes fueron derivadas durante la ma\u00f1ana de ayer mi\u00e9rcoles hasta el Juzgado de Garant\u00eda de San Felipe para ser formalizadas por la Fiscal\u00eda por el delito de hurto simple.<br \/>\nAl t\u00e9rmino de la audiencia, las detenidas recuperaron su libertad bajo las cautelares de arraigo nacional y la prohibici\u00f3n de acercarse a la v\u00edctima, decret\u00e1ndose un plazo de investigaci\u00f3n de 60 d\u00edas.<br \/>\n<strong>Pablo Salinas Sald\u00edas<\/strong><\/p>\n","protected":false},"excerpt":{"rendered":"<p>Dos imputadas detenidas por Carabineros motorizados:\u00a0El hecho fue advertido por una trabajadora de seguridad de la tienda ubicada en calle Combate de Las Coimas, frente a la Plaza de Armas, la tarde&#8230;<\/p>\n","protected":false},"author":1,"featured_media":87156,"comment_status":"open","ping_status":"open","sticky":false,"template":"","format":"standard","meta":{"advanced_seo_description":"","jetpack_seo_html_title":"","jetpack_seo_noindex":false,"_jetpack_memberships_contains_paid_content":false,"footnotes":""},"categories":[21],"tags":[],"class_list":["post-87155","post","type-post","status-publish","format-standard","has-post-thumbnail","hentry","category-policial"],"jetpack_featured_media_url":"https:\/\/i0.wp.com\/eltrabajo.cl\/portal\/wp-content\/uploads\/2018\/07\/frontis-johnson.jpg?fit=580%2C400&ssl=1","jetpack_sharing_enabled":true,"jetpack_likes_enabled":true,"jetpack-related-posts":[],"_links":{"self":[{"href":"https:\/\/eltrabajo.cl\/portal\/wp-json\/wp\/v2\/posts\/87155","targetHints":{"allow":["GET"]}}],"collection":[{"href":"https:\/\/eltrabajo.cl\/portal\/wp-json\/wp\/v2\/posts"}],"about":[{"href":"https:\/\/eltrabajo.cl\/portal\/wp-json\/wp\/v2\/types\/post"}],"author":[{"embeddable":true,"href":"https:\/\/eltrabajo.cl\/portal\/wp-json\/wp\/v2\/users\/1"}],"replies":[{"embeddable":true,"href":"https:\/\/eltrabajo.cl\/portal\/wp-json\/wp\/v2\/comments?post=87155"}],"version-history":[{"count":0,"href":"https:\/\/eltrabajo.cl\/portal\/wp-json\/wp\/v2\/posts\/87155\/revisions"}],"wp:featuredmedia":[{"embeddable":true,"href":"https:\/\/eltrabajo.cl\/portal\/wp-json\/wp\/v2\/media\/87156"}],"wp:attachment":[{"href":"https:\/\/eltrabajo.cl\/portal\/wp-json\/wp\/v2\/media?parent=87155"}],"wp:term":[{"taxonomy":"category","embeddable":true,"href":"https:\/\/eltrabajo.cl\/portal\/wp-json\/wp\/v2\/categories?post=87155"},{"taxonomy":"post_tag","embeddable":true,"href":"https:\/\/eltrabajo.cl\/portal\/wp-json\/wp\/v2\/tags?post=87155"}],"curies":[{"name":"wp","href":"https:\/\/api.w.org\/{rel}","templated":true}]}}