{"id":87158,"date":"2018-07-05T05:02:51","date_gmt":"2018-07-05T09:02:51","guid":{"rendered":"http:\/\/www.eltrabajo.cl\/2017\/?p=87158"},"modified":"2018-07-05T05:02:51","modified_gmt":"2018-07-05T09:02:51","slug":"hasta-manana-al-medio-dia-se-espera-que-continuen-las-precipitaciones","status":"publish","type":"post","link":"https:\/\/eltrabajo.cl\/portal\/hasta-manana-al-medio-dia-se-espera-que-continuen-las-precipitaciones\/","title":{"rendered":"Hasta ma\u00f1ana al medio d\u00eda se espera que contin\u00faen las precipitaciones"},"content":{"rendered":"<figure id=\"attachment_87159\" aria-describedby=\"caption-attachment-87159\" style=\"width: 580px\" class=\"wp-caption alignnone\"><img data-recalc-dims=\"1\" loading=\"lazy\" decoding=\"async\" class=\"size-full wp-image-87159\" src=\"https:\/\/i0.wp.com\/www.eltrabajo.cl\/2017\/wp-content\/uploads\/2018\/07\/lluvia-5.jpg?resize=580%2C399\" alt=\"Los paraguas volvieron a adornar las calles de San Felipe el d\u00eda de ayer, con las persistentes precipitaciones que se dejaron caer y que deber\u00edan prolongarse hasta ma\u00f1ana al mediod\u00eda.\" width=\"580\" height=\"399\" srcset=\"https:\/\/i0.wp.com\/eltrabajo.cl\/portal\/wp-content\/uploads\/2018\/07\/lluvia-5.jpg?w=580&amp;ssl=1 580w, https:\/\/i0.wp.com\/eltrabajo.cl\/portal\/wp-content\/uploads\/2018\/07\/lluvia-5.jpg?resize=200%2C138&amp;ssl=1 200w, https:\/\/i0.wp.com\/eltrabajo.cl\/portal\/wp-content\/uploads\/2018\/07\/lluvia-5.jpg?resize=300%2C206&amp;ssl=1 300w, https:\/\/i0.wp.com\/eltrabajo.cl\/portal\/wp-content\/uploads\/2018\/07\/lluvia-5.jpg?resize=218%2C150&amp;ssl=1 218w, https:\/\/i0.wp.com\/eltrabajo.cl\/portal\/wp-content\/uploads\/2018\/07\/lluvia-5.jpg?resize=400%2C275&amp;ssl=1 400w\" sizes=\"auto, (max-width: 580px) 100vw, 580px\" \/><figcaption id=\"caption-attachment-87159\" class=\"wp-caption-text\">Los paraguas volvieron a adornar las calles de San Felipe el d\u00eda de ayer, con las persistentes precipitaciones que se dejaron caer y que deber\u00edan prolongarse hasta ma\u00f1ana al mediod\u00eda.<\/figcaption><\/figure>\n<ul>\n<li><span style=\"color: #ff0000;\"><strong>M\u00e1ximo de 60 mm de agua dejar\u00eda frente de mal tiempo<\/strong><\/span><\/li>\n<\/ul>\n<p>Alrededor de 60 mm se espera que caigan durante este frente de mal tiempo que est\u00e1 afectando a San Felipe desde ayer y durar\u00eda hasta ma\u00f1ana al medio d\u00eda.<br \/>\nManuel Vicencio, de @aconcaguaclima, dijo que el frente de mal tiempo debiera declinar en la madrugada: \u201cHay una pausa y debiera retomar en la tarde de ma\u00f1ana (hoy) a la misma hora de hoy (ayer), tambi\u00e9n con algo de viento al medio d\u00eda. El pron\u00f3stico hasta el momento se ha estado cumpliendo, lo \u00fanico notable es que se intensific\u00f3 la lluvia, en veinte minutos cayeron cinco mil\u00edmetros, a eso de las 16:50 hab\u00edan 17 mm. La lluvia contin\u00faa intensa como hasta ahora, m\u00e1s o menos dos o tres de la ma\u00f1ana. En cuanto al viento podemos esperar rachas de hasta 50 kil\u00f3metros por hora y despu\u00e9s del viento la lluvia, y esa para a media ma\u00f1ana del viernes, despu\u00e9s s\u00e1bado y domingo despejado, son probables las bajas temperaturas, porque vamos a estar rodeados de nieve, al igual que el otro d\u00eda. Si el cielo est\u00e1 despejado, esperamos temperaturas bajo cero en general\u201d.<br \/>\nEn cuanto a la cantidad de agua que debiera caer hasta el medio d\u00eda del d\u00eda viernes, Vicencio dijo que \u201cestimamos 50 mm y ya llevamos 20 a esta hora (17:30) o sea podemos sobrepasar es decir hablemos de unos 60 mm, es decir del medio d\u00eda de hoy (ayer) hasta el medio d\u00eda del viernes, las 48 horas\u201d, indic\u00f3.<\/p>\n<figure id=\"attachment_87160\" aria-describedby=\"caption-attachment-87160\" style=\"width: 580px\" class=\"wp-caption alignnone\"><img data-recalc-dims=\"1\" loading=\"lazy\" decoding=\"async\" class=\"size-full wp-image-87160\" src=\"https:\/\/i0.wp.com\/www.eltrabajo.cl\/2017\/wp-content\/uploads\/2018\/07\/lluvia-6.jpg?resize=580%2C399\" alt=\"Los paraguas volvieron a adornar las calles de San Felipe el d\u00eda de ayer, con las persistentes precipitaciones que se dejaron caer y que deber\u00edan prolongarse hasta ma\u00f1ana al mediod\u00eda.\" width=\"580\" height=\"399\" srcset=\"https:\/\/i0.wp.com\/eltrabajo.cl\/portal\/wp-content\/uploads\/2018\/07\/lluvia-6.jpg?w=580&amp;ssl=1 580w, https:\/\/i0.wp.com\/eltrabajo.cl\/portal\/wp-content\/uploads\/2018\/07\/lluvia-6.jpg?resize=200%2C138&amp;ssl=1 200w, https:\/\/i0.wp.com\/eltrabajo.cl\/portal\/wp-content\/uploads\/2018\/07\/lluvia-6.jpg?resize=300%2C206&amp;ssl=1 300w, https:\/\/i0.wp.com\/eltrabajo.cl\/portal\/wp-content\/uploads\/2018\/07\/lluvia-6.jpg?resize=218%2C150&amp;ssl=1 218w, https:\/\/i0.wp.com\/eltrabajo.cl\/portal\/wp-content\/uploads\/2018\/07\/lluvia-6.jpg?resize=400%2C275&amp;ssl=1 400w\" sizes=\"auto, (max-width: 580px) 100vw, 580px\" \/><figcaption id=\"caption-attachment-87160\" class=\"wp-caption-text\">Los paraguas volvieron a adornar las calles de San Felipe el d\u00eda de ayer, con las persistentes precipitaciones que se dejaron caer y que deber\u00edan prolongarse hasta ma\u00f1ana al mediod\u00eda.<\/figcaption><\/figure>\n","protected":false},"excerpt":{"rendered":"<p>M\u00e1ximo de 60 mm de agua dejar\u00eda frente de mal tiempo Alrededor de 60 mm se espera que caigan durante este frente de mal tiempo que est\u00e1 afectando a San Felipe desde&#8230;<\/p>\n","protected":false},"author":1,"featured_media":87160,"comment_status":"open","ping_status":"open","sticky":false,"template":"","format":"standard","meta":{"advanced_seo_description":"","jetpack_seo_html_title":"","jetpack_seo_noindex":false,"_jetpack_memberships_contains_paid_content":false,"footnotes":""},"categories":[1],"tags":[],"class_list":["post-87158","post","type-post","status-publish","format-standard","has-post-thumbnail","hentry","category-cronica"],"jetpack_featured_media_url":"https:\/\/i0.wp.com\/eltrabajo.cl\/portal\/wp-content\/uploads\/2018\/07\/lluvia-6.jpg?fit=580%2C399&ssl=1","jetpack_sharing_enabled":true,"jetpack_likes_enabled":true,"jetpack-related-posts":[],"_links":{"self":[{"href":"https:\/\/eltrabajo.cl\/portal\/wp-json\/wp\/v2\/posts\/87158","targetHints":{"allow":["GET"]}}],"collection":[{"href":"https:\/\/eltrabajo.cl\/portal\/wp-json\/wp\/v2\/posts"}],"about":[{"href":"https:\/\/eltrabajo.cl\/portal\/wp-json\/wp\/v2\/types\/post"}],"author":[{"embeddable":true,"href":"https:\/\/eltrabajo.cl\/portal\/wp-json\/wp\/v2\/users\/1"}],"replies":[{"embeddable":true,"href":"https:\/\/eltrabajo.cl\/portal\/wp-json\/wp\/v2\/comments?post=87158"}],"version-history":[{"count":0,"href":"https:\/\/eltrabajo.cl\/portal\/wp-json\/wp\/v2\/posts\/87158\/revisions"}],"wp:featuredmedia":[{"embeddable":true,"href":"https:\/\/eltrabajo.cl\/portal\/wp-json\/wp\/v2\/media\/87160"}],"wp:attachment":[{"href":"https:\/\/eltrabajo.cl\/portal\/wp-json\/wp\/v2\/media?parent=87158"}],"wp:term":[{"taxonomy":"category","embeddable":true,"href":"https:\/\/eltrabajo.cl\/portal\/wp-json\/wp\/v2\/categories?post=87158"},{"taxonomy":"post_tag","embeddable":true,"href":"https:\/\/eltrabajo.cl\/portal\/wp-json\/wp\/v2\/tags?post=87158"}],"curies":[{"name":"wp","href":"https:\/\/api.w.org\/{rel}","templated":true}]}}