{"id":87162,"date":"2018-07-05T05:03:33","date_gmt":"2018-07-05T09:03:33","guid":{"rendered":"http:\/\/www.eltrabajo.cl\/2017\/?p=87162"},"modified":"2018-07-05T05:03:33","modified_gmt":"2018-07-05T09:03:33","slug":"victima-de-violento-asalto-relata-los-momentos-de-terror-que-le-toco-vivir","status":"publish","type":"post","link":"https:\/\/eltrabajo.cl\/portal\/victima-de-violento-asalto-relata-los-momentos-de-terror-que-le-toco-vivir\/","title":{"rendered":"V\u00edctima de violento asalto relata los momentos de terror que le toc\u00f3 vivir"},"content":{"rendered":"<figure id=\"attachment_87163\" aria-describedby=\"caption-attachment-87163\" style=\"width: 580px\" class=\"wp-caption alignnone\"><img data-recalc-dims=\"1\" loading=\"lazy\" decoding=\"async\" class=\"size-full wp-image-87163\" src=\"https:\/\/i0.wp.com\/www.eltrabajo.cl\/2017\/wp-content\/uploads\/2018\/07\/Camioneta.jpg?resize=580%2C400\" alt=\"Esta es la camioneta robada y cuyo propietario fue asaltado violentamente a mano armada en su propio domicilio mientras dorm\u00eda.\" width=\"580\" height=\"400\" srcset=\"https:\/\/i0.wp.com\/eltrabajo.cl\/portal\/wp-content\/uploads\/2018\/07\/Camioneta.jpg?w=580&amp;ssl=1 580w, https:\/\/i0.wp.com\/eltrabajo.cl\/portal\/wp-content\/uploads\/2018\/07\/Camioneta.jpg?resize=200%2C138&amp;ssl=1 200w, https:\/\/i0.wp.com\/eltrabajo.cl\/portal\/wp-content\/uploads\/2018\/07\/Camioneta.jpg?resize=300%2C207&amp;ssl=1 300w, https:\/\/i0.wp.com\/eltrabajo.cl\/portal\/wp-content\/uploads\/2018\/07\/Camioneta.jpg?resize=218%2C150&amp;ssl=1 218w, https:\/\/i0.wp.com\/eltrabajo.cl\/portal\/wp-content\/uploads\/2018\/07\/Camioneta.jpg?resize=400%2C276&amp;ssl=1 400w\" sizes=\"auto, (max-width: 580px) 100vw, 580px\" \/><figcaption id=\"caption-attachment-87163\" class=\"wp-caption-text\">Esta es la camioneta robada y cuyo propietario fue asaltado violentamente a mano armada en su propio domicilio mientras dorm\u00eda.<\/figcaption><\/figure>\n<ul>\n<li><span style=\"color: #ff0000;\"><strong>\u00abEn un momento nos enca\u00f1onaron a la cabeza y se pueden imaginar el miedo que se puede sentir en una situaci\u00f3n as\u00ed, lo \u00fanico que hicimos fue calmarnos, tratar que la situaci\u00f3n pasara r\u00e1pido, pero fue una eternidad realmente\u00bb, relata una de las v\u00edctimas.<\/strong><\/span><\/li>\n<\/ul>\n<p>Una verdadera noche de terror vivi\u00f3 una joven pareja en su inmueble ubicado en la avenida Escuela Agr\u00edcola en la Villa El Descanso de San Felipe, cuando en la madrugada de ayer, a eso de las tres de la ma\u00f1ana y mientras dorm\u00edan, un grupo de al menos cinco sujetos armados entraron violentamente a la casa, los amenazaron con armas de fuego y les robaron una camioneta y otras especies, todo avaluado en unos veinte millones de pesos.<br \/>\nUno de los afectados, Julio Arturo Tejedor Mu\u00f1oz, convers\u00f3 con nuestro medio se\u00f1alando lo siguiente: \u00abEst\u00e1bamos durmiendo con mi pareja y alrededor de las tres de la ma\u00f1ana entraron unos cinco individuos, uno portando arma de fuego, arma blanca y algunos elementos contundentes como fierros; sentimos el golpe pensando que era externo, cuando nos dimos cuenta que era en nuestra pieza, ah\u00ed nos enca\u00f1onan y nos empiezan a pedir dinero y las llaves de veh\u00edculos; nosotros reaccionamos primero que todo impresionados, asustados, no tuvimos tiempo ni de reaccionar, el actuar de ellos era muy organizado, bastante violento, en un momento nos enca\u00f1onaron a la cabeza y se pueden imaginar el miedo que se puede sentir en una situaci\u00f3n as\u00ed, lo \u00fanico que hicimos fue calmarnos, tratar que la situaci\u00f3n pasara r\u00e1pido, pero fue una eternidad realmente, menos mal que logr\u00e9 controlar los nervios, mi polola tambi\u00e9n, pero lamentablemente sufrimos p\u00e9rdidas: noteboks, relojes, y la camioneta tambi\u00e9n donde escaparon, que era de mi propiedad, adem\u00e1s quer\u00edan escapar en el otro veh\u00edculo de propiedad de mi polola, pero no pudieron salir porque no pudieron abrir la puerta ese veh\u00edculo, en definitiva no se lo pudieron llevar.<br \/>\n<strong>&#8211; \u00bfEran j\u00f3venes?<\/strong><br \/>\n&#8211; S\u00ed, eran j\u00f3venes, de unos 19 a 25 a\u00f1os; unos menores de edad, pero los menores no interactuaron con nosotros, yo creo que estaban muy bien organizados, los m\u00e1s chicos eran los que sacaban las cosas, mientras que los otros sab\u00edan lo que ten\u00edan que hacer.<br \/>\n<strong>&#8211; \u00bfQu\u00e9 te dec\u00edan?<\/strong><br \/>\n&#8211; Nos ped\u00edan plata, nos dec\u00edan que aqu\u00ed estaba la veta, nos hicieron levantarnos de la cama un rato, nos botaron los colchones, en definitiva dieron vuelta la casa, despu\u00e9s buscaban las llaves de los veh\u00edculos, en eso me enca\u00f1onaron e hicieron levantarme para que buscara las llaves de la camioneta; fui de la pieza hasta el living enca\u00f1onado, ah\u00ed pas\u00e9 las llaves de la camioneta, luego quer\u00edan el otro veh\u00edculo, no encontr\u00e1bamos la llave, estaba nervioso, en un momento son\u00f3 la bocina de un veh\u00edculo, ah\u00ed como que se asustaron y escaparon en mi camioneta, una Ford Ranger doble cabina, color Blanco 4&#215;4 y la patente es HXRS-93.<br \/>\n<strong>&#8211; \u00bfCu\u00e1nto es el aval\u00fao de todo lo robado?<\/strong><br \/>\n&#8211; Nosotros pensamos que deben ser unos veinte millones de pesos, que s\u00f3lo el veh\u00edculo, que es nuevo, a\u00f1o 2016, es 4X4, solamente en el veh\u00edculo hay 16 a 17 millones m\u00e1s las otras especies, tambi\u00e9n nos robaron los celulares, documentaci\u00f3n, es decir quedamos sin nada.<br \/>\n<strong>&#8211; \u00bfHicieron la denuncia ante la polic\u00eda? <\/strong><br \/>\n&#8211; S\u00ed, lleg\u00f3 Carabineros, antes de eso acudimos a los vecinos, pero nadie nos respondi\u00f3, as\u00ed es que tuvimos que acudir a una persona cercana que vive como a dos cuadras aproximadamente, ah\u00ed s\u00ed nos abrieron, nos brindaron ayuda y pudimos llamar a Carabineros, quienes se hicieron presente, unos cinco minutos despu\u00e9s del llamado, pero ya hab\u00edan transcurrido unos diez minutos desde que se hab\u00edan ido los tipos.<br \/>\n<strong>&#8211; \u00bfPor qu\u00e9 cree que se metieron a su casa, los estar\u00edan vigilando?<\/strong><br \/>\n&#8211; Es algo que nos hemos estado preguntando, pero creemos que fue por los veh\u00edculos, porque a ellos, luego de la plata, lo que m\u00e1s les importaba eran las llaves de los veh\u00edculos, pens\u00e9 que cuando les pas\u00e9 las llaves de la camioneta dije ya se van a ir porque la van a utilizar para arrancar, pero despu\u00e9s, cuando me doy cuenta que quieren el segundo veh\u00edculo, ah\u00ed creo que el motivo de ellos eran los veh\u00edculos.<br \/>\n<strong>&#8211; \u00bfCreen que el robo a ustedes haya estado planificado?<\/strong><br \/>\n&#8211; Yo creo que s\u00ed, creo que es as\u00ed, ellos vieron que en esta casa hab\u00edan dos veh\u00edculos y los deben haber tenido vistos, lo mismo deben haber visto que las defensas de la casa no son muy buenas que digamos, como digo, ten\u00edan todo organizado, la reja le hicieron palanca, la puerta la botaron de un golpe, o sea todo planificado, ni siquiera fueron dos golpes, un golpe la puerta afuera y en segundo estaban en la habitaci\u00f3n nuestra, entonces esto estaba m\u00e1s que planeado.<\/p>\n","protected":false},"excerpt":{"rendered":"<p>\u00abEn un momento nos enca\u00f1onaron a la cabeza y se pueden imaginar el miedo que se puede sentir en una situaci\u00f3n as\u00ed, lo \u00fanico que hicimos fue calmarnos, tratar que la situaci\u00f3n&#8230;<\/p>\n","protected":false},"author":1,"featured_media":87163,"comment_status":"open","ping_status":"open","sticky":false,"template":"","format":"standard","meta":{"advanced_seo_description":"","jetpack_seo_html_title":"","jetpack_seo_noindex":false,"_jetpack_memberships_contains_paid_content":false,"footnotes":""},"categories":[21],"tags":[],"class_list":["post-87162","post","type-post","status-publish","format-standard","has-post-thumbnail","hentry","category-policial"],"jetpack_featured_media_url":"https:\/\/i0.wp.com\/eltrabajo.cl\/portal\/wp-content\/uploads\/2018\/07\/Camioneta.jpg?fit=580%2C400&ssl=1","jetpack_sharing_enabled":true,"jetpack_likes_enabled":true,"jetpack-related-posts":[],"_links":{"self":[{"href":"https:\/\/eltrabajo.cl\/portal\/wp-json\/wp\/v2\/posts\/87162","targetHints":{"allow":["GET"]}}],"collection":[{"href":"https:\/\/eltrabajo.cl\/portal\/wp-json\/wp\/v2\/posts"}],"about":[{"href":"https:\/\/eltrabajo.cl\/portal\/wp-json\/wp\/v2\/types\/post"}],"author":[{"embeddable":true,"href":"https:\/\/eltrabajo.cl\/portal\/wp-json\/wp\/v2\/users\/1"}],"replies":[{"embeddable":true,"href":"https:\/\/eltrabajo.cl\/portal\/wp-json\/wp\/v2\/comments?post=87162"}],"version-history":[{"count":0,"href":"https:\/\/eltrabajo.cl\/portal\/wp-json\/wp\/v2\/posts\/87162\/revisions"}],"wp:featuredmedia":[{"embeddable":true,"href":"https:\/\/eltrabajo.cl\/portal\/wp-json\/wp\/v2\/media\/87163"}],"wp:attachment":[{"href":"https:\/\/eltrabajo.cl\/portal\/wp-json\/wp\/v2\/media?parent=87162"}],"wp:term":[{"taxonomy":"category","embeddable":true,"href":"https:\/\/eltrabajo.cl\/portal\/wp-json\/wp\/v2\/categories?post=87162"},{"taxonomy":"post_tag","embeddable":true,"href":"https:\/\/eltrabajo.cl\/portal\/wp-json\/wp\/v2\/tags?post=87162"}],"curies":[{"name":"wp","href":"https:\/\/api.w.org\/{rel}","templated":true}]}}