{"id":87169,"date":"2018-07-06T05:00:38","date_gmt":"2018-07-06T09:00:38","guid":{"rendered":"http:\/\/www.eltrabajo.cl\/2017\/?p=87169"},"modified":"2018-07-06T05:00:38","modified_gmt":"2018-07-06T09:00:38","slug":"mop-se-hara-cargo-de-la-actualizacion-del-proyecto-iglesia-de-curimon","status":"publish","type":"post","link":"https:\/\/eltrabajo.cl\/portal\/mop-se-hara-cargo-de-la-actualizacion-del-proyecto-iglesia-de-curimon\/","title":{"rendered":"MOP se har\u00e1 cargo de la actualizaci\u00f3n del proyecto Iglesia de Curim\u00f3n"},"content":{"rendered":"<figure id=\"attachment_87170\" aria-describedby=\"caption-attachment-87170\" style=\"width: 578px\" class=\"wp-caption alignnone\"><img data-recalc-dims=\"1\" loading=\"lazy\" decoding=\"async\" class=\"size-full wp-image-87170\" src=\"https:\/\/i0.wp.com\/www.eltrabajo.cl\/2017\/wp-content\/uploads\/2018\/07\/Puente-25-mayo.jpg?resize=578%2C347\" alt=\"El Puente 25 de Mayo, m\u00e1s conocido como el de \u2018Los Clavos de Oro\u2019, ser\u00eda reemplazado por uno nuevo, tambi\u00e9n de oro al parecer ya que su costo alcanzar\u00eda los 1.243 millones de pesos.\" width=\"578\" height=\"347\" srcset=\"https:\/\/i0.wp.com\/eltrabajo.cl\/portal\/wp-content\/uploads\/2018\/07\/Puente-25-mayo.jpg?w=578&amp;ssl=1 578w, https:\/\/i0.wp.com\/eltrabajo.cl\/portal\/wp-content\/uploads\/2018\/07\/Puente-25-mayo.jpg?resize=200%2C120&amp;ssl=1 200w, https:\/\/i0.wp.com\/eltrabajo.cl\/portal\/wp-content\/uploads\/2018\/07\/Puente-25-mayo.jpg?resize=300%2C180&amp;ssl=1 300w, https:\/\/i0.wp.com\/eltrabajo.cl\/portal\/wp-content\/uploads\/2018\/07\/Puente-25-mayo.jpg?resize=250%2C150&amp;ssl=1 250w, https:\/\/i0.wp.com\/eltrabajo.cl\/portal\/wp-content\/uploads\/2018\/07\/Puente-25-mayo.jpg?resize=400%2C240&amp;ssl=1 400w\" sizes=\"auto, (max-width: 578px) 100vw, 578px\" \/><figcaption id=\"caption-attachment-87170\" class=\"wp-caption-text\">El Puente 25 de Mayo, m\u00e1s conocido como el de \u2018Los Clavos de Oro\u2019, ser\u00eda reemplazado por uno nuevo, tambi\u00e9n de oro al parecer ya que su costo alcanzar\u00eda los 1.243 millones de pesos.<\/figcaption><\/figure>\n<ul>\n<li><span style=\"color: #ff0000;\"><strong>Propuesta adem\u00e1s contempla reponer puente 25 de Mayo:<\/strong><\/span><\/li>\n<\/ul>\n<p>El Consejero Regional Rolando Stevenson Velasco (DC), dio a conocer dos buenas noticias para el Valle de Aconcagua, especialmente para San Felipe y m\u00e1s espec\u00edficamente para Curim\u00f3n.<br \/>\nLa primera tiene que ver con la restauraci\u00f3n de la Iglesia San Francisco de dicho sector: \u201cAyer (mi\u00e9rcoles) en la Comisi\u00f3n de Patrimonio se recibi\u00f3 la visita del director regional de Arquitectura, Manuel Pedreros, quien inform\u00f3 positivamente que ser\u00e1 el MOP, a trav\u00e9s de la Direcci\u00f3n de Arquitectura, quienes tomar\u00e1n la confecci\u00f3n de la actualizaci\u00f3n del proyecto de la Iglesia de San Francisco de Curim\u00f3n, considerando tres aspectos que son las variaciones a la normas estructurales que hubo, adem\u00e1s la necesidad de dividir en tres el proyecto: convento, museo y templo e iglesia que es indispensable para la comunidad de Curim\u00f3n, y tambi\u00e9n el modelo de gesti\u00f3n. Hay nuevas disposiciones, el financiamiento de este funcionario que va a reactivar o rehacer el proyecto, va a venir de acciones concurrentes a trav\u00e9s de la Subdere, as\u00ed es que es una muy buena noticia para los vecinos de Curim\u00f3n que esperamos en el corto plazo ya se est\u00e9 contratando al profesional que va a hacer esto en el sector de Arquitectura, efectivamente va a ser a trav\u00e9s de Arquitectura y no a trav\u00e9s del municipio la actualizaci\u00f3n de este proyecto\u201d, se\u00f1al\u00f3 Stevenson.<\/p>\n<p><span style=\"color: #ff0000;\"><strong>REPOSICI\u00d3N DEL PUENTE<\/strong><\/span><br \/>\nEn cuanto al puente 25 de Mayo ubicado en Tierras Blancas, tambi\u00e9n conocido como el de \u2018Los Clavos de Oro\u2019 por la gran cantidad de millones de pesos que se han debido invertir en sus distintas reparaciones, dijo: \u201cAhora se puede decir que hay fuego y no solamente humo, porque en la Comisi\u00f3n de Inversiones se conoci\u00f3 la propuesta regional para desarrollo del presupuesto 2019 en el que se incluye la reposici\u00f3n del puente 25 de Mayo, llamado com\u00fanmente el de \u2018Los Clavos de Oro\u2019 en San Felipe por 1.243 millones de pesos que significa la reposici\u00f3n del puente, no solamente el mejoramiento, sino que reposici\u00f3n; lo van a hacer de nuevo, esta es una muy buena noticia para la comunidad de Tierras Blancas y que efectivamente reci\u00e9n, y esto lo reitero, reci\u00e9n esto se est\u00e1 incorporando al presupuesto del a\u00f1o 2019 que adem\u00e1s tiene que pasar por el Congreso Nacional, en una propuesta del presidente de la rep\u00fablica\u201d, indic\u00f3 Stevenson.<br \/>\n<strong>&#8211; \u00bfCu\u00e1ndo ya podr\u00eda construirse?<\/strong><br \/>\n&#8211; Si el 2019 est\u00e1 en el presupuesto, que es esa la propuesta que estamos realizando con el acuerdo del Consejo Regional, en el 2019 se puede empezar a construir, pero no antes, cuando algunas autoridades de repente informan que tienen listo digamos para la foto, pero aqu\u00ed lo concreto es que ayer (mi\u00e9rcoles) en la comisi\u00f3n de inversiones se incluye la propuesta del puente 25 de Mayo donde he estado varias veces.<\/p>\n<figure id=\"attachment_87171\" aria-describedby=\"caption-attachment-87171\" style=\"width: 579px\" class=\"wp-caption alignnone\"><img data-recalc-dims=\"1\" loading=\"lazy\" decoding=\"async\" class=\"size-full wp-image-87171\" src=\"https:\/\/i0.wp.com\/www.eltrabajo.cl\/2017\/wp-content\/uploads\/2018\/07\/Rolando-Stevenson.jpg?resize=579%2C415\" alt=\"Rolando Stevenson Velasco, Consejero Regional.\" width=\"579\" height=\"415\" srcset=\"https:\/\/i0.wp.com\/eltrabajo.cl\/portal\/wp-content\/uploads\/2018\/07\/Rolando-Stevenson.jpg?w=579&amp;ssl=1 579w, https:\/\/i0.wp.com\/eltrabajo.cl\/portal\/wp-content\/uploads\/2018\/07\/Rolando-Stevenson.jpg?resize=200%2C143&amp;ssl=1 200w, https:\/\/i0.wp.com\/eltrabajo.cl\/portal\/wp-content\/uploads\/2018\/07\/Rolando-Stevenson.jpg?resize=300%2C215&amp;ssl=1 300w, https:\/\/i0.wp.com\/eltrabajo.cl\/portal\/wp-content\/uploads\/2018\/07\/Rolando-Stevenson.jpg?resize=209%2C150&amp;ssl=1 209w, https:\/\/i0.wp.com\/eltrabajo.cl\/portal\/wp-content\/uploads\/2018\/07\/Rolando-Stevenson.jpg?resize=400%2C287&amp;ssl=1 400w\" sizes=\"auto, (max-width: 579px) 100vw, 579px\" \/><figcaption id=\"caption-attachment-87171\" class=\"wp-caption-text\">Rolando Stevenson Velasco, Consejero Regional.<\/figcaption><\/figure>\n","protected":false},"excerpt":{"rendered":"<p>Propuesta adem\u00e1s contempla reponer puente 25 de Mayo: El Consejero Regional Rolando Stevenson Velasco (DC), dio a conocer dos buenas noticias para el Valle de Aconcagua, especialmente para San Felipe y m\u00e1s&#8230;<\/p>\n","protected":false},"author":1,"featured_media":87170,"comment_status":"open","ping_status":"open","sticky":false,"template":"","format":"standard","meta":{"advanced_seo_description":"","jetpack_seo_html_title":"","jetpack_seo_noindex":false,"_jetpack_memberships_contains_paid_content":false,"footnotes":""},"categories":[1],"tags":[],"class_list":["post-87169","post","type-post","status-publish","format-standard","has-post-thumbnail","hentry","category-cronica"],"jetpack_featured_media_url":"https:\/\/i0.wp.com\/eltrabajo.cl\/portal\/wp-content\/uploads\/2018\/07\/Puente-25-mayo.jpg?fit=578%2C347&ssl=1","jetpack_sharing_enabled":true,"jetpack_likes_enabled":true,"jetpack-related-posts":[],"_links":{"self":[{"href":"https:\/\/eltrabajo.cl\/portal\/wp-json\/wp\/v2\/posts\/87169","targetHints":{"allow":["GET"]}}],"collection":[{"href":"https:\/\/eltrabajo.cl\/portal\/wp-json\/wp\/v2\/posts"}],"about":[{"href":"https:\/\/eltrabajo.cl\/portal\/wp-json\/wp\/v2\/types\/post"}],"author":[{"embeddable":true,"href":"https:\/\/eltrabajo.cl\/portal\/wp-json\/wp\/v2\/users\/1"}],"replies":[{"embeddable":true,"href":"https:\/\/eltrabajo.cl\/portal\/wp-json\/wp\/v2\/comments?post=87169"}],"version-history":[{"count":0,"href":"https:\/\/eltrabajo.cl\/portal\/wp-json\/wp\/v2\/posts\/87169\/revisions"}],"wp:featuredmedia":[{"embeddable":true,"href":"https:\/\/eltrabajo.cl\/portal\/wp-json\/wp\/v2\/media\/87170"}],"wp:attachment":[{"href":"https:\/\/eltrabajo.cl\/portal\/wp-json\/wp\/v2\/media?parent=87169"}],"wp:term":[{"taxonomy":"category","embeddable":true,"href":"https:\/\/eltrabajo.cl\/portal\/wp-json\/wp\/v2\/categories?post=87169"},{"taxonomy":"post_tag","embeddable":true,"href":"https:\/\/eltrabajo.cl\/portal\/wp-json\/wp\/v2\/tags?post=87169"}],"curies":[{"name":"wp","href":"https:\/\/api.w.org\/{rel}","templated":true}]}}