{"id":87176,"date":"2018-07-06T05:02:46","date_gmt":"2018-07-06T09:02:46","guid":{"rendered":"http:\/\/www.eltrabajo.cl\/2017\/?p=87176"},"modified":"2018-07-06T05:02:46","modified_gmt":"2018-07-06T09:02:46","slug":"a-5-y-6-anos-de-carcel-fueron-condenados-tres-traficantes-de-pasta-base","status":"publish","type":"post","link":"https:\/\/eltrabajo.cl\/portal\/a-5-y-6-anos-de-carcel-fueron-condenados-tres-traficantes-de-pasta-base\/","title":{"rendered":"A 5 y 6 a\u00f1os de c\u00e1rcel fueron condenados tres traficantes de pasta base"},"content":{"rendered":"<figure id=\"attachment_87177\" aria-describedby=\"caption-attachment-87177\" style=\"width: 578px\" class=\"wp-caption alignnone\"><img data-recalc-dims=\"1\" loading=\"lazy\" decoding=\"async\" class=\"size-full wp-image-87177\" src=\"https:\/\/i0.wp.com\/www.eltrabajo.cl\/2017\/wp-content\/uploads\/2018\/07\/DROGAS-PASTA-BASE.jpg?resize=578%2C394\" alt=\"El operativo efectuado por el OS7 de Carabineros permiti\u00f3 sacar de circulaci\u00f3n m\u00e1s de 4.000 dosis de pasta base de coca\u00edna en San Felipe, siendo detenidos dos hombres y una mujer, quienes fueron condenados a penas de 5 y 6 a\u00f1os de c\u00e1rcel.\" width=\"578\" height=\"394\" srcset=\"https:\/\/i0.wp.com\/eltrabajo.cl\/portal\/wp-content\/uploads\/2018\/07\/DROGAS-PASTA-BASE.jpg?w=578&amp;ssl=1 578w, https:\/\/i0.wp.com\/eltrabajo.cl\/portal\/wp-content\/uploads\/2018\/07\/DROGAS-PASTA-BASE.jpg?resize=200%2C136&amp;ssl=1 200w, https:\/\/i0.wp.com\/eltrabajo.cl\/portal\/wp-content\/uploads\/2018\/07\/DROGAS-PASTA-BASE.jpg?resize=300%2C204&amp;ssl=1 300w, https:\/\/i0.wp.com\/eltrabajo.cl\/portal\/wp-content\/uploads\/2018\/07\/DROGAS-PASTA-BASE.jpg?resize=220%2C150&amp;ssl=1 220w, https:\/\/i0.wp.com\/eltrabajo.cl\/portal\/wp-content\/uploads\/2018\/07\/DROGAS-PASTA-BASE.jpg?resize=400%2C273&amp;ssl=1 400w\" sizes=\"auto, (max-width: 578px) 100vw, 578px\" \/><figcaption id=\"caption-attachment-87177\" class=\"wp-caption-text\">El operativo efectuado por el OS7 de Carabineros permiti\u00f3 sacar de circulaci\u00f3n m\u00e1s de 4.000 dosis de pasta base de coca\u00edna en San Felipe, siendo detenidos dos hombres y una mujer, quienes fueron condenados a penas de 5 y 6 a\u00f1os de c\u00e1rcel.<\/figcaption><\/figure>\n<ul>\n<li><strong><span style=\"color: #ff0000;\">Tras operativos de OS7 de Carabineros:<\/span>\u00a0Tribunal Oral en Lo Penal de San Felipe conden\u00f3 a dos hombres y una mujer por el delito de tr\u00e1fico de drogas, sentenci\u00e1ndolos a penas privativas de libertad por estos il\u00edcitos.<\/strong><\/li>\n<\/ul>\n<p>A penas de 5 y 6 a\u00f1os de c\u00e1rcel fueron sentenciados por el Tribunal Oral en Lo Penal, tres sujetos identificados como Hans Rudolf Rojas Rojas, Rub\u00e9n Alexis Romo Cuevas y Valeska De Lourdes Herrera Jara, por el delito de tr\u00e1fico de pasta base cometido en San Felipe.<br \/>\nTras una investigaci\u00f3n encabezada por la Fiscal\u00eda desde el a\u00f1o 2015, se manten\u00eda informaci\u00f3n que Romo Cuevas se dedicar\u00eda desde ese entonces a la venta de sustancias il\u00edcitas en San Felipe.<br \/>\nDe acuerdo a las diligencias efectuadas por el OS7 de Carabineros, se logr\u00f3 establecer que Rojas Rojas prove\u00eda de drogas a Romo Cuevas para ser comercializada en la zona. Tras un operativo policial el 26 de septiembre del 2016, se constat\u00f3 que el proveedor habr\u00eda viajado desde Santiago hasta San Felipe en un veh\u00edculo, siendo interceptados por la polic\u00eda uniformada en la carretera San Mart\u00edn.<br \/>\nDurante el procedimiento Carabineros confirm\u00f3 que el m\u00f3vil era conducido por Hans Rojas Rojas, en compa\u00f1\u00eda de su pareja Valeska Herrera Jara, quienes manten\u00edan en el interior m\u00e1s de dos kilos de pasta base de coca\u00edna que ser\u00eda entregada a Romo Cuevas. En la ocasi\u00f3n todos los involucrados fueron detenidos por la polic\u00eda.<br \/>\nLas diligencias continuaron en el domicilio de Romo Cuevas, en la Villa Santa Teresita de San Felipe, incaut\u00e1ndose 240 gramos de marihuana prensada y 15 gramos de coca\u00edna, entre otros elementos asociados al tr\u00e1fico de drogas, logrando sacar de circulaci\u00f3n m\u00e1s de 4.000 dosis de estupefacientes.<br \/>\nEl Fiscal Julio Palacios llev\u00f3 a juicio a los tres imputados por este hecho, siendo considerados culpables de tr\u00e1fico de drogas, seg\u00fan el veredicto de los jueces del Tribunal Oral en Lo Penal de San Felipe.<br \/>\nLas sentencias revelan que se condena a Rub\u00e9n Romo Cuevas a la pena de 5 a\u00f1os y un d\u00eda de c\u00e1rcel efectiva, m\u00e1s una multa de 20 unidades tributarias mensuales.<br \/>\nEn tanto Hans Rojas Rojas y Valezka Herrera Jara fueron condenados a la pena de 6 a\u00f1os de presidio efectivo y el pago de una multa de 20 unidades tributarias mensuales.<br \/>\n<strong>Pablo Salinas Sald\u00edas<\/strong><\/p>\n","protected":false},"excerpt":{"rendered":"<p>Tras operativos de OS7 de Carabineros:\u00a0Tribunal Oral en Lo Penal de San Felipe conden\u00f3 a dos hombres y una mujer por el delito de tr\u00e1fico de drogas, sentenci\u00e1ndolos a penas privativas de&#8230;<\/p>\n","protected":false},"author":1,"featured_media":87177,"comment_status":"open","ping_status":"open","sticky":false,"template":"","format":"standard","meta":{"advanced_seo_description":"","jetpack_seo_html_title":"","jetpack_seo_noindex":false,"_jetpack_memberships_contains_paid_content":false,"footnotes":""},"categories":[21],"tags":[],"class_list":["post-87176","post","type-post","status-publish","format-standard","has-post-thumbnail","hentry","category-policial"],"jetpack_featured_media_url":"https:\/\/i0.wp.com\/eltrabajo.cl\/portal\/wp-content\/uploads\/2018\/07\/DROGAS-PASTA-BASE.jpg?fit=578%2C394&ssl=1","jetpack_sharing_enabled":true,"jetpack_likes_enabled":true,"jetpack-related-posts":[],"_links":{"self":[{"href":"https:\/\/eltrabajo.cl\/portal\/wp-json\/wp\/v2\/posts\/87176","targetHints":{"allow":["GET"]}}],"collection":[{"href":"https:\/\/eltrabajo.cl\/portal\/wp-json\/wp\/v2\/posts"}],"about":[{"href":"https:\/\/eltrabajo.cl\/portal\/wp-json\/wp\/v2\/types\/post"}],"author":[{"embeddable":true,"href":"https:\/\/eltrabajo.cl\/portal\/wp-json\/wp\/v2\/users\/1"}],"replies":[{"embeddable":true,"href":"https:\/\/eltrabajo.cl\/portal\/wp-json\/wp\/v2\/comments?post=87176"}],"version-history":[{"count":0,"href":"https:\/\/eltrabajo.cl\/portal\/wp-json\/wp\/v2\/posts\/87176\/revisions"}],"wp:featuredmedia":[{"embeddable":true,"href":"https:\/\/eltrabajo.cl\/portal\/wp-json\/wp\/v2\/media\/87177"}],"wp:attachment":[{"href":"https:\/\/eltrabajo.cl\/portal\/wp-json\/wp\/v2\/media?parent=87176"}],"wp:term":[{"taxonomy":"category","embeddable":true,"href":"https:\/\/eltrabajo.cl\/portal\/wp-json\/wp\/v2\/categories?post=87176"},{"taxonomy":"post_tag","embeddable":true,"href":"https:\/\/eltrabajo.cl\/portal\/wp-json\/wp\/v2\/tags?post=87176"}],"curies":[{"name":"wp","href":"https:\/\/api.w.org\/{rel}","templated":true}]}}