{"id":87331,"date":"2018-07-18T05:02:38","date_gmt":"2018-07-18T09:02:38","guid":{"rendered":"http:\/\/www.eltrabajo.cl\/2017\/?p=87331"},"modified":"2018-07-18T05:02:38","modified_gmt":"2018-07-18T09:02:38","slug":"partio-juicio-oral-por-asesinato-de-matias-delgado-el-care-tuto","status":"publish","type":"post","link":"https:\/\/eltrabajo.cl\/portal\/partio-juicio-oral-por-asesinato-de-matias-delgado-el-care-tuto\/","title":{"rendered":"Parti\u00f3 juicio oral por asesinato de Mat\u00edas Delgado \u2018El Care Tuto\u2019"},"content":{"rendered":"<figure id=\"attachment_87332\" aria-describedby=\"caption-attachment-87332\" style=\"width: 580px\" class=\"wp-caption alignnone\"><img data-recalc-dims=\"1\" loading=\"lazy\" decoding=\"async\" class=\"size-full wp-image-87332\" src=\"https:\/\/i0.wp.com\/www.eltrabajo.cl\/2017\/wp-content\/uploads\/2018\/07\/MATIAS-DELGADO.jpg?resize=580%2C399\" alt=\"Mat\u00edas Delgado Olgu\u00edn, apodado \u2018El Care Tuto\u2019, muri\u00f3 a la edad de 20 a\u00f1os en la Villa 250 A\u00f1os de San Felipe.\" width=\"580\" height=\"399\" srcset=\"https:\/\/i0.wp.com\/eltrabajo.cl\/portal\/wp-content\/uploads\/2018\/07\/MATIAS-DELGADO.jpg?w=580&amp;ssl=1 580w, https:\/\/i0.wp.com\/eltrabajo.cl\/portal\/wp-content\/uploads\/2018\/07\/MATIAS-DELGADO.jpg?resize=200%2C138&amp;ssl=1 200w, https:\/\/i0.wp.com\/eltrabajo.cl\/portal\/wp-content\/uploads\/2018\/07\/MATIAS-DELGADO.jpg?resize=300%2C206&amp;ssl=1 300w, https:\/\/i0.wp.com\/eltrabajo.cl\/portal\/wp-content\/uploads\/2018\/07\/MATIAS-DELGADO.jpg?resize=218%2C150&amp;ssl=1 218w, https:\/\/i0.wp.com\/eltrabajo.cl\/portal\/wp-content\/uploads\/2018\/07\/MATIAS-DELGADO.jpg?resize=400%2C275&amp;ssl=1 400w\" sizes=\"auto, (max-width: 580px) 100vw, 580px\" \/><figcaption id=\"caption-attachment-87332\" class=\"wp-caption-text\">Mat\u00edas Delgado Olgu\u00edn, apodado \u2018El Care Tuto\u2019, muri\u00f3 a la edad de 20 a\u00f1os en la Villa 250 A\u00f1os de San Felipe.<\/figcaption><\/figure>\n<ul>\n<li><strong><span style=\"color: #ff0000;\">Imputado arriesgar\u00eda 23 a\u00f1os de c\u00e1rcel por tres delitos:<\/span>\u00a0Abraham Olgu\u00edn Gallardo enfrenta cargos por homicidio, tenencia ilegal de arma de fuego prohibida y municiones.<\/strong><\/li>\n<\/ul>\n<p>Durante la ma\u00f1ana de ayer martes se inici\u00f3 la audiencia programada de juicio oral en contra el imputado identificado como Abraham Enoc Olgu\u00edn Gallardo, acusado de asesinar a Mat\u00edas Nicol\u00e1s Delgado Olgu\u00edn, de 20 a\u00f1os de edad, al interior de la Villa 250 A\u00f1os de San Felipe, a principios del mes de diciembre del a\u00f1o pasado.<br \/>\nEl Fiscal Alejandro Bustos Ibarra acus\u00f3 ante el Tribunal Oral en Lo Penal de San Felipe durante los alegatos de apertura en contra del imputado, basados en las investigaciones por el homicidio, las que revelar\u00edan que el d\u00eda de los hechos, v\u00edctima y victimario se enfrascaron en una ri\u00f1a por rencillas anteriores, enfrent\u00e1ndose a golpes en el pasaje Estadio esquina Dardignac de esta ciudad.<br \/>\nOlgu\u00edn, tras haber resultado con una fractura en su nariz, enfurecido habr\u00eda disparado a corta distancia una escopeta frontalmente sobre el cuerpo de su contrincante, disparando posteriormente dos veces m\u00e1s por la espalda de Mat\u00edas Delgado Olgu\u00edn y en su muslo.<br \/>\nEl juicio se encuentra en pleno proceso de debate entre los intervinientes, efectu\u00e1ndose un receso hasta el d\u00eda de hoy mi\u00e9rcoles a las 14:00 horas para reanudar con los alegatos de clausura, a fin que el Tribunal emita su veredicto condenatorio o absoluci\u00f3n de los cargos imputados al acusado.<br \/>\nEn este escenario, la Fiscal\u00eda persigue que se condene a Olgu\u00edn Gallardo a las penas de 15 a\u00f1os de presidio por homicidio simple, m\u00e1s 5 a\u00f1os por tenencia ilegal de arma de fuego prohibida y tres a\u00f1os adicionales por tenencia ilegal de municiones.<br \/>\n<strong>Pablo Salinas Sald\u00edas<\/strong><\/p>\n","protected":false},"excerpt":{"rendered":"<p>Imputado arriesgar\u00eda 23 a\u00f1os de c\u00e1rcel por tres delitos:\u00a0Abraham Olgu\u00edn Gallardo enfrenta cargos por homicidio, tenencia ilegal de arma de fuego prohibida y municiones. Durante la ma\u00f1ana de ayer martes se inici\u00f3&#8230;<\/p>\n","protected":false},"author":1,"featured_media":87332,"comment_status":"open","ping_status":"open","sticky":false,"template":"","format":"standard","meta":{"advanced_seo_description":"","jetpack_seo_html_title":"","jetpack_seo_noindex":false,"_jetpack_memberships_contains_paid_content":false,"footnotes":""},"categories":[21],"tags":[],"class_list":["post-87331","post","type-post","status-publish","format-standard","has-post-thumbnail","hentry","category-policial"],"jetpack_featured_media_url":"https:\/\/i0.wp.com\/eltrabajo.cl\/portal\/wp-content\/uploads\/2018\/07\/MATIAS-DELGADO.jpg?fit=580%2C399&ssl=1","jetpack_sharing_enabled":true,"jetpack_likes_enabled":true,"jetpack-related-posts":[],"_links":{"self":[{"href":"https:\/\/eltrabajo.cl\/portal\/wp-json\/wp\/v2\/posts\/87331","targetHints":{"allow":["GET"]}}],"collection":[{"href":"https:\/\/eltrabajo.cl\/portal\/wp-json\/wp\/v2\/posts"}],"about":[{"href":"https:\/\/eltrabajo.cl\/portal\/wp-json\/wp\/v2\/types\/post"}],"author":[{"embeddable":true,"href":"https:\/\/eltrabajo.cl\/portal\/wp-json\/wp\/v2\/users\/1"}],"replies":[{"embeddable":true,"href":"https:\/\/eltrabajo.cl\/portal\/wp-json\/wp\/v2\/comments?post=87331"}],"version-history":[{"count":0,"href":"https:\/\/eltrabajo.cl\/portal\/wp-json\/wp\/v2\/posts\/87331\/revisions"}],"wp:featuredmedia":[{"embeddable":true,"href":"https:\/\/eltrabajo.cl\/portal\/wp-json\/wp\/v2\/media\/87332"}],"wp:attachment":[{"href":"https:\/\/eltrabajo.cl\/portal\/wp-json\/wp\/v2\/media?parent=87331"}],"wp:term":[{"taxonomy":"category","embeddable":true,"href":"https:\/\/eltrabajo.cl\/portal\/wp-json\/wp\/v2\/categories?post=87331"},{"taxonomy":"post_tag","embeddable":true,"href":"https:\/\/eltrabajo.cl\/portal\/wp-json\/wp\/v2\/tags?post=87331"}],"curies":[{"name":"wp","href":"https:\/\/api.w.org\/{rel}","templated":true}]}}