{"id":87360,"date":"2018-07-20T05:00:25","date_gmt":"2018-07-20T09:00:25","guid":{"rendered":"http:\/\/www.eltrabajo.cl\/2017\/?p=87360"},"modified":"2018-07-20T05:00:25","modified_gmt":"2018-07-20T09:00:25","slug":"la-flor-encantada-reaparecera-hoy-en-el-teatro-municipal-de-san-felipe","status":"publish","type":"post","link":"https:\/\/eltrabajo.cl\/portal\/la-flor-encantada-reaparecera-hoy-en-el-teatro-municipal-de-san-felipe\/","title":{"rendered":"\u2018La Flor encantada\u2019 reaparecer\u00e1 hoy en el Teatro Municipal de San Felipe"},"content":{"rendered":"<figure id=\"attachment_87361\" aria-describedby=\"caption-attachment-87361\" style=\"width: 579px\" class=\"wp-caption alignnone\"><img data-recalc-dims=\"1\" loading=\"lazy\" decoding=\"async\" class=\"size-full wp-image-87361\" src=\"https:\/\/i0.wp.com\/www.eltrabajo.cl\/2017\/wp-content\/uploads\/2018\/07\/Flor1.jpg?resize=579%2C456\" alt=\"TEATRO FAMILIAR.- Ellos son parte de los personajes que dar\u00e1n vida al bosque en donde vive La Flor Encantada. Teatro infantil hoy viernes.\" width=\"579\" height=\"456\" srcset=\"https:\/\/i0.wp.com\/eltrabajo.cl\/portal\/wp-content\/uploads\/2018\/07\/Flor1.jpg?w=579&amp;ssl=1 579w, https:\/\/i0.wp.com\/eltrabajo.cl\/portal\/wp-content\/uploads\/2018\/07\/Flor1.jpg?resize=190%2C150&amp;ssl=1 190w, https:\/\/i0.wp.com\/eltrabajo.cl\/portal\/wp-content\/uploads\/2018\/07\/Flor1.jpg?resize=300%2C236&amp;ssl=1 300w, https:\/\/i0.wp.com\/eltrabajo.cl\/portal\/wp-content\/uploads\/2018\/07\/Flor1.jpg?resize=400%2C315&amp;ssl=1 400w\" sizes=\"auto, (max-width: 579px) 100vw, 579px\" \/><figcaption id=\"caption-attachment-87361\" class=\"wp-caption-text\">TEATRO FAMILIAR.- Ellos son parte de los personajes que dar\u00e1n vida al bosque en donde vive La Flor Encantada. Teatro infantil hoy viernes.<\/figcaption><\/figure>\n<ul>\n<li><span style=\"color: #ff0000;\"><strong>Para toda la familia teatro infantil a las 19:00 horas:<\/strong><\/span><\/li>\n<\/ul>\n<p>Hoy es un d\u00eda muy especial para los m\u00e1s peque\u00f1itos de nuestra comuna, pues a las 19:00 horas en el Teatro Municipal de San Felipe y de manera gratuita para ellos y sus papitos, se presentar\u00e1 la obra teatral La Flor Encantada, montaje que nos muestra que cada a\u00f1o una misteriosa flor surge de las profundidades del bosque, la bella flor tiene poderes m\u00e1gicos que cumplen el deseo de quien se los solicita, y por ello los insectos y animales esperan con ansias ese d\u00eda, con el prop\u00f3sito de seguir resguardando la armon\u00eda en el bosque.<br \/>\nAs\u00ed, empiezan a tomar protagonismo algunos de los personajes principales de la obra, entre ellos Tremebunda, la ara\u00f1a, quien se ha enterado de esto y decide apoderarse de esta flor, a fin de usar sus poderes para sus pretenciosos deseos.<br \/>\nEl elenco de La Flor Encantada est\u00e1 conformado por: \u2018Chinita\u2019, Wadya Nazarala; Tremebunda, Arelis Quiroz; Baldomera, \u00c1ngeles Valdez; Don Topo, Ignacio de la Pe\u00f1a; Dagoberto, Gonzalo Dur\u00e1n. La direcci\u00f3n de la obra est\u00e1 a cargo del actor y director teatral, V\u00edctor Zenteno.<br \/>\n<strong>Roberto Gonz\u00e1lez Short<\/strong><\/p>\n<figure id=\"attachment_87362\" aria-describedby=\"caption-attachment-87362\" style=\"width: 579px\" class=\"wp-caption alignnone\"><img data-recalc-dims=\"1\" loading=\"lazy\" decoding=\"async\" class=\"size-full wp-image-87362\" src=\"https:\/\/i0.wp.com\/www.eltrabajo.cl\/2017\/wp-content\/uploads\/2018\/07\/Flor2.jpg?resize=579%2C586\" alt=\"LA GRAN INC\u00d3GNITA.- Hoy los ni\u00f1os podr\u00e1n descubrir si Tremebunda, la ara\u00f1a, logra apoderarse de nuestra m\u00e1gica Flor del bosque.\" width=\"579\" height=\"586\" srcset=\"https:\/\/i0.wp.com\/eltrabajo.cl\/portal\/wp-content\/uploads\/2018\/07\/Flor2.jpg?w=579&amp;ssl=1 579w, https:\/\/i0.wp.com\/eltrabajo.cl\/portal\/wp-content\/uploads\/2018\/07\/Flor2.jpg?resize=148%2C150&amp;ssl=1 148w, https:\/\/i0.wp.com\/eltrabajo.cl\/portal\/wp-content\/uploads\/2018\/07\/Flor2.jpg?resize=296%2C300&amp;ssl=1 296w, https:\/\/i0.wp.com\/eltrabajo.cl\/portal\/wp-content\/uploads\/2018\/07\/Flor2.jpg?resize=400%2C405&amp;ssl=1 400w\" sizes=\"auto, (max-width: 579px) 100vw, 579px\" \/><figcaption id=\"caption-attachment-87362\" class=\"wp-caption-text\">LA GRAN INC\u00d3GNITA.- Hoy los ni\u00f1os podr\u00e1n descubrir si Tremebunda, la ara\u00f1a, logra apoderarse de nuestra m\u00e1gica Flor del bosque.<\/figcaption><\/figure>\n","protected":false},"excerpt":{"rendered":"<p>Para toda la familia teatro infantil a las 19:00 horas: Hoy es un d\u00eda muy especial para los m\u00e1s peque\u00f1itos de nuestra comuna, pues a las 19:00 horas en el Teatro Municipal&#8230;<\/p>\n","protected":false},"author":1,"featured_media":87361,"comment_status":"open","ping_status":"open","sticky":false,"template":"","format":"standard","meta":{"advanced_seo_description":"","jetpack_seo_html_title":"","jetpack_seo_noindex":false,"_jetpack_memberships_contains_paid_content":false,"footnotes":""},"categories":[20],"tags":[],"class_list":["post-87360","post","type-post","status-publish","format-standard","has-post-thumbnail","hentry","category-arte-y-cultura"],"jetpack_featured_media_url":"https:\/\/i0.wp.com\/eltrabajo.cl\/portal\/wp-content\/uploads\/2018\/07\/Flor1.jpg?fit=579%2C456&ssl=1","jetpack_sharing_enabled":true,"jetpack_likes_enabled":true,"jetpack-related-posts":[],"_links":{"self":[{"href":"https:\/\/eltrabajo.cl\/portal\/wp-json\/wp\/v2\/posts\/87360","targetHints":{"allow":["GET"]}}],"collection":[{"href":"https:\/\/eltrabajo.cl\/portal\/wp-json\/wp\/v2\/posts"}],"about":[{"href":"https:\/\/eltrabajo.cl\/portal\/wp-json\/wp\/v2\/types\/post"}],"author":[{"embeddable":true,"href":"https:\/\/eltrabajo.cl\/portal\/wp-json\/wp\/v2\/users\/1"}],"replies":[{"embeddable":true,"href":"https:\/\/eltrabajo.cl\/portal\/wp-json\/wp\/v2\/comments?post=87360"}],"version-history":[{"count":0,"href":"https:\/\/eltrabajo.cl\/portal\/wp-json\/wp\/v2\/posts\/87360\/revisions"}],"wp:featuredmedia":[{"embeddable":true,"href":"https:\/\/eltrabajo.cl\/portal\/wp-json\/wp\/v2\/media\/87361"}],"wp:attachment":[{"href":"https:\/\/eltrabajo.cl\/portal\/wp-json\/wp\/v2\/media?parent=87360"}],"wp:term":[{"taxonomy":"category","embeddable":true,"href":"https:\/\/eltrabajo.cl\/portal\/wp-json\/wp\/v2\/categories?post=87360"},{"taxonomy":"post_tag","embeddable":true,"href":"https:\/\/eltrabajo.cl\/portal\/wp-json\/wp\/v2\/tags?post=87360"}],"curies":[{"name":"wp","href":"https:\/\/api.w.org\/{rel}","templated":true}]}}