{"id":87370,"date":"2018-07-20T05:02:12","date_gmt":"2018-07-20T09:02:12","guid":{"rendered":"http:\/\/www.eltrabajo.cl\/2017\/?p=87370"},"modified":"2018-07-20T05:02:12","modified_gmt":"2018-07-20T09:02:12","slug":"ebrio-al-volante-fue-condenado-a-mas-de-2-anos-de-reclusion-nocturna","status":"publish","type":"post","link":"https:\/\/eltrabajo.cl\/portal\/ebrio-al-volante-fue-condenado-a-mas-de-2-anos-de-reclusion-nocturna\/","title":{"rendered":"Ebrio al volante fue condenado a m\u00e1s de 2 a\u00f1os de reclusi\u00f3n nocturna"},"content":{"rendered":"<figure id=\"attachment_87371\" aria-describedby=\"caption-attachment-87371\" style=\"width: 578px\" class=\"wp-caption alignnone\"><img data-recalc-dims=\"1\" loading=\"lazy\" decoding=\"async\" class=\"size-full wp-image-87371\" src=\"https:\/\/i0.wp.com\/www.eltrabajo.cl\/2017\/wp-content\/uploads\/2018\/07\/CONDUCTOR-EBRIO.jpg?resize=578%2C303\" alt=\"El conductor fue fiscalizado por Carabineros siendo detenido por manejo en estado de ebriedad. (Foto Referencial).\" width=\"578\" height=\"303\" srcset=\"https:\/\/i0.wp.com\/eltrabajo.cl\/portal\/wp-content\/uploads\/2018\/07\/CONDUCTOR-EBRIO.jpg?w=578&amp;ssl=1 578w, https:\/\/i0.wp.com\/eltrabajo.cl\/portal\/wp-content\/uploads\/2018\/07\/CONDUCTOR-EBRIO.jpg?resize=200%2C105&amp;ssl=1 200w, https:\/\/i0.wp.com\/eltrabajo.cl\/portal\/wp-content\/uploads\/2018\/07\/CONDUCTOR-EBRIO.jpg?resize=300%2C157&amp;ssl=1 300w, https:\/\/i0.wp.com\/eltrabajo.cl\/portal\/wp-content\/uploads\/2018\/07\/CONDUCTOR-EBRIO.jpg?resize=286%2C150&amp;ssl=1 286w, https:\/\/i0.wp.com\/eltrabajo.cl\/portal\/wp-content\/uploads\/2018\/07\/CONDUCTOR-EBRIO.jpg?resize=400%2C210&amp;ssl=1 400w\" sizes=\"auto, (max-width: 578px) 100vw, 578px\" \/><figcaption id=\"caption-attachment-87371\" class=\"wp-caption-text\">El conductor fue fiscalizado por Carabineros siendo detenido por manejo en estado de ebriedad. (Foto Referencial).<\/figcaption><\/figure>\n<p><span style=\"color: #ff0000;\"><strong>Detenido por Carabineros con licencia de conducir suspendida:<\/strong><\/span><\/p>\n<ul>\n<li><strong>Imputado fue sometido a juicio oral por este delito ocurrido en julio del a\u00f1o 2016 en San Felipe.<\/strong><\/li>\n<\/ul>\n<p>A una pena de 820 d\u00edas de reclusi\u00f3n parcial nocturna y el pago de una multa de 10 unidades tributarias mensuales, fue la sentencia dictada por el Tribunal Oral en Lo Penal de San Felipe en contra de un automovilista que fue enjuiciado por conducir con 2.39 gramos de alcohol en su cuerpo, adem\u00e1s de mantener su licencia suspendida.<br \/>\nEste Tribunal gener\u00f3 convicci\u00f3n tras las pruebas rendidas por la Fiscal\u00eda de San Felipe, luego que el acusado, identificado como Angelo Robet Garc\u00e9s Jaque, conduc\u00eda su camioneta marca Chevrolet, de color azul, siendo fiscalizado por Carabineros en Avenida Santiago Bueras esquina Santa Rosa de Viterbo en San Felipe, declinando a detener la marcha en primera instancia el d\u00eda 31 de julio de 2016, a eso de las 23:45 horas.<br \/>\nMomentos m\u00e1s tarde el conductor, al ser sometido a una prueba de intoxilyzer, arroj\u00f3 como resultado 2,76 gramos de alcohol por mil de sangre, siendo detenido por conducir en estado de ebriedad.<br \/>\nSeg\u00fan los antecedentes del caso, el informe de alcoholemia arroj\u00f3 finalmente que el acusado conduc\u00eda con 2.39 gramos de alcohol en su sangre, con su licencia para conducir suspendida tras haber sido condenado por el Juzgado de Garant\u00eda de San Felipe a la pena de 2 a\u00f1os de suspensi\u00f3n para conducir veh\u00edculos el 18 de junio de 2015.<br \/>\nLa terna de jueces del Tribunal Oral resolvi\u00f3 condenar al acusado a la pena de 820 d\u00edas de presidio por conducir veh\u00edculo motorizado en estado de ebriedad m\u00e1s una multa de 10 U.T.M.<br \/>\n<strong>Pablo Salinas Sald\u00edas<\/strong><\/p>\n","protected":false},"excerpt":{"rendered":"<p>Detenido por Carabineros con licencia de conducir suspendida: Imputado fue sometido a juicio oral por este delito ocurrido en julio del a\u00f1o 2016 en San Felipe. A una pena de 820 d\u00edas&#8230;<\/p>\n","protected":false},"author":1,"featured_media":87371,"comment_status":"open","ping_status":"open","sticky":false,"template":"","format":"standard","meta":{"advanced_seo_description":"","jetpack_seo_html_title":"","jetpack_seo_noindex":false,"_jetpack_memberships_contains_paid_content":false,"footnotes":""},"categories":[21],"tags":[],"class_list":["post-87370","post","type-post","status-publish","format-standard","has-post-thumbnail","hentry","category-policial"],"jetpack_featured_media_url":"https:\/\/i0.wp.com\/eltrabajo.cl\/portal\/wp-content\/uploads\/2018\/07\/CONDUCTOR-EBRIO.jpg?fit=578%2C303&ssl=1","jetpack_sharing_enabled":true,"jetpack_likes_enabled":true,"jetpack-related-posts":[],"_links":{"self":[{"href":"https:\/\/eltrabajo.cl\/portal\/wp-json\/wp\/v2\/posts\/87370","targetHints":{"allow":["GET"]}}],"collection":[{"href":"https:\/\/eltrabajo.cl\/portal\/wp-json\/wp\/v2\/posts"}],"about":[{"href":"https:\/\/eltrabajo.cl\/portal\/wp-json\/wp\/v2\/types\/post"}],"author":[{"embeddable":true,"href":"https:\/\/eltrabajo.cl\/portal\/wp-json\/wp\/v2\/users\/1"}],"replies":[{"embeddable":true,"href":"https:\/\/eltrabajo.cl\/portal\/wp-json\/wp\/v2\/comments?post=87370"}],"version-history":[{"count":0,"href":"https:\/\/eltrabajo.cl\/portal\/wp-json\/wp\/v2\/posts\/87370\/revisions"}],"wp:featuredmedia":[{"embeddable":true,"href":"https:\/\/eltrabajo.cl\/portal\/wp-json\/wp\/v2\/media\/87371"}],"wp:attachment":[{"href":"https:\/\/eltrabajo.cl\/portal\/wp-json\/wp\/v2\/media?parent=87370"}],"wp:term":[{"taxonomy":"category","embeddable":true,"href":"https:\/\/eltrabajo.cl\/portal\/wp-json\/wp\/v2\/categories?post=87370"},{"taxonomy":"post_tag","embeddable":true,"href":"https:\/\/eltrabajo.cl\/portal\/wp-json\/wp\/v2\/tags?post=87370"}],"curies":[{"name":"wp","href":"https:\/\/api.w.org\/{rel}","templated":true}]}}