{"id":87373,"date":"2018-07-20T05:04:39","date_gmt":"2018-07-20T09:04:39","guid":{"rendered":"http:\/\/www.eltrabajo.cl\/2017\/?p=87373"},"modified":"2018-07-20T05:04:39","modified_gmt":"2018-07-20T09:04:39","slug":"lanzas-agreden-a-golpes-a-joven-para-robarle-su-telefono-celular","status":"publish","type":"post","link":"https:\/\/eltrabajo.cl\/portal\/lanzas-agreden-a-golpes-a-joven-para-robarle-su-telefono-celular\/","title":{"rendered":"Lanzas agreden a golpes a joven para robarle su tel\u00e9fono celular"},"content":{"rendered":"<figure id=\"attachment_87374\" aria-describedby=\"caption-attachment-87374\" style=\"width: 578px\" class=\"wp-caption alignnone\"><img data-recalc-dims=\"1\" loading=\"lazy\" decoding=\"async\" class=\"size-full wp-image-87374\" src=\"https:\/\/i0.wp.com\/www.eltrabajo.cl\/2017\/wp-content\/uploads\/2018\/07\/ROBO-CELULAR.jpg?resize=578%2C332\" alt=\"El hecho fue denunciado pasadas las 18:00 horas de este mi\u00e9rcoles en calle Santo Domingo de San Felipe. (Foto Referencial).\" width=\"578\" height=\"332\" srcset=\"https:\/\/i0.wp.com\/eltrabajo.cl\/portal\/wp-content\/uploads\/2018\/07\/ROBO-CELULAR.jpg?w=578&amp;ssl=1 578w, https:\/\/i0.wp.com\/eltrabajo.cl\/portal\/wp-content\/uploads\/2018\/07\/ROBO-CELULAR.jpg?resize=200%2C115&amp;ssl=1 200w, https:\/\/i0.wp.com\/eltrabajo.cl\/portal\/wp-content\/uploads\/2018\/07\/ROBO-CELULAR.jpg?resize=300%2C172&amp;ssl=1 300w, https:\/\/i0.wp.com\/eltrabajo.cl\/portal\/wp-content\/uploads\/2018\/07\/ROBO-CELULAR.jpg?resize=261%2C150&amp;ssl=1 261w, https:\/\/i0.wp.com\/eltrabajo.cl\/portal\/wp-content\/uploads\/2018\/07\/ROBO-CELULAR.jpg?resize=400%2C230&amp;ssl=1 400w\" sizes=\"auto, (max-width: 578px) 100vw, 578px\" \/><figcaption id=\"caption-attachment-87374\" class=\"wp-caption-text\">El hecho fue denunciado pasadas las 18:00 horas de este mi\u00e9rcoles en calle Santo Domingo de San Felipe. (Foto Referencial).<\/figcaption><\/figure>\n<p><span style=\"color: #ff0000;\"><strong>A pleno d\u00eda en calle Santo Domingo con Navarro:<\/strong><\/span><\/p>\n<ul>\n<li><strong>Una mujer de 19 a\u00f1os de edad fue detenida por Carabineros por robo con violencia, siendo formalizada por la Fiscal\u00eda. V\u00edctima sostiene que fue agredida por la pareja delictual para sustraerle la especie que manten\u00eda entre sus manos. <\/strong><\/li>\n<\/ul>\n<p>Una joven de 25 a\u00f1os de edad fue v\u00edctima de la delincuencia mientras caminaba a plena luz de d\u00eda por calle Santo Domingo esquina de Navarro en San Felipe, donde habr\u00eda sido asaltada por un hombre y una mujer, quienes luego de golpearla en la cabeza le arrebataron su tel\u00e9fono celular avaluado en $250.000.<br \/>\nDe acuerdo al informe policial, los hechos habr\u00edan ocurrido pasadas las 18:00 horas de este mi\u00e9rcoles, luego que la v\u00edctima, tras sufrir el violento robo, persigui\u00f3 a la delincuente que le sustrajo su celular mientras que el otro sujeto escap\u00f3 hacia otra direcci\u00f3n, siendo perdido de vista.<br \/>\nEl relato de la afectada detalla a la polic\u00eda que los sujetos previamente la abordaron sorpresivamente en la v\u00eda p\u00fablica, recibiendo un golpe de pu\u00f1o en su cabeza, mientras que la antisocial le habr\u00eda sustra\u00eddo el tel\u00e9fono celular a la v\u00edctima, marca Samsung, que manten\u00eda entre sus manos, huyendo con la especie hacia calle Prat.<br \/>\nLa v\u00edctima continu\u00f3 su relato sosteniendo que persigui\u00f3 a la delincuente, quien se dirig\u00eda a gran velocidad, ingresando hasta la distribuidora \u2018Kiko\u2019, siendo identificada por la v\u00edctima, quien al pedir auxilio del personal de seguridad de este local comercial, la asaltante le lanz\u00f3 el celular a la denunciante, requiri\u00e9ndose la presencia de Carabineros, mientras la acusada se encontraba retenida en el lugar.<br \/>\nLuego de la llegada de la polic\u00eda uniformada, la imputada fue detenida por el delito de robo con violencia, mientras que la v\u00edctima fue derivada hasta el servicio de urgencias del Hospital San Camilo de San Felipe, siendo diagnosticada por el m\u00e9dico de turno con policontusiones de car\u00e1cter leve.<br \/>\nEn horas de la ma\u00f1ana de ayer jueves la imputada, identificada con las iniciales F.F.O.O. de 19 a\u00f1os de edad, sin antecedentes delictuales, fue derivada hasta el Juzgado de Garant\u00eda de San Felipe para ser formalizada por la Fiscal\u00eda por este delito.<br \/>\nAl t\u00e9rmino de la audiencia, la acusada fue dejada en libertad, quedando sujeta a la cautelar de arresto domiciliario nocturno mientras la Fiscal\u00eda investiga el caso.<br \/>\n<strong>Pablo Salinas Sald\u00edas<\/strong><\/p>\n","protected":false},"excerpt":{"rendered":"<p>A pleno d\u00eda en calle Santo Domingo con Navarro: Una mujer de 19 a\u00f1os de edad fue detenida por Carabineros por robo con violencia, siendo formalizada por la Fiscal\u00eda. V\u00edctima sostiene que&#8230;<\/p>\n","protected":false},"author":1,"featured_media":87374,"comment_status":"open","ping_status":"open","sticky":false,"template":"","format":"standard","meta":{"advanced_seo_description":"","jetpack_seo_html_title":"","jetpack_seo_noindex":false,"_jetpack_memberships_contains_paid_content":false,"footnotes":""},"categories":[21],"tags":[],"class_list":["post-87373","post","type-post","status-publish","format-standard","has-post-thumbnail","hentry","category-policial"],"jetpack_featured_media_url":"https:\/\/i0.wp.com\/eltrabajo.cl\/portal\/wp-content\/uploads\/2018\/07\/ROBO-CELULAR.jpg?fit=578%2C332&ssl=1","jetpack_sharing_enabled":true,"jetpack_likes_enabled":true,"jetpack-related-posts":[],"_links":{"self":[{"href":"https:\/\/eltrabajo.cl\/portal\/wp-json\/wp\/v2\/posts\/87373","targetHints":{"allow":["GET"]}}],"collection":[{"href":"https:\/\/eltrabajo.cl\/portal\/wp-json\/wp\/v2\/posts"}],"about":[{"href":"https:\/\/eltrabajo.cl\/portal\/wp-json\/wp\/v2\/types\/post"}],"author":[{"embeddable":true,"href":"https:\/\/eltrabajo.cl\/portal\/wp-json\/wp\/v2\/users\/1"}],"replies":[{"embeddable":true,"href":"https:\/\/eltrabajo.cl\/portal\/wp-json\/wp\/v2\/comments?post=87373"}],"version-history":[{"count":0,"href":"https:\/\/eltrabajo.cl\/portal\/wp-json\/wp\/v2\/posts\/87373\/revisions"}],"wp:featuredmedia":[{"embeddable":true,"href":"https:\/\/eltrabajo.cl\/portal\/wp-json\/wp\/v2\/media\/87374"}],"wp:attachment":[{"href":"https:\/\/eltrabajo.cl\/portal\/wp-json\/wp\/v2\/media?parent=87373"}],"wp:term":[{"taxonomy":"category","embeddable":true,"href":"https:\/\/eltrabajo.cl\/portal\/wp-json\/wp\/v2\/categories?post=87373"},{"taxonomy":"post_tag","embeddable":true,"href":"https:\/\/eltrabajo.cl\/portal\/wp-json\/wp\/v2\/tags?post=87373"}],"curies":[{"name":"wp","href":"https:\/\/api.w.org\/{rel}","templated":true}]}}