{"id":87381,"date":"2018-07-23T05:01:32","date_gmt":"2018-07-23T09:01:32","guid":{"rendered":"http:\/\/www.eltrabajo.cl\/2017\/?p=87381"},"modified":"2018-07-23T05:01:32","modified_gmt":"2018-07-23T09:01:32","slug":"prolongan-plazo-de-postulacion-para-optar-a-exencion-del-pago-de-aseo","status":"publish","type":"post","link":"https:\/\/eltrabajo.cl\/portal\/prolongan-plazo-de-postulacion-para-optar-a-exencion-del-pago-de-aseo\/","title":{"rendered":"Prolongan plazo de postulaci\u00f3n para optar a exenci\u00f3n del pago de aseo"},"content":{"rendered":"<figure id=\"attachment_87382\" aria-describedby=\"caption-attachment-87382\" style=\"width: 580px\" class=\"wp-caption alignnone\"><img data-recalc-dims=\"1\" loading=\"lazy\" decoding=\"async\" class=\"size-full wp-image-87382\" src=\"https:\/\/i0.wp.com\/www.eltrabajo.cl\/2017\/wp-content\/uploads\/2018\/07\/Municipalidad..jpg?resize=580%2C398\" alt=\"la Municipalidad de San Felipe prolong\u00f3 hasta el 31 de julio el plazo para postular al beneficio de exenci\u00f3n de pago de la basura.\" width=\"580\" height=\"398\" srcset=\"https:\/\/i0.wp.com\/eltrabajo.cl\/portal\/wp-content\/uploads\/2018\/07\/Municipalidad..jpg?w=580&amp;ssl=1 580w, https:\/\/i0.wp.com\/eltrabajo.cl\/portal\/wp-content\/uploads\/2018\/07\/Municipalidad..jpg?resize=200%2C137&amp;ssl=1 200w, https:\/\/i0.wp.com\/eltrabajo.cl\/portal\/wp-content\/uploads\/2018\/07\/Municipalidad..jpg?resize=300%2C206&amp;ssl=1 300w, https:\/\/i0.wp.com\/eltrabajo.cl\/portal\/wp-content\/uploads\/2018\/07\/Municipalidad..jpg?resize=219%2C150&amp;ssl=1 219w, https:\/\/i0.wp.com\/eltrabajo.cl\/portal\/wp-content\/uploads\/2018\/07\/Municipalidad..jpg?resize=400%2C274&amp;ssl=1 400w\" sizes=\"auto, (max-width: 580px) 100vw, 580px\" \/><figcaption id=\"caption-attachment-87382\" class=\"wp-caption-text\">la Municipalidad de San Felipe prolong\u00f3 hasta el 31 de julio el plazo para postular al beneficio de exenci\u00f3n de pago de la basura.<\/figcaption><\/figure>\n<ul>\n<li><span style=\"color: #ff0000;\"><strong>Hasta el 31 de julio extienden periodo:<\/strong><\/span><\/li>\n<\/ul>\n<p>Debido a la gran congesti\u00f3n, la Municipalidad de San Felipe prolong\u00f3 hasta el 31 de julio el plazo para postular al beneficio de exenci\u00f3n de pago de la basura. Como recordar\u00e1n nuestros lectores, con la nueva reevaluaci\u00f3n fiscal de los terrenos que se hizo, desde ahora en adelante la mayor\u00eda de vecinos deber\u00e1 pagar el derecho a aseo.<br \/>\nLa Ley de Rentas municipales se\u00f1ala que toda propiedad que tiene un aval\u00fao fiscal sobre las 225 UTM debe pagar aseo domiciliario, estas 225 UTM a enero de 2018 quedaron en $10.579.275, toda propiedad que tenga un aval\u00fao fiscal sobre ese monto, qued\u00f3 autom\u00e1ticamente pagando aseo, y hasta los $33.199.976.<br \/>\nAs\u00ed lo inform\u00f3 la jefe de rentas del municipio, Margarita Guerra, quien dijo que \u00aben realidad como nos congestionamos de p\u00fablico se vio y revis\u00f3 de aumentar este plazo para que las personas hagan su presentaci\u00f3n, ellos tienen que pedir una ficha en el Departamento de Rentas llenarla juntar una fotocopia de su carnet y con eso postulan\u00bb.<br \/>\n<strong>&#8211; \u00bfHay un plazo para la postulaci\u00f3n?<\/strong><br \/>\n&#8211; Este plazo venc\u00eda impostergablemente el d\u00eda 17, ahora se extendi\u00f3 hasta el d\u00eda 31 de julio. La tercera y cuarta cuota se va a cobrar en el mes de agosto, las personas que postulen a este beneficio a quedar exento en un 100% o un 50%, dependiendo de la Ficha de Protecci\u00f3n Social, ahora las personas deber\u00e1n consultar cuando se har\u00e1 la nueva postulaci\u00f3n para el pr\u00f3ximo a\u00f1o.<\/p>\n<p><span style=\"color: #ff0000;\"><strong>PARA CLASIFICAR<\/strong><\/span><br \/>\nEn cuanto a las personas beneficiadas, estas ser\u00e1n informadas por la Dideco, a trav\u00e9s de una nota o por medio de la prensa luego de analizar toda la informaci\u00f3n que se obtiene de los postulantes a este tipo de beneficio. Los interesados en postular a este beneficio de exenci\u00f3n deben retirar los formularios en la Dideco, Departamento de Rentas, la postulaci\u00f3n deben ingresarla a trav\u00e9s de la Oficina de Informaci\u00f3n Ciudadana.<br \/>\nSobre las personas que pueden acceder a este beneficio, el administrador Patricio Gonz\u00e1lez dijo que se hizo una ordenanza que clasifica a las personas con el Registro Social de Hogares y se va a geo referenciar para quienes se pueden acoger.<br \/>\nFinalmente, Gonz\u00e1lez reiter\u00f3 que el plazo es hasta el 31 de julio para que despu\u00e9s la Municipalidad de San Felipe realice un trabajo interno como es una evaluaci\u00f3n social, \u00abtodo un trabajo que nosotros hacemos internamente, pero lo bueno es que el plazo lo vamos a extender debido a las solicitudes de los vecinos que porsupuesto nosotros como municipio estamos disponibles a escuchar y resolver los problemas de ellos\u00bb, finaliz\u00f3 el administrador.<br \/>\nEl aseo se paga cuatro veces al a\u00f1o, en febrero, mayo, agosto, y la \u00faltima en noviembre. Parte de los beneficiados son mujeres, quienes deber\u00e1n ser mayores de 60 a\u00f1os y los hombres sobre 65 a\u00f1os, siempre y cuando sean jefes de hogar.<\/p>\n","protected":false},"excerpt":{"rendered":"<p>Hasta el 31 de julio extienden periodo: Debido a la gran congesti\u00f3n, la Municipalidad de San Felipe prolong\u00f3 hasta el 31 de julio el plazo para postular al beneficio de exenci\u00f3n de&#8230;<\/p>\n","protected":false},"author":1,"featured_media":87382,"comment_status":"open","ping_status":"open","sticky":false,"template":"","format":"standard","meta":{"advanced_seo_description":"","jetpack_seo_html_title":"","jetpack_seo_noindex":false,"_jetpack_memberships_contains_paid_content":false,"footnotes":""},"categories":[1],"tags":[],"class_list":["post-87381","post","type-post","status-publish","format-standard","has-post-thumbnail","hentry","category-cronica"],"jetpack_featured_media_url":"https:\/\/i0.wp.com\/eltrabajo.cl\/portal\/wp-content\/uploads\/2018\/07\/Municipalidad..jpg?fit=580%2C398&ssl=1","jetpack_sharing_enabled":true,"jetpack_likes_enabled":true,"jetpack-related-posts":[],"_links":{"self":[{"href":"https:\/\/eltrabajo.cl\/portal\/wp-json\/wp\/v2\/posts\/87381","targetHints":{"allow":["GET"]}}],"collection":[{"href":"https:\/\/eltrabajo.cl\/portal\/wp-json\/wp\/v2\/posts"}],"about":[{"href":"https:\/\/eltrabajo.cl\/portal\/wp-json\/wp\/v2\/types\/post"}],"author":[{"embeddable":true,"href":"https:\/\/eltrabajo.cl\/portal\/wp-json\/wp\/v2\/users\/1"}],"replies":[{"embeddable":true,"href":"https:\/\/eltrabajo.cl\/portal\/wp-json\/wp\/v2\/comments?post=87381"}],"version-history":[{"count":0,"href":"https:\/\/eltrabajo.cl\/portal\/wp-json\/wp\/v2\/posts\/87381\/revisions"}],"wp:featuredmedia":[{"embeddable":true,"href":"https:\/\/eltrabajo.cl\/portal\/wp-json\/wp\/v2\/media\/87382"}],"wp:attachment":[{"href":"https:\/\/eltrabajo.cl\/portal\/wp-json\/wp\/v2\/media?parent=87381"}],"wp:term":[{"taxonomy":"category","embeddable":true,"href":"https:\/\/eltrabajo.cl\/portal\/wp-json\/wp\/v2\/categories?post=87381"},{"taxonomy":"post_tag","embeddable":true,"href":"https:\/\/eltrabajo.cl\/portal\/wp-json\/wp\/v2\/tags?post=87381"}],"curies":[{"name":"wp","href":"https:\/\/api.w.org\/{rel}","templated":true}]}}