{"id":87391,"date":"2018-07-23T05:04:25","date_gmt":"2018-07-23T09:04:25","guid":{"rendered":"http:\/\/www.eltrabajo.cl\/2017\/?p=87391"},"modified":"2018-07-23T05:04:25","modified_gmt":"2018-07-23T09:04:25","slug":"nuevamente-aconcagua-amanecio-bajo-cero-y-con-escarcha","status":"publish","type":"post","link":"https:\/\/eltrabajo.cl\/portal\/nuevamente-aconcagua-amanecio-bajo-cero-y-con-escarcha\/","title":{"rendered":"Nuevamente Aconcagua amaneci\u00f3 bajo cero y con escarcha"},"content":{"rendered":"<figure id=\"attachment_87393\" aria-describedby=\"caption-attachment-87393\" style=\"width: 580px\" class=\"wp-caption alignnone\"><img data-recalc-dims=\"1\" loading=\"lazy\" decoding=\"async\" class=\"size-full wp-image-87393\" src=\"https:\/\/i0.wp.com\/www.eltrabajo.cl\/2017\/wp-content\/uploads\/2018\/07\/Escarcha1.jpg?resize=580%2C400\" alt=\"El pasto escarchado en una plazoleta de Villa El Canelo.\" width=\"580\" height=\"400\" srcset=\"https:\/\/i0.wp.com\/eltrabajo.cl\/portal\/wp-content\/uploads\/2018\/07\/Escarcha1.jpg?w=580&amp;ssl=1 580w, https:\/\/i0.wp.com\/eltrabajo.cl\/portal\/wp-content\/uploads\/2018\/07\/Escarcha1.jpg?resize=200%2C138&amp;ssl=1 200w, https:\/\/i0.wp.com\/eltrabajo.cl\/portal\/wp-content\/uploads\/2018\/07\/Escarcha1.jpg?resize=300%2C207&amp;ssl=1 300w, https:\/\/i0.wp.com\/eltrabajo.cl\/portal\/wp-content\/uploads\/2018\/07\/Escarcha1.jpg?resize=218%2C150&amp;ssl=1 218w, https:\/\/i0.wp.com\/eltrabajo.cl\/portal\/wp-content\/uploads\/2018\/07\/Escarcha1.jpg?resize=400%2C276&amp;ssl=1 400w\" sizes=\"auto, (max-width: 580px) 100vw, 580px\" \/><figcaption id=\"caption-attachment-87393\" class=\"wp-caption-text\">El pasto escarchado en una plazoleta de Villa El Canelo.<\/figcaption><\/figure>\n<ul>\n<li><span style=\"color: #ff0000;\"><strong>San Felipe y Rinconada -4,1\u00ba y -4,9:<\/strong><\/span><\/li>\n<\/ul>\n<p>Una vez m\u00e1s el Valle de Aconcagua este viernes amaneci\u00f3 bajo cero, porque San Felipe registr\u00f3 nuevamente una temperatura bajo cero como fue -4,1 grados Celsius, lo mismo ocurri\u00f3 en la comuna de Rinconada, donde se registraron -4,9 grados Celsius bajo cero.<br \/>\nAs\u00ed lo confirm\u00f3 Manuel Vicencio del twiter meteorol\u00f3gico @aconcaguaclima.<br \/>\n\u201cTal como lo indicamos en nuestra cuenta el viernes despu\u00e9s de media noche todo el Valle de Aconcagua estaba bajo y de ah\u00ed comenz\u00f3 la baja progresiva hasta llegar a la cifra de 4,1 grados bajo cero en San Felipe\u201d, indic\u00f3 Vicencio.<br \/>\n<strong>&#8211; \u00bfEsta ola de fr\u00edo contin\u00faa o ya empieza a disiparse?<\/strong><br \/>\n&#8211; Ya comienza a disiparse, esto se debi\u00f3 a una masa de aire fr\u00edo polar que alcanz\u00f3 al Valle de Aconcagua, se debi\u00f3 haber dado con mayor intensidad el d\u00eda jueves, pero por la noche del mi\u00e9rcoles ingresaron nubes que nos suavizaron un poco la situaci\u00f3n, pero en todo caso el pick de esta ola de fr\u00edo se dio la noche de viernes y madrugada del s\u00e1bado, ya para el domingo tuvimos mejores condiciones en todo el Valle de Aconcagua con temperaturas que van a estar por sobre cero, dos, tres grados sobre cero, porque ingresan nubes tambi\u00e9n a nuestro valle, pero las temperaturas fr\u00edas desaparecen y las m\u00e1ximas se ponen m\u00e1s gratas, as\u00ed es que el fr\u00edo extremo se fue hacia la Argentina, Mendoza.<br \/>\n<strong>&#8211; \u00bfPor qu\u00e9 se est\u00e1n produciendo estos cambios tan notorios de temperatura?<\/strong><br \/>\n&#8211; Justamente porque tenemos esta situaci\u00f3n an\u00f3mala, aunque dado lo habitual no son frecuentes estos ingresos de aire fr\u00edo que vienen del Polo Norte, que nos dejan estas temperaturas fr\u00edas, el a\u00f1o pasado coincidi\u00f3 por esta misma fecha una masa polar que vino del sur y despu\u00e9s entr\u00f3 un frente de nube que nos dej\u00f3 nieve, donde se juntaron los dos elementos, esto depende del desprendimiento de masas muy grandes de aire de fr\u00edo del polo, que pasan hacia el norte y nos alcanza a nosotros, eso acent\u00faa las temperaturas bajas, pero una vez que se retire esta masa tenemos el fr\u00edo normal propio de las estaciones en que estamos.<br \/>\n<strong>&#8211; \u00bfCu\u00e1ndo tendremos lluvias en la zona?<\/strong><br \/>\n&#8211; No hay en este minuto, tuvimos nos entusiasmo un pron\u00f3stico para el pr\u00f3ximo jueves, pero ha desaparecido una vez m\u00e1s, les puedo decir para esta semana muchos d\u00edas de sol a la vista.<\/p>\n<figure id=\"attachment_87392\" aria-describedby=\"caption-attachment-87392\" style=\"width: 580px\" class=\"wp-caption alignnone\"><img data-recalc-dims=\"1\" loading=\"lazy\" decoding=\"async\" class=\"size-full wp-image-87392\" src=\"https:\/\/i0.wp.com\/www.eltrabajo.cl\/2017\/wp-content\/uploads\/2018\/07\/escarcha-registros-copia-copia.jpg?resize=580%2C632\" alt=\"Registro de temperaturas m\u00ednimas en el Valle de Aconcagua.\" width=\"580\" height=\"632\" srcset=\"https:\/\/i0.wp.com\/eltrabajo.cl\/portal\/wp-content\/uploads\/2018\/07\/escarcha-registros-copia-copia.jpg?w=580&amp;ssl=1 580w, https:\/\/i0.wp.com\/eltrabajo.cl\/portal\/wp-content\/uploads\/2018\/07\/escarcha-registros-copia-copia.jpg?resize=138%2C150&amp;ssl=1 138w, https:\/\/i0.wp.com\/eltrabajo.cl\/portal\/wp-content\/uploads\/2018\/07\/escarcha-registros-copia-copia.jpg?resize=275%2C300&amp;ssl=1 275w, https:\/\/i0.wp.com\/eltrabajo.cl\/portal\/wp-content\/uploads\/2018\/07\/escarcha-registros-copia-copia.jpg?resize=400%2C436&amp;ssl=1 400w\" sizes=\"auto, (max-width: 580px) 100vw, 580px\" \/><figcaption id=\"caption-attachment-87392\" class=\"wp-caption-text\">Registro de temperaturas m\u00ednimas en el Valle de Aconcagua.<\/figcaption><\/figure>\n","protected":false},"excerpt":{"rendered":"<p>San Felipe y Rinconada -4,1\u00ba y -4,9: Una vez m\u00e1s el Valle de Aconcagua este viernes amaneci\u00f3 bajo cero, porque San Felipe registr\u00f3 nuevamente una temperatura bajo cero como fue -4,1 grados&#8230;<\/p>\n","protected":false},"author":1,"featured_media":87393,"comment_status":"open","ping_status":"open","sticky":false,"template":"","format":"standard","meta":{"advanced_seo_description":"","jetpack_seo_html_title":"","jetpack_seo_noindex":false,"_jetpack_memberships_contains_paid_content":false,"footnotes":""},"categories":[1],"tags":[],"class_list":["post-87391","post","type-post","status-publish","format-standard","has-post-thumbnail","hentry","category-cronica"],"jetpack_featured_media_url":"https:\/\/i0.wp.com\/eltrabajo.cl\/portal\/wp-content\/uploads\/2018\/07\/Escarcha1.jpg?fit=580%2C400&ssl=1","jetpack_sharing_enabled":true,"jetpack_likes_enabled":true,"jetpack-related-posts":[],"_links":{"self":[{"href":"https:\/\/eltrabajo.cl\/portal\/wp-json\/wp\/v2\/posts\/87391","targetHints":{"allow":["GET"]}}],"collection":[{"href":"https:\/\/eltrabajo.cl\/portal\/wp-json\/wp\/v2\/posts"}],"about":[{"href":"https:\/\/eltrabajo.cl\/portal\/wp-json\/wp\/v2\/types\/post"}],"author":[{"embeddable":true,"href":"https:\/\/eltrabajo.cl\/portal\/wp-json\/wp\/v2\/users\/1"}],"replies":[{"embeddable":true,"href":"https:\/\/eltrabajo.cl\/portal\/wp-json\/wp\/v2\/comments?post=87391"}],"version-history":[{"count":0,"href":"https:\/\/eltrabajo.cl\/portal\/wp-json\/wp\/v2\/posts\/87391\/revisions"}],"wp:featuredmedia":[{"embeddable":true,"href":"https:\/\/eltrabajo.cl\/portal\/wp-json\/wp\/v2\/media\/87393"}],"wp:attachment":[{"href":"https:\/\/eltrabajo.cl\/portal\/wp-json\/wp\/v2\/media?parent=87391"}],"wp:term":[{"taxonomy":"category","embeddable":true,"href":"https:\/\/eltrabajo.cl\/portal\/wp-json\/wp\/v2\/categories?post=87391"},{"taxonomy":"post_tag","embeddable":true,"href":"https:\/\/eltrabajo.cl\/portal\/wp-json\/wp\/v2\/tags?post=87391"}],"curies":[{"name":"wp","href":"https:\/\/api.w.org\/{rel}","templated":true}]}}