{"id":87398,"date":"2018-07-23T05:06:23","date_gmt":"2018-07-23T09:06:23","guid":{"rendered":"http:\/\/www.eltrabajo.cl\/2017\/?p=87398"},"modified":"2018-07-23T05:06:23","modified_gmt":"2018-07-23T09:06:23","slug":"hombre-de-53-anos-muere-en-accidente-de-transito-en-el-arrayan","status":"publish","type":"post","link":"https:\/\/eltrabajo.cl\/portal\/hombre-de-53-anos-muere-en-accidente-de-transito-en-el-arrayan\/","title":{"rendered":"Hombre de 53 a\u00f1os muere en accidente de tr\u00e1nsito en El Array\u00e1n"},"content":{"rendered":"<figure id=\"attachment_87399\" aria-describedby=\"caption-attachment-87399\" style=\"width: 580px\" class=\"wp-caption alignnone\"><img data-recalc-dims=\"1\" loading=\"lazy\" decoding=\"async\" class=\"size-full wp-image-87399\" src=\"https:\/\/i0.wp.com\/www.eltrabajo.cl\/2017\/wp-content\/uploads\/2018\/07\/ACCIDENTE-CATEMU.jpg?resize=580%2C400\" alt=\"El deceso ocurri\u00f3 pasadas las 20:00 horas de este viernes en el sector El Array\u00e1n de Catemu. (Fotograf\u00eda: @AquiCatemu.cl)\" width=\"580\" height=\"400\" srcset=\"https:\/\/i0.wp.com\/eltrabajo.cl\/portal\/wp-content\/uploads\/2018\/07\/ACCIDENTE-CATEMU.jpg?w=580&amp;ssl=1 580w, https:\/\/i0.wp.com\/eltrabajo.cl\/portal\/wp-content\/uploads\/2018\/07\/ACCIDENTE-CATEMU.jpg?resize=200%2C138&amp;ssl=1 200w, https:\/\/i0.wp.com\/eltrabajo.cl\/portal\/wp-content\/uploads\/2018\/07\/ACCIDENTE-CATEMU.jpg?resize=300%2C207&amp;ssl=1 300w, https:\/\/i0.wp.com\/eltrabajo.cl\/portal\/wp-content\/uploads\/2018\/07\/ACCIDENTE-CATEMU.jpg?resize=218%2C150&amp;ssl=1 218w, https:\/\/i0.wp.com\/eltrabajo.cl\/portal\/wp-content\/uploads\/2018\/07\/ACCIDENTE-CATEMU.jpg?resize=400%2C276&amp;ssl=1 400w\" sizes=\"auto, (max-width: 580px) 100vw, 580px\" \/><figcaption id=\"caption-attachment-87399\" class=\"wp-caption-text\">El deceso ocurri\u00f3 pasadas las 20:00 horas de este viernes en el sector El Array\u00e1n de Catemu. (Fotograf\u00eda: @AquiCatemu.cl)<\/figcaption><\/figure>\n<p><span style=\"color: #ff0000;\"><strong>Conduc\u00eda triciclo por la berma y sin iluminaci\u00f3n:<\/strong><\/span><\/p>\n<ul>\n<li><strong>Antecedentes policiales revelan que la v\u00edctima circulaba a bordo de un triciclo por la berma, siendo colisionado por un veh\u00edculo que se desplazaba por la ruta.<\/strong><\/li>\n<\/ul>\n<p>Como <strong>Alfredo Jim\u00e9nez Vargas<\/strong>, de 53 a\u00f1os de edad, fue identificada la persona fallecida a ra\u00edz de un accidente de tr\u00e1nsito ocurrido en el sector El Array\u00e1n de Catemu a eso de las 20:00 horas de este viernes.<br \/>\nSeg\u00fan informaci\u00f3n preliminar proporcionada por Carabineros, la v\u00edctima de este lamentable hecho se desplazar\u00eda a bordo de un triciclo de carga por la berma de dicha ruta, aparentemente sin ning\u00fan tipo de iluminaci\u00f3n ni luz reflectante. Por causas que se investigan este conductor habr\u00eda ingresado a la calzada, siendo colisionado por un veh\u00edculo por la ruta en el mismo sentido, origin\u00e1ndose el violento impacto que provoc\u00f3 la muerte de manera instant\u00e1nea de Jim\u00e9nez Vargas. Al lugar concurri\u00f3 personal de Carabineros, Bomberos y el Samu para asistir al lesionado, constat\u00e1ndose su deceso en el lugar de los hechos.<br \/>\nPor instrucci\u00f3n del Fiscal de Turno, se dispuso la concurrencia del personal de la Subcomisar\u00eda Investigadora de Accidentes de Tr\u00e1nsito (Siat) de Carabineros de San Felipe para la indagar sobre las causas basales de este accidente con resultado de muerte.<br \/>\nAsimismo el conductor del veh\u00edculo involucrado en este hecho qued\u00f3 en libertad a la espera de citaci\u00f3n a la Fiscal\u00eda. El cuerpo del occiso, quien registraba domicilio en la comuna de Catemu, fue levantado por personal del Servicio M\u00e9dico Legal para la correspondiente autopsia de rigor.<br \/>\n<strong>Pablo Salinas Sald\u00edas<\/strong><\/p>\n","protected":false},"excerpt":{"rendered":"<p>Conduc\u00eda triciclo por la berma y sin iluminaci\u00f3n: Antecedentes policiales revelan que la v\u00edctima circulaba a bordo de un triciclo por la berma, siendo colisionado por un veh\u00edculo que se desplazaba por&#8230;<\/p>\n","protected":false},"author":1,"featured_media":87399,"comment_status":"open","ping_status":"open","sticky":false,"template":"","format":"standard","meta":{"advanced_seo_description":"","jetpack_seo_html_title":"","jetpack_seo_noindex":false,"_jetpack_memberships_contains_paid_content":false,"footnotes":""},"categories":[21],"tags":[],"class_list":["post-87398","post","type-post","status-publish","format-standard","has-post-thumbnail","hentry","category-policial"],"jetpack_featured_media_url":"https:\/\/i0.wp.com\/eltrabajo.cl\/portal\/wp-content\/uploads\/2018\/07\/ACCIDENTE-CATEMU.jpg?fit=580%2C400&ssl=1","jetpack_sharing_enabled":true,"jetpack_likes_enabled":true,"jetpack-related-posts":[],"_links":{"self":[{"href":"https:\/\/eltrabajo.cl\/portal\/wp-json\/wp\/v2\/posts\/87398","targetHints":{"allow":["GET"]}}],"collection":[{"href":"https:\/\/eltrabajo.cl\/portal\/wp-json\/wp\/v2\/posts"}],"about":[{"href":"https:\/\/eltrabajo.cl\/portal\/wp-json\/wp\/v2\/types\/post"}],"author":[{"embeddable":true,"href":"https:\/\/eltrabajo.cl\/portal\/wp-json\/wp\/v2\/users\/1"}],"replies":[{"embeddable":true,"href":"https:\/\/eltrabajo.cl\/portal\/wp-json\/wp\/v2\/comments?post=87398"}],"version-history":[{"count":0,"href":"https:\/\/eltrabajo.cl\/portal\/wp-json\/wp\/v2\/posts\/87398\/revisions"}],"wp:featuredmedia":[{"embeddable":true,"href":"https:\/\/eltrabajo.cl\/portal\/wp-json\/wp\/v2\/media\/87399"}],"wp:attachment":[{"href":"https:\/\/eltrabajo.cl\/portal\/wp-json\/wp\/v2\/media?parent=87398"}],"wp:term":[{"taxonomy":"category","embeddable":true,"href":"https:\/\/eltrabajo.cl\/portal\/wp-json\/wp\/v2\/categories?post=87398"},{"taxonomy":"post_tag","embeddable":true,"href":"https:\/\/eltrabajo.cl\/portal\/wp-json\/wp\/v2\/tags?post=87398"}],"curies":[{"name":"wp","href":"https:\/\/api.w.org\/{rel}","templated":true}]}}