{"id":87401,"date":"2018-07-24T05:00:30","date_gmt":"2018-07-24T09:00:30","guid":{"rendered":"http:\/\/www.eltrabajo.cl\/2017\/?p=87401"},"modified":"2018-07-24T05:00:30","modified_gmt":"2018-07-24T09:00:30","slug":"desde-el-viernes-no-pagan-pensiones-por-fallas-del-sistema-en-caja-los-andes","status":"publish","type":"post","link":"https:\/\/eltrabajo.cl\/portal\/desde-el-viernes-no-pagan-pensiones-por-fallas-del-sistema-en-caja-los-andes\/","title":{"rendered":"Desde el viernes no pagan pensiones por fallas del sistema en Caja Los Andes"},"content":{"rendered":"<figure id=\"attachment_87402\" aria-describedby=\"caption-attachment-87402\" style=\"width: 580px\" class=\"wp-caption alignnone\"><img data-recalc-dims=\"1\" loading=\"lazy\" decoding=\"async\" class=\"size-full wp-image-87402\" src=\"https:\/\/i0.wp.com\/www.eltrabajo.cl\/2017\/wp-content\/uploads\/2018\/07\/Caja.jpg?resize=580%2C400\" alt=\"Caja de Compensaci\u00f3n Los Andes, sucursal de San Felipe.\" width=\"580\" height=\"400\" srcset=\"https:\/\/i0.wp.com\/eltrabajo.cl\/portal\/wp-content\/uploads\/2018\/07\/Caja.jpg?w=580&amp;ssl=1 580w, https:\/\/i0.wp.com\/eltrabajo.cl\/portal\/wp-content\/uploads\/2018\/07\/Caja.jpg?resize=200%2C138&amp;ssl=1 200w, https:\/\/i0.wp.com\/eltrabajo.cl\/portal\/wp-content\/uploads\/2018\/07\/Caja.jpg?resize=300%2C207&amp;ssl=1 300w, https:\/\/i0.wp.com\/eltrabajo.cl\/portal\/wp-content\/uploads\/2018\/07\/Caja.jpg?resize=218%2C150&amp;ssl=1 218w, https:\/\/i0.wp.com\/eltrabajo.cl\/portal\/wp-content\/uploads\/2018\/07\/Caja.jpg?resize=400%2C276&amp;ssl=1 400w\" sizes=\"auto, (max-width: 580px) 100vw, 580px\" \/><figcaption id=\"caption-attachment-87402\" class=\"wp-caption-text\">Caja de Compensaci\u00f3n Los Andes, sucursal de San Felipe.<\/figcaption><\/figure>\n<p>Demasiada molestia ha generado entre los pensionados que deben ir a cancelarse a la Caja de Compensaci\u00f3n Los Andes, porque desde el d\u00eda viernes se encuentran sin sistema para pagar las pensiones.<br \/>\nSeg\u00fan las personas afectadas, les han dado dos versiones; primero que no hab\u00eda dinero y despu\u00e9s que no hab\u00eda sistema.<br \/>\nNuestro medio, al concurrir al lugar, pudo conversar con familiares de una mujer de 87 a\u00f1os proveniente de La Troya, que era segunda vez que ven\u00eda a pagarse, sin embargo una vez m\u00e1s se fue con los bolsillos vac\u00edos.<br \/>\n\u201cDicen que no hay sistema desde el d\u00eda viernes, y no nos han pagado, hemos venido dos veces, primero dijeron que no hab\u00eda plata, ahora que no hay sistema, tuvimos que esperar un rato\u201d, dicen familiares de una pensionada de 87 a\u00f1os que vino desde La Troya.<br \/>\nPor su parte Ximena Pantoja, otra pensionada, dijo que ella fue el viernes a la Caja de Compensaci\u00f3n Los Andes a cobrar su pensi\u00f3n, encontr\u00e1ndose con un letrero en caja que dec\u00eda: \u201cEl viernes no hay pago, el lunes pago\u201d. Volvi\u00f3 el lunes y se encuentra con una fila de se\u00f1oras y caballeros mayores, verificando que las cajas estaban cerradas. Le pregunt\u00f3 al guardia, quien le respondi\u00f3 que no hab\u00eda sistema en las cajas.<br \/>\nPosteriormente pidi\u00f3 hablar con la jefa de la sucursal, la atiende una mujer de nombre Paula, quien le ratific\u00f3 lo dicho por el guardia en el sentido que no hab\u00eda sistema.<br \/>\nA ra\u00edz de esto recuerda una situaci\u00f3n vivida el viernes por una adulta mayor que no ten\u00eda dinero para regresar a su hogar: \u201cEse d\u00eda tuvimos que hacer una colecta para una se\u00f1ora mayor que ven\u00eda con su plata justa y no ten\u00eda c\u00f3mo volver a su casa, hoy d\u00eda creo que debe haber mucha gente en la misma situaci\u00f3n que est\u00e1 sentadita esperando por si acaso como una limosna, eso no es justo, yo acabo de ir a pedir una audiencia con el Gobernador porque no es posible que el adulto mayor est\u00e9 tan botado en este pa\u00eds, as\u00ed es que despu\u00e9s de esta entrevista me voy a hablar con el gobernador que se d\u00e9 una vuelta para que vea lo que est\u00e1 pasando y lo afectado que est\u00e1 la gente\u201d, finaliz\u00f3 Ximena Pantoja, una de las afectadas.<br \/>\nLa sucursal de la Caja de Compensaci\u00f3n Los Andes queda ubicada en la intersecci\u00f3n de las calles Salinas con Freire.<\/p>\n","protected":false},"excerpt":{"rendered":"<p>Demasiada molestia ha generado entre los pensionados que deben ir a cancelarse a la Caja de Compensaci\u00f3n Los Andes, porque desde el d\u00eda viernes se encuentran sin sistema para pagar las pensiones&#8230;.<\/p>\n","protected":false},"author":1,"featured_media":87402,"comment_status":"open","ping_status":"open","sticky":false,"template":"","format":"standard","meta":{"advanced_seo_description":"","jetpack_seo_html_title":"","jetpack_seo_noindex":false,"_jetpack_memberships_contains_paid_content":false,"footnotes":""},"categories":[1],"tags":[],"class_list":["post-87401","post","type-post","status-publish","format-standard","has-post-thumbnail","hentry","category-cronica"],"jetpack_featured_media_url":"https:\/\/i0.wp.com\/eltrabajo.cl\/portal\/wp-content\/uploads\/2018\/07\/Caja.jpg?fit=580%2C400&ssl=1","jetpack_sharing_enabled":true,"jetpack_likes_enabled":true,"jetpack-related-posts":[],"_links":{"self":[{"href":"https:\/\/eltrabajo.cl\/portal\/wp-json\/wp\/v2\/posts\/87401","targetHints":{"allow":["GET"]}}],"collection":[{"href":"https:\/\/eltrabajo.cl\/portal\/wp-json\/wp\/v2\/posts"}],"about":[{"href":"https:\/\/eltrabajo.cl\/portal\/wp-json\/wp\/v2\/types\/post"}],"author":[{"embeddable":true,"href":"https:\/\/eltrabajo.cl\/portal\/wp-json\/wp\/v2\/users\/1"}],"replies":[{"embeddable":true,"href":"https:\/\/eltrabajo.cl\/portal\/wp-json\/wp\/v2\/comments?post=87401"}],"version-history":[{"count":0,"href":"https:\/\/eltrabajo.cl\/portal\/wp-json\/wp\/v2\/posts\/87401\/revisions"}],"wp:featuredmedia":[{"embeddable":true,"href":"https:\/\/eltrabajo.cl\/portal\/wp-json\/wp\/v2\/media\/87402"}],"wp:attachment":[{"href":"https:\/\/eltrabajo.cl\/portal\/wp-json\/wp\/v2\/media?parent=87401"}],"wp:term":[{"taxonomy":"category","embeddable":true,"href":"https:\/\/eltrabajo.cl\/portal\/wp-json\/wp\/v2\/categories?post=87401"},{"taxonomy":"post_tag","embeddable":true,"href":"https:\/\/eltrabajo.cl\/portal\/wp-json\/wp\/v2\/tags?post=87401"}],"curies":[{"name":"wp","href":"https:\/\/api.w.org\/{rel}","templated":true}]}}