{"id":87411,"date":"2018-07-24T05:03:58","date_gmt":"2018-07-24T09:03:58","guid":{"rendered":"http:\/\/www.eltrabajo.cl\/2017\/?p=87411"},"modified":"2018-07-24T05:03:58","modified_gmt":"2018-07-24T09:03:58","slug":"municipio-se-abre-a-posibilidad-de-dejar-locomocion-colectiva-por-merced","status":"publish","type":"post","link":"https:\/\/eltrabajo.cl\/portal\/municipio-se-abre-a-posibilidad-de-dejar-locomocion-colectiva-por-merced\/","title":{"rendered":"Municipio se abre a posibilidad de dejar locomoci\u00f3n colectiva por Merced"},"content":{"rendered":"<figure id=\"attachment_83753\" aria-describedby=\"caption-attachment-83753\" style=\"width: 580px\" class=\"wp-caption alignnone\"><img data-recalc-dims=\"1\" loading=\"lazy\" decoding=\"async\" class=\"size-full wp-image-83753\" src=\"https:\/\/i0.wp.com\/www.eltrabajo.cl\/2017\/wp-content\/uploads\/2017\/12\/Iglesia_Jorge-Jara.jpg?resize=580%2C551\" alt=\"Jorge Jara, abogado del Municipio.\" width=\"580\" height=\"551\" srcset=\"https:\/\/i0.wp.com\/eltrabajo.cl\/portal\/wp-content\/uploads\/2017\/12\/Iglesia_Jorge-Jara.jpg?w=580&amp;ssl=1 580w, https:\/\/i0.wp.com\/eltrabajo.cl\/portal\/wp-content\/uploads\/2017\/12\/Iglesia_Jorge-Jara.jpg?resize=158%2C150&amp;ssl=1 158w, https:\/\/i0.wp.com\/eltrabajo.cl\/portal\/wp-content\/uploads\/2017\/12\/Iglesia_Jorge-Jara.jpg?resize=300%2C285&amp;ssl=1 300w, https:\/\/i0.wp.com\/eltrabajo.cl\/portal\/wp-content\/uploads\/2017\/12\/Iglesia_Jorge-Jara.jpg?resize=400%2C380&amp;ssl=1 400w\" sizes=\"auto, (max-width: 580px) 100vw, 580px\" \/><figcaption id=\"caption-attachment-83753\" class=\"wp-caption-text\">Alcalde (s) Jorge Jara, abogado del Municipio.<\/figcaption><\/figure>\n<p>El alcalde subrogante de San Felipe, Jorge Jara Catal\u00e1n, reconoci\u00f3 que el trazado de la locomoci\u00f3n colectiva puede mantenerse por calle Merced, esto a ra\u00edz que el plan maestro de gesti\u00f3n de tr\u00e1nsito indica que este tipo de veh\u00edculos deber\u00e1n pasar por Freire.<br \/>\nEn conversaci\u00f3n con Radio Aconcagua, Jara indic\u00f3 adem\u00e1s que la puesta en marcha de este plan debiera ser en el \u00faltimo trimestre de este a\u00f1o.<br \/>\nEn cuanto a la ubicaci\u00f3n de los terminales, en este caso los dos de colectivos ubicados en Merced, son un tema que resuelve el Concejo Municipal: \u201cJunto con la determinaci\u00f3n de los circuitos de tr\u00e1nsito de la locomoci\u00f3n colectiva es un tema que lo resuelve el concejo, ojo, no es intervenci\u00f3n directa solamente del alcalde. Yo espero que se encuentre una buena soluci\u00f3n y se permita acoplar ese tipo de temas con las necesidades que genera el plan de gesti\u00f3n de tr\u00e1nsito que est\u00e1 en desarrollo\u201d, se\u00f1al\u00f3 Jara.<br \/>\n<strong>&#8211; \u00bfSe puede modificar el trazado y que la locomoci\u00f3n colectiva siga pasando por Merced?, teniendo presente que el plan maestro indica un cambio hacia Freire donde hay varios colegios que pueden producir cogesti\u00f3n.<\/strong><br \/>\n&#8211; S\u00ed claro, se puede cambiar, yo en esa materia sugiero a aquellos vecinos que est\u00e1n interesados, aunque sean simples vecinos que no tengan empresas de locomoci\u00f3n colectiva u otro, a los dirigentes de los gremios que tienen intervenci\u00f3n, se acerquen al municipio, que planteen sus inquietudes al interior de la Comisi\u00f3n de Tr\u00e1nsito del Concejo o pidan una audiencia con el alcalde o sean recibidos, en todo caso se han hecho varias reuniones, yo he participado en al menos dos y ese tema es posible revisarlo; aqu\u00ed no hay temas tab\u00fa ni verdades sacrosanta. Yo creo que si los interesados logran exponer con seriedad e idoneidad los argumentos t\u00e9cnicos que amparan sus reclamos, sus peticiones, obviamente se puede revisar lo que se est\u00e1 haciendo.<br \/>\n<strong>&#8211; \u00bfSe sabe ya cu\u00e1ndo podr\u00eda estar funcionando el plan maestro de gesti\u00f3n de tr\u00e1nsito?<\/strong><br \/>\n&#8211; Entiendo que este sistema debiera estar operando en el \u00faltimo trimestre del presente a\u00f1o, esa es la idea del programa, de manera que va a traer complicaciones obviamente uno que est\u00e1 acostumbrado cuarenta, cincuenta a\u00f1os a manejar por las mismas calles, y que un d\u00eda para otro le cambien el sentido del tr\u00e1nsito no es una cuesti\u00f3n menor. Va a haber que tener extremo cuidado en educar a la gente, hacer una campa\u00f1a potente y desplegar todos los elementos publicitarios que sean necesarios para que la comunidad se pueda adaptar a esta nueva realidad que va a generar beneficios; acortamiento de los tiempos en los desplazamientos, estas nuevas v\u00edas van a contribuir a aquello, vamos a tener una ciudad m\u00e1s amigable.<br \/>\nD\u00edas atr\u00e1s el presidente del Consejo Superior de Taxis Colectivos que agrupa a cinco l\u00edneas, Manuel Carvallo, pidi\u00f3 p\u00fablicamente a trav\u00e9s de Diario El Trabajo que la locomoci\u00f3n colectiva se mantuviera por Merced porque en Freire hay cinco colegios que pueden ocasionar congesti\u00f3n.<br \/>\nTambi\u00e9n coment\u00f3 en esa entrevista que ante la posibilidad de dejar que taxis colectivos que prestan servicio rural sigan pasando por Merced, producto que sus terminales se encuentran en esta arteria, la posici\u00f3n del gremio es que si van a haber l\u00edneas que pasen por Merced, deber\u00edan ser todas y no solo algunas, en este caso las que tienen sus terminales en Merced.<\/p>\n<figure id=\"attachment_87412\" aria-describedby=\"caption-attachment-87412\" style=\"width: 580px\" class=\"wp-caption alignnone\"><img data-recalc-dims=\"1\" loading=\"lazy\" decoding=\"async\" class=\"size-full wp-image-87412\" src=\"https:\/\/i0.wp.com\/www.eltrabajo.cl\/2017\/wp-content\/uploads\/2018\/07\/Merced.jpg?resize=580%2C399\" alt=\"Por esta calle se pretende que sigan circulando veh\u00edculos de locomoci\u00f3n colectiva.\" width=\"580\" height=\"399\" srcset=\"https:\/\/i0.wp.com\/eltrabajo.cl\/portal\/wp-content\/uploads\/2018\/07\/Merced.jpg?w=580&amp;ssl=1 580w, https:\/\/i0.wp.com\/eltrabajo.cl\/portal\/wp-content\/uploads\/2018\/07\/Merced.jpg?resize=200%2C138&amp;ssl=1 200w, https:\/\/i0.wp.com\/eltrabajo.cl\/portal\/wp-content\/uploads\/2018\/07\/Merced.jpg?resize=300%2C206&amp;ssl=1 300w, https:\/\/i0.wp.com\/eltrabajo.cl\/portal\/wp-content\/uploads\/2018\/07\/Merced.jpg?resize=218%2C150&amp;ssl=1 218w, https:\/\/i0.wp.com\/eltrabajo.cl\/portal\/wp-content\/uploads\/2018\/07\/Merced.jpg?resize=400%2C275&amp;ssl=1 400w\" sizes=\"auto, (max-width: 580px) 100vw, 580px\" \/><figcaption id=\"caption-attachment-87412\" class=\"wp-caption-text\">Por esta calle se pretende que sigan circulando veh\u00edculos de locomoci\u00f3n colectiva.<\/figcaption><\/figure>\n","protected":false},"excerpt":{"rendered":"<p>El alcalde subrogante de San Felipe, Jorge Jara Catal\u00e1n, reconoci\u00f3 que el trazado de la locomoci\u00f3n colectiva puede mantenerse por calle Merced, esto a ra\u00edz que el plan maestro de gesti\u00f3n de&#8230;<\/p>\n","protected":false},"author":1,"featured_media":87412,"comment_status":"open","ping_status":"open","sticky":false,"template":"","format":"standard","meta":{"advanced_seo_description":"","jetpack_seo_html_title":"","jetpack_seo_noindex":false,"_jetpack_memberships_contains_paid_content":false,"footnotes":""},"categories":[1],"tags":[],"class_list":["post-87411","post","type-post","status-publish","format-standard","has-post-thumbnail","hentry","category-cronica"],"jetpack_featured_media_url":"https:\/\/i0.wp.com\/eltrabajo.cl\/portal\/wp-content\/uploads\/2018\/07\/Merced.jpg?fit=580%2C399&ssl=1","jetpack_sharing_enabled":true,"jetpack_likes_enabled":true,"jetpack-related-posts":[],"_links":{"self":[{"href":"https:\/\/eltrabajo.cl\/portal\/wp-json\/wp\/v2\/posts\/87411","targetHints":{"allow":["GET"]}}],"collection":[{"href":"https:\/\/eltrabajo.cl\/portal\/wp-json\/wp\/v2\/posts"}],"about":[{"href":"https:\/\/eltrabajo.cl\/portal\/wp-json\/wp\/v2\/types\/post"}],"author":[{"embeddable":true,"href":"https:\/\/eltrabajo.cl\/portal\/wp-json\/wp\/v2\/users\/1"}],"replies":[{"embeddable":true,"href":"https:\/\/eltrabajo.cl\/portal\/wp-json\/wp\/v2\/comments?post=87411"}],"version-history":[{"count":0,"href":"https:\/\/eltrabajo.cl\/portal\/wp-json\/wp\/v2\/posts\/87411\/revisions"}],"wp:featuredmedia":[{"embeddable":true,"href":"https:\/\/eltrabajo.cl\/portal\/wp-json\/wp\/v2\/media\/87412"}],"wp:attachment":[{"href":"https:\/\/eltrabajo.cl\/portal\/wp-json\/wp\/v2\/media?parent=87411"}],"wp:term":[{"taxonomy":"category","embeddable":true,"href":"https:\/\/eltrabajo.cl\/portal\/wp-json\/wp\/v2\/categories?post=87411"},{"taxonomy":"post_tag","embeddable":true,"href":"https:\/\/eltrabajo.cl\/portal\/wp-json\/wp\/v2\/tags?post=87411"}],"curies":[{"name":"wp","href":"https:\/\/api.w.org\/{rel}","templated":true}]}}