{"id":87414,"date":"2018-07-24T05:04:38","date_gmt":"2018-07-24T09:04:38","guid":{"rendered":"http:\/\/www.eltrabajo.cl\/2017\/?p=87414"},"modified":"2018-07-24T05:04:38","modified_gmt":"2018-07-24T09:04:38","slug":"jorge-ovalle-descollo-en-un-torneo-en-arica","status":"publish","type":"post","link":"https:\/\/eltrabajo.cl\/portal\/jorge-ovalle-descollo-en-un-torneo-en-arica\/","title":{"rendered":"Jorge Ovalle descoll\u00f3 en un torneo en Arica"},"content":{"rendered":"<figure id=\"attachment_87415\" aria-describedby=\"caption-attachment-87415\" style=\"width: 580px\" class=\"wp-caption alignnone\"><img data-recalc-dims=\"1\" loading=\"lazy\" decoding=\"async\" class=\"size-full wp-image-87415\" src=\"https:\/\/i0.wp.com\/www.eltrabajo.cl\/2017\/wp-content\/uploads\/2018\/07\/jorge-ovalle-en-arica.jpg?resize=580%2C400\" alt=\"Jorge Ovalle gan\u00f3 en total cinco medallas en el torneo de Integraci\u00f3n que se realiz\u00f3 en Arica.\" width=\"580\" height=\"400\" srcset=\"https:\/\/i0.wp.com\/eltrabajo.cl\/portal\/wp-content\/uploads\/2018\/07\/jorge-ovalle-en-arica.jpg?w=580&amp;ssl=1 580w, https:\/\/i0.wp.com\/eltrabajo.cl\/portal\/wp-content\/uploads\/2018\/07\/jorge-ovalle-en-arica.jpg?resize=200%2C138&amp;ssl=1 200w, https:\/\/i0.wp.com\/eltrabajo.cl\/portal\/wp-content\/uploads\/2018\/07\/jorge-ovalle-en-arica.jpg?resize=300%2C207&amp;ssl=1 300w, https:\/\/i0.wp.com\/eltrabajo.cl\/portal\/wp-content\/uploads\/2018\/07\/jorge-ovalle-en-arica.jpg?resize=218%2C150&amp;ssl=1 218w, https:\/\/i0.wp.com\/eltrabajo.cl\/portal\/wp-content\/uploads\/2018\/07\/jorge-ovalle-en-arica.jpg?resize=400%2C276&amp;ssl=1 400w\" sizes=\"auto, (max-width: 580px) 100vw, 580px\" \/><figcaption id=\"caption-attachment-87415\" class=\"wp-caption-text\">Jorge Ovalle gan\u00f3 en total cinco medallas en el torneo de Integraci\u00f3n que se realiz\u00f3 en Arica.<\/figcaption><\/figure>\n<p>Entre los d\u00edas 21 y 22 del presente mes, en el estadio Carlos Dittborn en la ciudad de Arica, se realiz\u00f3 el torneo de Integraci\u00f3n, cita deportiva internacional en la cual intervinieron m\u00e1s de 500 atletas de Ecuador, Bolivia, Argentina, Uruguay, Per\u00fa, Venezuela y Chile.<br \/>\nEn el importante evento que para varios de sus competidores se convirti\u00f3 en el examen previo para lo que ser\u00e1 el Mundial M\u00e1ster de M\u00e1laga, en Espa\u00f1a, el lanzador sanfelipe\u00f1o Jorge Ovalle, cumpli\u00f3 otra extraordinaria presentaci\u00f3n al lograr dos platas y tres bronces. \u201cPuedo decir que estoy satisfecho y orgulloso por lo que hice ya que compet\u00ed contra lanzadores de niveles muy altos\u201d, coment\u00f3 Jorge Ovalle a El Trabajo Deportivo.<br \/>\nEl lanzador aconcag\u00fcino obtuvo medallas de plata en el lanzamiento del Martillo y la Bala, mientras que fue tercero en la Jabalina, Disco y Martellete, en presentaciones que no hicieron m\u00e1s que confirmar que est\u00e1 pasando por el mejor momento de su carrera como deportista. \u201cAhora comenzar\u00e9 a pensar en lo que ser\u00e1 mi incursi\u00f3n en un campeonato en Per\u00fa, y el Nacional de Chile\u201d, coment\u00f3 el atleta.<\/p>\n","protected":false},"excerpt":{"rendered":"<p>Entre los d\u00edas 21 y 22 del presente mes, en el estadio Carlos Dittborn en la ciudad de Arica, se realiz\u00f3 el torneo de Integraci\u00f3n, cita deportiva internacional en la cual intervinieron&#8230;<\/p>\n","protected":false},"author":1,"featured_media":87415,"comment_status":"open","ping_status":"open","sticky":false,"template":"","format":"standard","meta":{"advanced_seo_description":"","jetpack_seo_html_title":"","jetpack_seo_noindex":false,"_jetpack_memberships_contains_paid_content":false,"footnotes":""},"categories":[19],"tags":[],"class_list":["post-87414","post","type-post","status-publish","format-standard","has-post-thumbnail","hentry","category-deportes"],"jetpack_featured_media_url":"https:\/\/i0.wp.com\/eltrabajo.cl\/portal\/wp-content\/uploads\/2018\/07\/jorge-ovalle-en-arica.jpg?fit=580%2C400&ssl=1","jetpack_sharing_enabled":true,"jetpack_likes_enabled":true,"jetpack-related-posts":[],"_links":{"self":[{"href":"https:\/\/eltrabajo.cl\/portal\/wp-json\/wp\/v2\/posts\/87414","targetHints":{"allow":["GET"]}}],"collection":[{"href":"https:\/\/eltrabajo.cl\/portal\/wp-json\/wp\/v2\/posts"}],"about":[{"href":"https:\/\/eltrabajo.cl\/portal\/wp-json\/wp\/v2\/types\/post"}],"author":[{"embeddable":true,"href":"https:\/\/eltrabajo.cl\/portal\/wp-json\/wp\/v2\/users\/1"}],"replies":[{"embeddable":true,"href":"https:\/\/eltrabajo.cl\/portal\/wp-json\/wp\/v2\/comments?post=87414"}],"version-history":[{"count":0,"href":"https:\/\/eltrabajo.cl\/portal\/wp-json\/wp\/v2\/posts\/87414\/revisions"}],"wp:featuredmedia":[{"embeddable":true,"href":"https:\/\/eltrabajo.cl\/portal\/wp-json\/wp\/v2\/media\/87415"}],"wp:attachment":[{"href":"https:\/\/eltrabajo.cl\/portal\/wp-json\/wp\/v2\/media?parent=87414"}],"wp:term":[{"taxonomy":"category","embeddable":true,"href":"https:\/\/eltrabajo.cl\/portal\/wp-json\/wp\/v2\/categories?post=87414"},{"taxonomy":"post_tag","embeddable":true,"href":"https:\/\/eltrabajo.cl\/portal\/wp-json\/wp\/v2\/tags?post=87414"}],"curies":[{"name":"wp","href":"https:\/\/api.w.org\/{rel}","templated":true}]}}