{"id":87434,"date":"2018-07-25T05:00:35","date_gmt":"2018-07-25T09:00:35","guid":{"rendered":"http:\/\/www.eltrabajo.cl\/2017\/?p=87434"},"modified":"2018-07-25T05:00:35","modified_gmt":"2018-07-25T09:00:35","slug":"presentan-programa-de-actividades-de-celebracion-278-anos-de-san-felipe","status":"publish","type":"post","link":"https:\/\/eltrabajo.cl\/portal\/presentan-programa-de-actividades-de-celebracion-278-anos-de-san-felipe\/","title":{"rendered":"Presentan programa de actividades de celebraci\u00f3n 278 a\u00f1os de San Felipe"},"content":{"rendered":"<figure id=\"attachment_87435\" aria-describedby=\"caption-attachment-87435\" style=\"width: 577px\" class=\"wp-caption alignnone\"><img data-recalc-dims=\"1\" loading=\"lazy\" decoding=\"async\" class=\"size-full wp-image-87435\" src=\"https:\/\/i0.wp.com\/www.eltrabajo.cl\/2017\/wp-content\/uploads\/2018\/07\/jorge-jara.jpg?resize=577%2C400\" alt=\"El  alcalde (s) Jorge Jara, invit\u00f3 a la comunidad a hacerse part\u00edcipe de estas actividades que se extender\u00e1n durante todo el mes de agosto.\" width=\"577\" height=\"400\" srcset=\"https:\/\/i0.wp.com\/eltrabajo.cl\/portal\/wp-content\/uploads\/2018\/07\/jorge-jara.jpg?w=577&amp;ssl=1 577w, https:\/\/i0.wp.com\/eltrabajo.cl\/portal\/wp-content\/uploads\/2018\/07\/jorge-jara.jpg?resize=200%2C139&amp;ssl=1 200w, https:\/\/i0.wp.com\/eltrabajo.cl\/portal\/wp-content\/uploads\/2018\/07\/jorge-jara.jpg?resize=300%2C208&amp;ssl=1 300w, https:\/\/i0.wp.com\/eltrabajo.cl\/portal\/wp-content\/uploads\/2018\/07\/jorge-jara.jpg?resize=216%2C150&amp;ssl=1 216w, https:\/\/i0.wp.com\/eltrabajo.cl\/portal\/wp-content\/uploads\/2018\/07\/jorge-jara.jpg?resize=400%2C277&amp;ssl=1 400w\" sizes=\"auto, (max-width: 577px) 100vw, 577px\" \/><figcaption id=\"caption-attachment-87435\" class=\"wp-caption-text\">El alcalde (s) Jorge Jara, invit\u00f3 a la comunidad a hacerse part\u00edcipe de estas actividades que se extender\u00e1n durante todo el mes de agosto.<\/figcaption><\/figure>\n<p>M\u00e1s de 60 iniciativas se llevar\u00e1n a cabo durante todo el mes de agosto, donde destacan los actos c\u00edvicos militares, actividades deportivas, culturales y un evento especial para celebrar el D\u00eda del Ni\u00f1o.<br \/>\nUn interesante y nutrido programa prepar\u00f3 el municipio de San Felipe para celebrar junto a todos los vecinos el aniversario 278 de la ciudad. Por ello, este martes, el alcalde (s) Jorge Jara, a trav\u00e9s de una conferencia de prensa, invit\u00f3 a la comunidad a hacerse part\u00edcipe de estas actividades que iniciar\u00e1n los d\u00edas 1, 2 y 3 de agosto con los tradicionales actos c\u00edvico militar en las localidades de Curim\u00f3n, 21 de Mayo y en la Plaza de Armas, respectivamente.<br \/>\nA esta solemne tradici\u00f3n tambi\u00e9n se suman m\u00e1s de 60 eventos, para todos los gustos, donde se espera contar con la participaci\u00f3n masiva de las familias de la ciudad.<br \/>\n\u00abTenemos un programa muy abultado, muy masivo. Por ello nuestro alcalde Freire y el Concejo Municipal invitan a participar a m\u00e1s de las 60 actividades que preparamos y esperamos la participaci\u00f3n de todos nuestros vecinos. Adem\u00e1s de las actos c\u00edvicos militares, tambi\u00e9n el Te Deum en nuestra Catedral, pero junto con ello, tenemos una serie de iniciativas, muchas de ellas pocas veces vistas en la comuna, teniendo inauguraciones de obras, actos l\u00edricos y por supuesto nuestra ceremonia de distinciones para aquellas personalidades que son reconocidas que han valorado su trabajo, vocaci\u00f3n de servicio y emprendimiento al desarrollo de la ciudad\u00bb, resalt\u00f3 Jara.<br \/>\nEl domingo 12 se realizar\u00e1 la celebraci\u00f3n del D\u00eda del Ni\u00f1o, a partir de las 10.00 de la ma\u00f1ana, con una serie de espect\u00e1culos, juegos y sorpresas para divertir a los m\u00e1s peque\u00f1os de la casa.<br \/>\nJunto con ello, hay una serie de iniciativas deportivas impulsadas por el departamento de deportes y la mesa promoci\u00f3n de la salud, con la realizaci\u00f3n de trekking, corridas y cicletadas por diversos sectores de la comuna.<br \/>\n\u00abEs tradicional que a esta fiesta participen muchas personas, tanto ni\u00f1os como adultos mayores. La idea es que todos participemos con mucho entusiasmo. No s\u00f3lo hay actividades protocolares, sino que tambi\u00e9n se han agregado actividades culturales y deportivas que todos nuestros vecinos esperan con inter\u00e9s\u00bb, indic\u00f3.<br \/>\nEn tanto, el martes 28, a las 19.30 horas, se jugar\u00e1 una nueva versi\u00f3n de la Copa Aniversario Ciudad de San Felipe Hijo Ilustre \u2018Javier Mu\u00f1oz Delgado\u2019, en honor al querido comunicador. Este evento se realiza en conjunto con el Canal del F\u00fatbol (CDF).<br \/>\nToda la programaci\u00f3n puede encontrar en las redes sociales de la Municipalidad de San Felipe (facebook: Municipalidad de San Felipe, Twitter: @munisanfelipe) y en la p\u00e1gina web www.munisanfelipe.cl.<\/p>\n","protected":false},"excerpt":{"rendered":"<p>M\u00e1s de 60 iniciativas se llevar\u00e1n a cabo durante todo el mes de agosto, donde destacan los actos c\u00edvicos militares, actividades deportivas, culturales y un evento especial para celebrar el D\u00eda del&#8230;<\/p>\n","protected":false},"author":1,"featured_media":87435,"comment_status":"open","ping_status":"open","sticky":false,"template":"","format":"standard","meta":{"advanced_seo_description":"","jetpack_seo_html_title":"","jetpack_seo_noindex":false,"_jetpack_memberships_contains_paid_content":false,"footnotes":""},"categories":[1],"tags":[],"class_list":["post-87434","post","type-post","status-publish","format-standard","has-post-thumbnail","hentry","category-cronica"],"jetpack_featured_media_url":"https:\/\/i0.wp.com\/eltrabajo.cl\/portal\/wp-content\/uploads\/2018\/07\/jorge-jara.jpg?fit=577%2C400&ssl=1","jetpack_sharing_enabled":true,"jetpack_likes_enabled":true,"jetpack-related-posts":[],"_links":{"self":[{"href":"https:\/\/eltrabajo.cl\/portal\/wp-json\/wp\/v2\/posts\/87434","targetHints":{"allow":["GET"]}}],"collection":[{"href":"https:\/\/eltrabajo.cl\/portal\/wp-json\/wp\/v2\/posts"}],"about":[{"href":"https:\/\/eltrabajo.cl\/portal\/wp-json\/wp\/v2\/types\/post"}],"author":[{"embeddable":true,"href":"https:\/\/eltrabajo.cl\/portal\/wp-json\/wp\/v2\/users\/1"}],"replies":[{"embeddable":true,"href":"https:\/\/eltrabajo.cl\/portal\/wp-json\/wp\/v2\/comments?post=87434"}],"version-history":[{"count":0,"href":"https:\/\/eltrabajo.cl\/portal\/wp-json\/wp\/v2\/posts\/87434\/revisions"}],"wp:featuredmedia":[{"embeddable":true,"href":"https:\/\/eltrabajo.cl\/portal\/wp-json\/wp\/v2\/media\/87435"}],"wp:attachment":[{"href":"https:\/\/eltrabajo.cl\/portal\/wp-json\/wp\/v2\/media?parent=87434"}],"wp:term":[{"taxonomy":"category","embeddable":true,"href":"https:\/\/eltrabajo.cl\/portal\/wp-json\/wp\/v2\/categories?post=87434"},{"taxonomy":"post_tag","embeddable":true,"href":"https:\/\/eltrabajo.cl\/portal\/wp-json\/wp\/v2\/tags?post=87434"}],"curies":[{"name":"wp","href":"https:\/\/api.w.org\/{rel}","templated":true}]}}