{"id":87451,"date":"2018-07-25T05:04:47","date_gmt":"2018-07-25T09:04:47","guid":{"rendered":"http:\/\/www.eltrabajo.cl\/2017\/?p=87451"},"modified":"2018-07-25T05:04:47","modified_gmt":"2018-07-25T09:04:47","slug":"empresa-noval-debe-reparar-fallas-o-se-cobraran-las-boletas-de-garantia","status":"publish","type":"post","link":"https:\/\/eltrabajo.cl\/portal\/empresa-noval-debe-reparar-fallas-o-se-cobraran-las-boletas-de-garantia\/","title":{"rendered":"Empresa Noval debe reparar fallas o se cobrar\u00e1n las boletas de garant\u00eda"},"content":{"rendered":"<figure id=\"attachment_87452\" aria-describedby=\"caption-attachment-87452\" style=\"width: 580px\" class=\"wp-caption alignnone\"><img data-recalc-dims=\"1\" loading=\"lazy\" decoding=\"async\" class=\"size-full wp-image-87452\" src=\"https:\/\/i0.wp.com\/www.eltrabajo.cl\/2017\/wp-content\/uploads\/2018\/07\/Torres-1.jpg?resize=580%2C400\" alt=\"Miguel Torres junto a su vecina Beatriz en el condominio Peumay\u00e9n.\" width=\"580\" height=\"400\" srcset=\"https:\/\/i0.wp.com\/eltrabajo.cl\/portal\/wp-content\/uploads\/2018\/07\/Torres-1.jpg?w=580&amp;ssl=1 580w, https:\/\/i0.wp.com\/eltrabajo.cl\/portal\/wp-content\/uploads\/2018\/07\/Torres-1.jpg?resize=200%2C138&amp;ssl=1 200w, https:\/\/i0.wp.com\/eltrabajo.cl\/portal\/wp-content\/uploads\/2018\/07\/Torres-1.jpg?resize=300%2C207&amp;ssl=1 300w, https:\/\/i0.wp.com\/eltrabajo.cl\/portal\/wp-content\/uploads\/2018\/07\/Torres-1.jpg?resize=218%2C150&amp;ssl=1 218w, https:\/\/i0.wp.com\/eltrabajo.cl\/portal\/wp-content\/uploads\/2018\/07\/Torres-1.jpg?resize=400%2C276&amp;ssl=1 400w\" sizes=\"auto, (max-width: 580px) 100vw, 580px\" \/><figcaption id=\"caption-attachment-87452\" class=\"wp-caption-text\">Miguel Torres junto a su vecina Beatriz en el condominio Peumay\u00e9n.<\/figcaption><\/figure>\n<p><span style=\"color: #ff0000;\"><strong>Tras denuncia de vecinos de condominio Peumay\u00e9n:<\/strong><\/span><\/p>\n<ul>\n<li><strong>Este 31 de julio representantes de la empresa deber\u00e1n efectuar un catastro de los problemas que presentan viviendas para solucionarlos.<\/strong><\/li>\n<\/ul>\n<p>Este lunes y como estaba programado, se realiz\u00f3 en dependencias de la municipalidad de San Felipe la reuni\u00f3n por los problemas de construcci\u00f3n que presentaban las viviendas del Condominio Peumay\u00e9n, que re\u00fane en su gran mayor\u00eda a los estafados por la ex-Egis Daniela, estableciendo que el d\u00eda 31 de julio la empresa Noval realizar\u00e1 un catastro con todos los problemas que presentan las viviendas, de lo contrario se har\u00e1 uso de las boletas de garant\u00eda.<br \/>\nLo anterior debido al reclamo p\u00fablico que hicieron a trav\u00e9s de nuestro medio los propios vecinos afectados por distintos problemas que en total suman unos 52 detalles que fueron expuestos en la cita.<br \/>\nMiguel Torres, dirigente del Condominio, dijo que estaban muy contentos de sostener esta reuni\u00f3n, pese a que fue luego de llamar a la prensa, algo que no deb\u00eda haber ocurrido: \u201cPero lo bueno es que tuvimos mucho apoyo de las autoridades porque estaba un poco tensa la reuni\u00f3n, porque no hab\u00edan soluciones. A la empresa se le dio su oportunidad que solucionaran los problemas a la gente, como son ventanales, tina, calef\u00f3n, chapas de las puertas que est\u00e1n descuadradas, los mismos ventanales y no hab\u00edan soluciones para la gente. Llevamos dos meses con este problema y nada, ayer (lunes) llev\u00e9 anotados 52 detalles con documentos en mano\u201d, dijo Torres.<br \/>\nEn definitiva, si la empresa no les soluciona sus problemas, har\u00e1n uso de las boletas de garant\u00eda, eso significa en la pr\u00e1ctica que con ese dinero los vecinos podr\u00e1n arreglar sus casas.<\/p>\n<p><span style=\"color: #ff0000;\"><strong>PLAZO FATAL<\/strong><\/span><br \/>\n\u201cEl d\u00eda 31 de julio ellos vendr\u00e1n a realizar un catastro de los problemas m\u00e1s graves que son techos, ellos deben decir cu\u00e1nto se van a demorar en eso; despu\u00e9s vienen los ventanales, despu\u00e9s vienen las llaves, es decir las soluciones van a ser ahora ya, porque no quisimos dar m\u00e1s tiempo que el martes, si ellos no vienen el martes 31 de julio, el 01 de agosto se ocupan las boletas de garant\u00eda\u201d, sostuvo Torres.<br \/>\nAl finalizar dijo que desde la empresa ser\u00e1 el gerente quien visitar\u00e1 las casas para efectuar el registro de todas las fallas que tienen las viviendas.<\/p>\n","protected":false},"excerpt":{"rendered":"<p>Tras denuncia de vecinos de condominio Peumay\u00e9n: Este 31 de julio representantes de la empresa deber\u00e1n efectuar un catastro de los problemas que presentan viviendas para solucionarlos. Este lunes y como estaba&#8230;<\/p>\n","protected":false},"author":1,"featured_media":87452,"comment_status":"open","ping_status":"open","sticky":false,"template":"","format":"standard","meta":{"advanced_seo_description":"","jetpack_seo_html_title":"","jetpack_seo_noindex":false,"_jetpack_memberships_contains_paid_content":false,"footnotes":""},"categories":[1],"tags":[],"class_list":["post-87451","post","type-post","status-publish","format-standard","has-post-thumbnail","hentry","category-cronica"],"jetpack_featured_media_url":"https:\/\/i0.wp.com\/eltrabajo.cl\/portal\/wp-content\/uploads\/2018\/07\/Torres-1.jpg?fit=580%2C400&ssl=1","jetpack_sharing_enabled":true,"jetpack_likes_enabled":true,"jetpack-related-posts":[],"_links":{"self":[{"href":"https:\/\/eltrabajo.cl\/portal\/wp-json\/wp\/v2\/posts\/87451","targetHints":{"allow":["GET"]}}],"collection":[{"href":"https:\/\/eltrabajo.cl\/portal\/wp-json\/wp\/v2\/posts"}],"about":[{"href":"https:\/\/eltrabajo.cl\/portal\/wp-json\/wp\/v2\/types\/post"}],"author":[{"embeddable":true,"href":"https:\/\/eltrabajo.cl\/portal\/wp-json\/wp\/v2\/users\/1"}],"replies":[{"embeddable":true,"href":"https:\/\/eltrabajo.cl\/portal\/wp-json\/wp\/v2\/comments?post=87451"}],"version-history":[{"count":0,"href":"https:\/\/eltrabajo.cl\/portal\/wp-json\/wp\/v2\/posts\/87451\/revisions"}],"wp:featuredmedia":[{"embeddable":true,"href":"https:\/\/eltrabajo.cl\/portal\/wp-json\/wp\/v2\/media\/87452"}],"wp:attachment":[{"href":"https:\/\/eltrabajo.cl\/portal\/wp-json\/wp\/v2\/media?parent=87451"}],"wp:term":[{"taxonomy":"category","embeddable":true,"href":"https:\/\/eltrabajo.cl\/portal\/wp-json\/wp\/v2\/categories?post=87451"},{"taxonomy":"post_tag","embeddable":true,"href":"https:\/\/eltrabajo.cl\/portal\/wp-json\/wp\/v2\/tags?post=87451"}],"curies":[{"name":"wp","href":"https:\/\/api.w.org\/{rel}","templated":true}]}}