{"id":87458,"date":"2018-07-25T05:06:58","date_gmt":"2018-07-25T09:06:58","guid":{"rendered":"http:\/\/www.eltrabajo.cl\/2017\/?p=87458"},"modified":"2018-07-25T05:06:58","modified_gmt":"2018-07-25T09:06:58","slug":"concejal-sabaj-cuestiona-apoyo-de-asemuch-al-administrador-municipal","status":"publish","type":"post","link":"https:\/\/eltrabajo.cl\/portal\/concejal-sabaj-cuestiona-apoyo-de-asemuch-al-administrador-municipal\/","title":{"rendered":"Concejal Sabaj cuestiona apoyo de Asemuch al Administrador Municipal"},"content":{"rendered":"<figure id=\"attachment_87459\" aria-describedby=\"caption-attachment-87459\" style=\"width: 580px\" class=\"wp-caption alignnone\"><img data-recalc-dims=\"1\" loading=\"lazy\" decoding=\"async\" class=\"size-full wp-image-87459\" src=\"https:\/\/i0.wp.com\/www.eltrabajo.cl\/2017\/wp-content\/uploads\/2018\/07\/Sabaj.jpg?resize=580%2C400\" alt=\"Concejal Juan Carlos Sabaj en el momento que hace uso de la palabra y cuestiona apoyo.\" width=\"580\" height=\"400\" srcset=\"https:\/\/i0.wp.com\/eltrabajo.cl\/portal\/wp-content\/uploads\/2018\/07\/Sabaj.jpg?w=580&amp;ssl=1 580w, https:\/\/i0.wp.com\/eltrabajo.cl\/portal\/wp-content\/uploads\/2018\/07\/Sabaj.jpg?resize=200%2C138&amp;ssl=1 200w, https:\/\/i0.wp.com\/eltrabajo.cl\/portal\/wp-content\/uploads\/2018\/07\/Sabaj.jpg?resize=300%2C207&amp;ssl=1 300w, https:\/\/i0.wp.com\/eltrabajo.cl\/portal\/wp-content\/uploads\/2018\/07\/Sabaj.jpg?resize=218%2C150&amp;ssl=1 218w, https:\/\/i0.wp.com\/eltrabajo.cl\/portal\/wp-content\/uploads\/2018\/07\/Sabaj.jpg?resize=400%2C276&amp;ssl=1 400w\" sizes=\"auto, (max-width: 580px) 100vw, 580px\" \/><figcaption id=\"caption-attachment-87459\" class=\"wp-caption-text\">Concejal Juan Carlos Sabaj en el momento que hace uso de la palabra y cuestiona apoyo.<\/figcaption><\/figure>\n<ul>\n<li><strong>Edil sostuvo que apoyo entregado por los funcionarios municipales al administrador Patricio Gonz\u00e1lez no corresponde pues interfieren en la labor de fiscalizaci\u00f3n de los concejales.<\/strong><\/li>\n<\/ul>\n<p>Contin\u00faan las repercusiones por la carta de apoyo p\u00fablico entregado al administrador Patricio Gonz\u00e1lez por parte de los funcionarios municipales de San Felipe, porque al concejal Juan Carlos Sabaj no le pareci\u00f3 la forma como actuaron los funcionarios frente a una \u201csituaci\u00f3n netamente de fiscalizaci\u00f3n por parte del concejal Beals\u201d.<br \/>\nEn la misiva dada a conocer a la opini\u00f3n p\u00fablica, los funcionarios municipales se\u00f1alan que existe por parte del concejal Beals un acoso laboral hacia el administrador, agregando que se trata de una persecuci\u00f3n personal contra el mismo. Todo lo anterior por la votaci\u00f3n del concejo municipal que destitu\u00eda al Administrador Municipal.<br \/>\nEn ese contexto el concejal Beals pidi\u00f3 un pronunciamiento a la Contralor\u00eda, quien derechamente y de acuerdo a sus normas no valida la destituci\u00f3n.<br \/>\nNo obstante, ante este escenario, el concejal Beals no contento con ese pronunciamiento present\u00f3 un recurso de protecci\u00f3n ante la justicia en contra del Contralor Regional, para que sean ellos quienes entreguen su veredicto teniendo en cuenta fallos donde se han producido destituciones con la votaci\u00f3n s\u00f3lo de los concejales, sin incluir al alcalde, debido a que seg\u00fan la Corte Suprema son elecciones separadas.<br \/>\nFrente a este escenario fue que la Asociaci\u00f3n de Empleados Municipales (Asemuch) San Felipe, a trav\u00e9s de sus m\u00e1ximos dirigentes como son Wladimir Tapia y Nelson Leiva, enviaron una carta al alcalde Patricio Freire y con copia a Diario El Trabajo, en apoyo al administrador. De ese tr\u00e1mite se van a cumplir un par de semanas.<br \/>\nAl respecto el concejal Juan Carlos Sabaj manifest\u00f3 su desacuerdo con esta misiva porque a su juicio no corresponde: \u201cAqu\u00ed nosotros no estamos hablando de acoso laboral, estamos hablando de un tema de fiscalizaci\u00f3n de parte de un concejal, donde yo me incluyo porque estoy en el mismo tema con \u00e9l y con la concejal Boffa, entonces no comparto esa carta. Yo creo que ellos (Asemuch) se podr\u00edan preocupar, en vez de estar acusando de acoso al concejal Beals, deber\u00edan preocuparse porque podr\u00eda existir dentro del municipio alg\u00fan tipo de acoso o presi\u00f3n a un funcionario municipal\u2026 podr\u00eda ser, no te lo estoy afirmando, podr\u00eda existir, pero para m\u00ed podr\u00eda ser una buena gesti\u00f3n no andarse preocupando de la funci\u00f3n que nos corresponde a nosotros que es fiscalizar\u201d.<br \/>\n<strong>&#8211; \u00bfC\u00f3mo se sienten ustedes, un poco amedrentados con esta situaci\u00f3n?<\/strong><br \/>\n&#8211; No, de ninguna manera, al contrario, me gusta ser como bien objetivo. Si ellos consideraban que esa era una buena opci\u00f3n de manifestarse, es cosa de ellos, que yo no la encuentre indicada es cosa m\u00eda.<br \/>\nLa votaci\u00f3n realizada en febrero de este a\u00f1o donde se destituye al administrador municipal, fue de cuatro votos a favor y tres en contra (incluido el alcalde).<\/p>\n","protected":false},"excerpt":{"rendered":"<p>Edil sostuvo que apoyo entregado por los funcionarios municipales al administrador Patricio Gonz\u00e1lez no corresponde pues interfieren en la labor de fiscalizaci\u00f3n de los concejales. Contin\u00faan las repercusiones por la carta de&#8230;<\/p>\n","protected":false},"author":1,"featured_media":87459,"comment_status":"open","ping_status":"open","sticky":false,"template":"","format":"standard","meta":{"advanced_seo_description":"","jetpack_seo_html_title":"","jetpack_seo_noindex":false,"_jetpack_memberships_contains_paid_content":false,"footnotes":""},"categories":[1],"tags":[],"class_list":["post-87458","post","type-post","status-publish","format-standard","has-post-thumbnail","hentry","category-cronica"],"jetpack_featured_media_url":"https:\/\/i0.wp.com\/eltrabajo.cl\/portal\/wp-content\/uploads\/2018\/07\/Sabaj.jpg?fit=580%2C400&ssl=1","jetpack_sharing_enabled":true,"jetpack_likes_enabled":true,"jetpack-related-posts":[],"_links":{"self":[{"href":"https:\/\/eltrabajo.cl\/portal\/wp-json\/wp\/v2\/posts\/87458","targetHints":{"allow":["GET"]}}],"collection":[{"href":"https:\/\/eltrabajo.cl\/portal\/wp-json\/wp\/v2\/posts"}],"about":[{"href":"https:\/\/eltrabajo.cl\/portal\/wp-json\/wp\/v2\/types\/post"}],"author":[{"embeddable":true,"href":"https:\/\/eltrabajo.cl\/portal\/wp-json\/wp\/v2\/users\/1"}],"replies":[{"embeddable":true,"href":"https:\/\/eltrabajo.cl\/portal\/wp-json\/wp\/v2\/comments?post=87458"}],"version-history":[{"count":0,"href":"https:\/\/eltrabajo.cl\/portal\/wp-json\/wp\/v2\/posts\/87458\/revisions"}],"wp:featuredmedia":[{"embeddable":true,"href":"https:\/\/eltrabajo.cl\/portal\/wp-json\/wp\/v2\/media\/87459"}],"wp:attachment":[{"href":"https:\/\/eltrabajo.cl\/portal\/wp-json\/wp\/v2\/media?parent=87458"}],"wp:term":[{"taxonomy":"category","embeddable":true,"href":"https:\/\/eltrabajo.cl\/portal\/wp-json\/wp\/v2\/categories?post=87458"},{"taxonomy":"post_tag","embeddable":true,"href":"https:\/\/eltrabajo.cl\/portal\/wp-json\/wp\/v2\/tags?post=87458"}],"curies":[{"name":"wp","href":"https:\/\/api.w.org\/{rel}","templated":true}]}}