{"id":87461,"date":"2018-07-25T05:07:29","date_gmt":"2018-07-25T09:07:29","guid":{"rendered":"http:\/\/www.eltrabajo.cl\/2017\/?p=87461"},"modified":"2018-07-25T05:07:29","modified_gmt":"2018-07-25T09:07:29","slug":"piden-crear-mesa-tecnica-para-cambiar-de-lugar-ferias-de-diego-de-almagro","status":"publish","type":"post","link":"https:\/\/eltrabajo.cl\/portal\/piden-crear-mesa-tecnica-para-cambiar-de-lugar-ferias-de-diego-de-almagro\/","title":{"rendered":"Piden crear mesa t\u00e9cnica para cambiar de lugar ferias de Diego de Almagro"},"content":{"rendered":"<figure id=\"attachment_87462\" aria-describedby=\"caption-attachment-87462\" style=\"width: 580px\" class=\"wp-caption alignnone\"><img data-recalc-dims=\"1\" loading=\"lazy\" decoding=\"async\" class=\"size-full wp-image-87462\" src=\"https:\/\/i0.wp.com\/www.eltrabajo.cl\/2017\/wp-content\/uploads\/2018\/07\/Boffa-OK.jpg?resize=580%2C399\" alt=\"La concejal Patricia Boffa en el momento que da a conocer la propuesta.\" width=\"580\" height=\"399\" srcset=\"https:\/\/i0.wp.com\/eltrabajo.cl\/portal\/wp-content\/uploads\/2018\/07\/Boffa-OK.jpg?w=580&amp;ssl=1 580w, https:\/\/i0.wp.com\/eltrabajo.cl\/portal\/wp-content\/uploads\/2018\/07\/Boffa-OK.jpg?resize=200%2C138&amp;ssl=1 200w, https:\/\/i0.wp.com\/eltrabajo.cl\/portal\/wp-content\/uploads\/2018\/07\/Boffa-OK.jpg?resize=300%2C206&amp;ssl=1 300w, https:\/\/i0.wp.com\/eltrabajo.cl\/portal\/wp-content\/uploads\/2018\/07\/Boffa-OK.jpg?resize=218%2C150&amp;ssl=1 218w, https:\/\/i0.wp.com\/eltrabajo.cl\/portal\/wp-content\/uploads\/2018\/07\/Boffa-OK.jpg?resize=400%2C275&amp;ssl=1 400w\" sizes=\"auto, (max-width: 580px) 100vw, 580px\" \/><figcaption id=\"caption-attachment-87462\" class=\"wp-caption-text\">La concejal Patricia Boffa en el momento que da a conocer la propuesta.<\/figcaption><\/figure>\n<p><span style=\"color: #ff0000;\"><strong>Por innumerables problemas que ocasiona a vecinos:<\/strong><\/span><\/p>\n<p>La concejal Patricia Boffas Casas (RN) propuso en la \u00faltima sesi\u00f3n del Concejo crear una mesa t\u00e9cnica de trabajo para poder cambiar de lugar todas las ferias que se instalan los domingos en la avenida Diego de Almagro.<br \/>\nLa edil espera que esta propuesta se tome con mucha responsabilidad, que se trabaje primero: \u201cEsto no es ma\u00f1ana ni la pr\u00f3xima semana, sino que hay que tener un trabajo con los sindicatos, con cada uno de los feriantes, con Rentas, Jur\u00eddico, los concejales y tambi\u00e9n con los representantes de los vecinos, tanto de la poblaci\u00f3n San Felipe, Aconcagua, Los Graneros, porque hace mucho tiempo que le hemos da\u00f1ado la calidad de vida a esos vecinos. Mayoritariamente son adultos mayores, mujeres, es sabido por todos que la feria Diego de Almagro se ha desbordado y ya no tenemos como ordenarla por sindicatos, porque tenemos en uno 345 personas, en otro m\u00e1s de cien, suma y sigue; todos los domingos hay m\u00e1s hechos delictuales, m\u00e1s robos, asaltos, peleas, hay absolutamente de todo, tambi\u00e9n es complicado para los funcionarios municipales que fiscalizan esta feria, porque son agredidos verbalmente y en algunas ocasiones han sido amenazado de golpes, deben ser acompa\u00f1ados por Carabineros, PDI\u201d, se\u00f1al\u00f3 la edil.<br \/>\nA ra\u00edz de esto la concejal reconoci\u00f3 que hay que comenzar a trabajar de inmediato para buscar un lugar que sea cerrado para instalar a estas personas: \u201cNosotros estamos perjudicando la calidad de vida de nuestros vecinos de la poblaci\u00f3n San Felipe, es por eso que yo quiero que esto se tome de manera responsable, no se diga que la concejal quiere terminar con la feria\u2026 no, por favor no, sino que trabajemos, veamos un lugar donde no vamos a perjudicar a los vecinos\u201d, se\u00f1al\u00f3.<br \/>\nEl lugar pensado, dijo Boffa, es donde se ubica la feria mayorista Afema en el sector de la Hacienda Quilpu\u00e9; \u201ces un lugar amplio, con estacionamiento, donde se podr\u00eda llegar a un acuerdo por los recursos econ\u00f3micos, por eso se debiera gestionar una reuni\u00f3n, una mesa de trabajo, una mesa t\u00e9cnica, pero nosotros debemos abordar este tema porque es un tema por los problemas que hay todos los d\u00edas domingos que no se pueden controlar\u201d, se\u00f1al\u00f3 Boffa.<br \/>\nLa primera reuni\u00f3n de la mesa t\u00e9cnica se va a realizar la semana del 20 de agosto, producto que Rentas est\u00e1 con todo su proceso, posteriormente se vienen todas las festividades del aniversario de la ciudad.<br \/>\nEn esta mesa t\u00e9cnica participar\u00e1n Rentas, Departamento Jur\u00eddico, concejales, representantes de Afema (Asociaci\u00f3n de Feriantes Mayoristas) y los sindicatos de la feria y los presidentes de las juntas de vecinos que se ven da\u00f1ados por el funcionamiento.<\/p>\n","protected":false},"excerpt":{"rendered":"<p>Por innumerables problemas que ocasiona a vecinos: La concejal Patricia Boffas Casas (RN) propuso en la \u00faltima sesi\u00f3n del Concejo crear una mesa t\u00e9cnica de trabajo para poder cambiar de lugar todas&#8230;<\/p>\n","protected":false},"author":1,"featured_media":87462,"comment_status":"open","ping_status":"open","sticky":false,"template":"","format":"standard","meta":{"advanced_seo_description":"","jetpack_seo_html_title":"","jetpack_seo_noindex":false,"_jetpack_memberships_contains_paid_content":false,"footnotes":""},"categories":[1],"tags":[],"class_list":["post-87461","post","type-post","status-publish","format-standard","has-post-thumbnail","hentry","category-cronica"],"jetpack_featured_media_url":"https:\/\/i0.wp.com\/eltrabajo.cl\/portal\/wp-content\/uploads\/2018\/07\/Boffa-OK.jpg?fit=580%2C399&ssl=1","jetpack_sharing_enabled":true,"jetpack_likes_enabled":true,"jetpack-related-posts":[],"_links":{"self":[{"href":"https:\/\/eltrabajo.cl\/portal\/wp-json\/wp\/v2\/posts\/87461","targetHints":{"allow":["GET"]}}],"collection":[{"href":"https:\/\/eltrabajo.cl\/portal\/wp-json\/wp\/v2\/posts"}],"about":[{"href":"https:\/\/eltrabajo.cl\/portal\/wp-json\/wp\/v2\/types\/post"}],"author":[{"embeddable":true,"href":"https:\/\/eltrabajo.cl\/portal\/wp-json\/wp\/v2\/users\/1"}],"replies":[{"embeddable":true,"href":"https:\/\/eltrabajo.cl\/portal\/wp-json\/wp\/v2\/comments?post=87461"}],"version-history":[{"count":0,"href":"https:\/\/eltrabajo.cl\/portal\/wp-json\/wp\/v2\/posts\/87461\/revisions"}],"wp:featuredmedia":[{"embeddable":true,"href":"https:\/\/eltrabajo.cl\/portal\/wp-json\/wp\/v2\/media\/87462"}],"wp:attachment":[{"href":"https:\/\/eltrabajo.cl\/portal\/wp-json\/wp\/v2\/media?parent=87461"}],"wp:term":[{"taxonomy":"category","embeddable":true,"href":"https:\/\/eltrabajo.cl\/portal\/wp-json\/wp\/v2\/categories?post=87461"},{"taxonomy":"post_tag","embeddable":true,"href":"https:\/\/eltrabajo.cl\/portal\/wp-json\/wp\/v2\/tags?post=87461"}],"curies":[{"name":"wp","href":"https:\/\/api.w.org\/{rel}","templated":true}]}}