{"id":87475,"date":"2018-07-26T05:01:18","date_gmt":"2018-07-26T09:01:18","guid":{"rendered":"http:\/\/www.eltrabajo.cl\/2017\/?p=87475"},"modified":"2018-07-26T05:01:18","modified_gmt":"2018-07-26T09:01:18","slug":"empresa-parquimetros-pide-reducir-recursos-que-entrega-al-municipio","status":"publish","type":"post","link":"https:\/\/eltrabajo.cl\/portal\/empresa-parquimetros-pide-reducir-recursos-que-entrega-al-municipio\/","title":{"rendered":"Empresa parqu\u00edmetros pide reducir recursos que entrega al municipio"},"content":{"rendered":"<figure id=\"attachment_87476\" aria-describedby=\"caption-attachment-87476\" style=\"width: 580px\" class=\"wp-caption alignnone\"><img data-recalc-dims=\"1\" loading=\"lazy\" decoding=\"async\" class=\"size-full wp-image-87476\" src=\"https:\/\/i0.wp.com\/www.eltrabajo.cl\/2017\/wp-content\/uploads\/2018\/07\/COIMAS.jpg?resize=580%2C398\" alt=\"Calles Coimas una de las v\u00edas donde se ha dejado de cobrar.\" width=\"580\" height=\"398\" srcset=\"https:\/\/i0.wp.com\/eltrabajo.cl\/portal\/wp-content\/uploads\/2018\/07\/COIMAS.jpg?w=580&amp;ssl=1 580w, https:\/\/i0.wp.com\/eltrabajo.cl\/portal\/wp-content\/uploads\/2018\/07\/COIMAS.jpg?resize=200%2C137&amp;ssl=1 200w, https:\/\/i0.wp.com\/eltrabajo.cl\/portal\/wp-content\/uploads\/2018\/07\/COIMAS.jpg?resize=300%2C206&amp;ssl=1 300w, https:\/\/i0.wp.com\/eltrabajo.cl\/portal\/wp-content\/uploads\/2018\/07\/COIMAS.jpg?resize=219%2C150&amp;ssl=1 219w, https:\/\/i0.wp.com\/eltrabajo.cl\/portal\/wp-content\/uploads\/2018\/07\/COIMAS.jpg?resize=400%2C274&amp;ssl=1 400w\" sizes=\"auto, (max-width: 580px) 100vw, 580px\" \/><figcaption id=\"caption-attachment-87476\" class=\"wp-caption-text\">Calles Coimas una de las v\u00edas donde se ha dejado de cobrar.<\/figcaption><\/figure>\n<p><span style=\"color: #ff0000;\"><strong>Debido a calzos que se han perdido en el centro por ciclov\u00edas:<\/strong><\/span><\/p>\n<p>La empresa de parqu\u00edmetros de San Felipe ingres\u00f3 a la Municipalidad una solicitud de modificaci\u00f3n del contrato para rebajar el porcentaje de aporte que ellos hacen conforme a la licitaci\u00f3n que se adjudicaron tiempo atr\u00e1s.<br \/>\nLa empresa fundamenta su petici\u00f3n en el menor ingreso que han tenido producto de las intervenciones que se han hecho por parte del Serviu y la municipalidad en el damero central de la ciudad de San Felipe, que es el mismo per\u00edmetro de la concesi\u00f3n que ellos tienen respecto a la utilizaci\u00f3n de calzos; \u201cde hecho ya hay una multiplicidad de calzos que est\u00e1n eliminados, por ejemplo calle Coimas en un gran porcentaje de su extensi\u00f3n, O\u2019Higgins hasta la Avenida Chacabuco y la calle Prat pr\u00e1cticamente desde Avenida Yungay hasta Maip\u00fa\u201d, dijo el alcalde subrogante Jorge Jara Catal\u00e1n.<br \/>\nDe todas maneras Jara dijo que las empresas, cuando postularon, sab\u00edan de todas estas intervenciones en el centro que iban a provocar un alto impacto, por lo que dentro de sus estudios de costos y beneficios, al momento de hacer la propuesta, debieran haber considerado este factor: \u201cDigo esto porque no es menor, en las mismas bases el contrato ofrece un mecanismo de compensaci\u00f3n para disminuci\u00f3n de los calzos, que es el aumento de los mismos en aquellas \u00e1reas donde la concesi\u00f3n no se hab\u00eda adjudicado, vale decir dentro del per\u00edmetro de las cuatro avenidas; ellos t\u00e1citamente est\u00e1n renunciando a ese mecanismo de compensaci\u00f3n, derechamente est\u00e1n pidiendo una disminuci\u00f3n en el porcentaje de aporte. Ahora la municipalidad est\u00e1 obligada a revisar con mucho cuidado, rigurosidad, este tema, porque debe estar debidamente justificado, nos puede auditar perfectamente la Contralor\u00eda o el propio el Concejo podr\u00eda fiscalizar y observar si no hay una justificaci\u00f3n debidamente argumentada\u201d, dijo Jara.<br \/>\nEn total se dejan de usar cincuenta y dos cuadras; 24 en el primer anillo y 28 en el segundo anillo.<br \/>\nEl alcalde (S) Jorge Jara Catal\u00e1n, dice que rescindir el contrato es una posibilidad; \u201co resciliarlo, es decir dejar sin efecto de com\u00fan acuerdo, tenemos que revisar todas esas opciones, nos vamos a reunir con la empresa en una fecha donde tengamos la claridad absoluta respecto de las distintas opciones, siempre pensado en proteger los intereses, porque si resciliamos el contrato, derechamente dejamos de percibir una importante cantidad de dinero, faltan todav\u00eda dos a\u00f1os para que el contrato termine y se entrega al uso p\u00fablico todo el per\u00edmetro del damero central en lo que no est\u00e9 afectado por el programa de gesti\u00f3n de tr\u00e1nsito ni ciclov\u00edas, y todos sabemos lo que pasa, hay gente que viene a trabajar al centro y deja estacionado su veh\u00edculo todo el d\u00eda en ese lugar y se va cuando son las siete de la tarde, entonces no hay un renovaci\u00f3n y eso es un factor a tomar en cuenta, hay que revisar todo con lupa\u201d.<br \/>\nActualmente la empresa entrega 23 millones de pesos mensuales a la municipalidad.<\/p>\n<figure id=\"attachment_87477\" aria-describedby=\"caption-attachment-87477\" style=\"width: 580px\" class=\"wp-caption alignnone\"><img data-recalc-dims=\"1\" loading=\"lazy\" decoding=\"async\" class=\"size-full wp-image-87477\" src=\"https:\/\/i0.wp.com\/www.eltrabajo.cl\/2017\/wp-content\/uploads\/2018\/07\/PARQUIMETROS.jpg?resize=580%2C399\" alt=\"Un operario en plena faena de cobranza de parqu\u00edmetro.\" width=\"580\" height=\"399\" srcset=\"https:\/\/i0.wp.com\/eltrabajo.cl\/portal\/wp-content\/uploads\/2018\/07\/PARQUIMETROS.jpg?w=580&amp;ssl=1 580w, https:\/\/i0.wp.com\/eltrabajo.cl\/portal\/wp-content\/uploads\/2018\/07\/PARQUIMETROS.jpg?resize=200%2C138&amp;ssl=1 200w, https:\/\/i0.wp.com\/eltrabajo.cl\/portal\/wp-content\/uploads\/2018\/07\/PARQUIMETROS.jpg?resize=300%2C206&amp;ssl=1 300w, https:\/\/i0.wp.com\/eltrabajo.cl\/portal\/wp-content\/uploads\/2018\/07\/PARQUIMETROS.jpg?resize=218%2C150&amp;ssl=1 218w, https:\/\/i0.wp.com\/eltrabajo.cl\/portal\/wp-content\/uploads\/2018\/07\/PARQUIMETROS.jpg?resize=400%2C275&amp;ssl=1 400w\" sizes=\"auto, (max-width: 580px) 100vw, 580px\" \/><figcaption id=\"caption-attachment-87477\" class=\"wp-caption-text\">Un operario en plena faena de cobranza de parqu\u00edmetro.<\/figcaption><\/figure>\n","protected":false},"excerpt":{"rendered":"<p>Debido a calzos que se han perdido en el centro por ciclov\u00edas: La empresa de parqu\u00edmetros de San Felipe ingres\u00f3 a la Municipalidad una solicitud de modificaci\u00f3n del contrato para rebajar el&#8230;<\/p>\n","protected":false},"author":1,"featured_media":87477,"comment_status":"open","ping_status":"open","sticky":false,"template":"","format":"standard","meta":{"advanced_seo_description":"","jetpack_seo_html_title":"","jetpack_seo_noindex":false,"_jetpack_memberships_contains_paid_content":false,"footnotes":""},"categories":[1],"tags":[],"class_list":["post-87475","post","type-post","status-publish","format-standard","has-post-thumbnail","hentry","category-cronica"],"jetpack_featured_media_url":"https:\/\/i0.wp.com\/eltrabajo.cl\/portal\/wp-content\/uploads\/2018\/07\/PARQUIMETROS.jpg?fit=580%2C399&ssl=1","jetpack_sharing_enabled":true,"jetpack_likes_enabled":true,"jetpack-related-posts":[],"_links":{"self":[{"href":"https:\/\/eltrabajo.cl\/portal\/wp-json\/wp\/v2\/posts\/87475","targetHints":{"allow":["GET"]}}],"collection":[{"href":"https:\/\/eltrabajo.cl\/portal\/wp-json\/wp\/v2\/posts"}],"about":[{"href":"https:\/\/eltrabajo.cl\/portal\/wp-json\/wp\/v2\/types\/post"}],"author":[{"embeddable":true,"href":"https:\/\/eltrabajo.cl\/portal\/wp-json\/wp\/v2\/users\/1"}],"replies":[{"embeddable":true,"href":"https:\/\/eltrabajo.cl\/portal\/wp-json\/wp\/v2\/comments?post=87475"}],"version-history":[{"count":0,"href":"https:\/\/eltrabajo.cl\/portal\/wp-json\/wp\/v2\/posts\/87475\/revisions"}],"wp:featuredmedia":[{"embeddable":true,"href":"https:\/\/eltrabajo.cl\/portal\/wp-json\/wp\/v2\/media\/87477"}],"wp:attachment":[{"href":"https:\/\/eltrabajo.cl\/portal\/wp-json\/wp\/v2\/media?parent=87475"}],"wp:term":[{"taxonomy":"category","embeddable":true,"href":"https:\/\/eltrabajo.cl\/portal\/wp-json\/wp\/v2\/categories?post=87475"},{"taxonomy":"post_tag","embeddable":true,"href":"https:\/\/eltrabajo.cl\/portal\/wp-json\/wp\/v2\/tags?post=87475"}],"curies":[{"name":"wp","href":"https:\/\/api.w.org\/{rel}","templated":true}]}}