{"id":87494,"date":"2018-07-27T05:02:05","date_gmt":"2018-07-27T09:02:05","guid":{"rendered":"http:\/\/www.eltrabajo.cl\/2017\/?p=87494"},"modified":"2018-07-27T05:02:05","modified_gmt":"2018-07-27T09:02:05","slug":"escuela-sagrado-corazon-recibe-segunda-bicisilla-confeccionada-por-alumnos-de-la-escuela-industrial","status":"publish","type":"post","link":"https:\/\/eltrabajo.cl\/portal\/escuela-sagrado-corazon-recibe-segunda-bicisilla-confeccionada-por-alumnos-de-la-escuela-industrial\/","title":{"rendered":"Escuela Sagrado Coraz\u00f3n recibe segunda bicisilla confeccionada por alumnos de la Escuela Industrial"},"content":{"rendered":"<figure id=\"attachment_87495\" aria-describedby=\"caption-attachment-87495\" style=\"width: 580px\" class=\"wp-caption alignnone\"><img data-recalc-dims=\"1\" loading=\"lazy\" decoding=\"async\" class=\"size-full wp-image-87495\" src=\"https:\/\/i0.wp.com\/www.eltrabajo.cl\/2017\/wp-content\/uploads\/2018\/07\/entrega-bicisilla.jpg?resize=580%2C399\" alt=\"La tarde de ayer fue entregada la segunda bicisilla elaborada por la Escuela Industrial para un alumno de la Escuela Especial Sagrado Coraz\u00f3n, quien llora emocionado de alegr\u00eda.\" width=\"580\" height=\"399\" srcset=\"https:\/\/i0.wp.com\/eltrabajo.cl\/portal\/wp-content\/uploads\/2018\/07\/entrega-bicisilla.jpg?w=580&amp;ssl=1 580w, https:\/\/i0.wp.com\/eltrabajo.cl\/portal\/wp-content\/uploads\/2018\/07\/entrega-bicisilla.jpg?resize=200%2C138&amp;ssl=1 200w, https:\/\/i0.wp.com\/eltrabajo.cl\/portal\/wp-content\/uploads\/2018\/07\/entrega-bicisilla.jpg?resize=300%2C206&amp;ssl=1 300w, https:\/\/i0.wp.com\/eltrabajo.cl\/portal\/wp-content\/uploads\/2018\/07\/entrega-bicisilla.jpg?resize=218%2C150&amp;ssl=1 218w, https:\/\/i0.wp.com\/eltrabajo.cl\/portal\/wp-content\/uploads\/2018\/07\/entrega-bicisilla.jpg?resize=400%2C275&amp;ssl=1 400w\" sizes=\"auto, (max-width: 580px) 100vw, 580px\" \/><figcaption id=\"caption-attachment-87495\" class=\"wp-caption-text\">La tarde de ayer fue entregada la segunda bicisilla elaborada por la Escuela Industrial para un alumno de la Escuela Especial Sagrado Coraz\u00f3n, quien llora emocionado de alegr\u00eda.<\/figcaption><\/figure>\n<p>La Escuela Especial Sagrado Coraz\u00f3n sigue sumando buenas noticias este a\u00f1o 2018 y ello porque este jueves recibieron de parte de la Escuela Industrial la segunda bicisilla para Alexis Valencia, uno de sus alumnos, como parte de esta alianza estrat\u00e9gica entre estas dos entidades.<br \/>\nLa entrega de esta nueva bicisilla se realiz\u00f3 en uno de los patios de la Escuela Industrial, en una peque\u00f1a ceremonia en que participaron los directores de ambos establecimientos, los alumnos de construcciones met\u00e1licas, docentes, Jos\u00e9 Valencia, el pap\u00e1 de Alexis, junto a amigos de la Escuela Sagrado Coraz\u00f3n.<br \/>\nLa idea de construir estas bicisillas naci\u00f3 este a\u00f1o, cuando la directora Beatriz Gallardo se acerc\u00f3 a la Escuela Industrial para plantear la iniciativa. Los alumnos y sus profesores muy motivados comenzaron a trabajar en lo que s\u00f3lo era una idea, pero que despu\u00e9s de algunas semanas se volvi\u00f3 una realidad, permiti\u00e9ndole a Franco, uno de los alumnos de la Escuela Especial, participar junto a su pap\u00e1 de la primera cicletada organizada por la Municipalidad de San Felipe.<br \/>\nEl proyecto gener\u00f3 tanto inter\u00e9s, que Andr\u00e9s Vargas Munita lo present\u00f3 a un concurso de emprendedores a nivel nacional, ganando el primer lugar y los recursos los est\u00e1n utilizando para construir 10 bicisillas m\u00e1s, una de ellas ya est\u00e1 lista y fue entregada a Alexis la tarde de ayer jueves.<br \/>\n\u201cSeguimos sumando buenas noticias, una noticia, que trae alegr\u00eda a nuestros estudiantes y a nuestros apoderados, y que viene a mejorar la calidad de vida, porque ofrece nuevas oportunidades de participaci\u00f3n a nuestras familias, a trav\u00e9s del deporte, de la movilizaci\u00f3n e integraci\u00f3n dentro de esta ciudad, que se est\u00e1 moviendo de otra forma. Estamos contentos de que otras personas se entusiasmen en esto que es la inclusi\u00f3n, de que no tiene que quedar s\u00f3lo en el discurso, sino en actividades concretas y esta es una actividad concreta\u201d, dijo Beatriz Gallardo, directora de la escuela especial.<br \/>\nEste es un proyecto de mucho valor para la comunidad educativa de la Escuela Industrial, y es parte del sello de esta unidad educativa, que es el emprendimiento, seg\u00fan explic\u00f3 su director, Andr\u00e9s Vargas Munita: \u201cEn estos meses estuvimos buscando, qu\u00e9 idea poder desarrollar, y viene Beatriz, directora de la Escuela Especial Sagrado Coraz\u00f3n, y nos plantea esta inquietud y nosotros dijimos, ah\u00ed est\u00e1!, una necesidad real que podemos nosotros cubrir con nuestros talentos y se pusieron nuestros maestros, estudiantes y profesores a ensayar y sali\u00f3 y llam\u00f3 mucho la atenci\u00f3n\u201d, dijo el director.<br \/>\nAlexis junto a su pap\u00e1 Jos\u00e9 Valencia se trasladan normalmente en bicicleta, pero con un sistema bastante inseguro, por ello cuando le dijeron que recibir\u00edan esta nueva bicisilla quedaron muy contentos.<br \/>\n\u201cEs un gran beneficio para mi hijo, porque antiguamente lo andaba trayendo en bicicleta con una mano y con la otra mano manejaba, entonces esto es fundamental para poder cambiar sus rutinas, para que pueda salir de la casa, entonces es un gran aporte\u201d.<br \/>\nPara los alumnos de construcciones met\u00e1licas fue un desaf\u00edo construir la primera bicisilla, pero cuando vieron el beneficio que signific\u00f3 para Franco, alumno de la escuela especial, no dudaron en ponerse a trabajar en m\u00e1s bicisillas, luego que ganaran el premio al emprendimiento.<br \/>\n\u201cCuando llega la bicicleta puede estar en perfectas condiciones o en malas condiciones, nosotros mismos las arreglamos, le pedimos a otro taller que tambi\u00e9n participe y nosotros montamos, hacemos las piezas y todo, nos toma un mes plegar las planchas, las soldaduras, midiendo, es todo muy detallado, hemos tenido mucha ayuda de los profes, los maestros, de los compa\u00f1eros, nos damos ideas para hacer todo esto\u201d, dijo Jorge Figueroa, alumno de tercer a\u00f1o C de construcciones met\u00e1licas.<br \/>\nY el desaf\u00edo contin\u00faa para estos alumnos, porque antes de fin de a\u00f1o esperan completar 10 bicisillas para los alumnos de la escuela especial, y as\u00ed continuar haciendo realidad una comuna inclusiva, que tiene espacios para todos sus vecinos, una comuna de todos y todas.<\/p>\n","protected":false},"excerpt":{"rendered":"<p>La Escuela Especial Sagrado Coraz\u00f3n sigue sumando buenas noticias este a\u00f1o 2018 y ello porque este jueves recibieron de parte de la Escuela Industrial la segunda bicisilla para Alexis Valencia, uno de&#8230;<\/p>\n","protected":false},"author":1,"featured_media":87495,"comment_status":"open","ping_status":"open","sticky":false,"template":"","format":"standard","meta":{"advanced_seo_description":"","jetpack_seo_html_title":"","jetpack_seo_noindex":false,"_jetpack_memberships_contains_paid_content":false,"footnotes":""},"categories":[1],"tags":[],"class_list":["post-87494","post","type-post","status-publish","format-standard","has-post-thumbnail","hentry","category-cronica"],"jetpack_featured_media_url":"https:\/\/i0.wp.com\/eltrabajo.cl\/portal\/wp-content\/uploads\/2018\/07\/entrega-bicisilla.jpg?fit=580%2C399&ssl=1","jetpack_sharing_enabled":true,"jetpack_likes_enabled":true,"jetpack-related-posts":[],"_links":{"self":[{"href":"https:\/\/eltrabajo.cl\/portal\/wp-json\/wp\/v2\/posts\/87494","targetHints":{"allow":["GET"]}}],"collection":[{"href":"https:\/\/eltrabajo.cl\/portal\/wp-json\/wp\/v2\/posts"}],"about":[{"href":"https:\/\/eltrabajo.cl\/portal\/wp-json\/wp\/v2\/types\/post"}],"author":[{"embeddable":true,"href":"https:\/\/eltrabajo.cl\/portal\/wp-json\/wp\/v2\/users\/1"}],"replies":[{"embeddable":true,"href":"https:\/\/eltrabajo.cl\/portal\/wp-json\/wp\/v2\/comments?post=87494"}],"version-history":[{"count":0,"href":"https:\/\/eltrabajo.cl\/portal\/wp-json\/wp\/v2\/posts\/87494\/revisions"}],"wp:featuredmedia":[{"embeddable":true,"href":"https:\/\/eltrabajo.cl\/portal\/wp-json\/wp\/v2\/media\/87495"}],"wp:attachment":[{"href":"https:\/\/eltrabajo.cl\/portal\/wp-json\/wp\/v2\/media?parent=87494"}],"wp:term":[{"taxonomy":"category","embeddable":true,"href":"https:\/\/eltrabajo.cl\/portal\/wp-json\/wp\/v2\/categories?post=87494"},{"taxonomy":"post_tag","embeddable":true,"href":"https:\/\/eltrabajo.cl\/portal\/wp-json\/wp\/v2\/tags?post=87494"}],"curies":[{"name":"wp","href":"https:\/\/api.w.org\/{rel}","templated":true}]}}