{"id":87522,"date":"2018-07-30T05:04:19","date_gmt":"2018-07-30T09:04:19","guid":{"rendered":"http:\/\/www.eltrabajo.cl\/2017\/?p=87522"},"modified":"2018-07-30T05:04:19","modified_gmt":"2018-07-30T09:04:19","slug":"querella-contra-empresa-gea-por-contaminar-aguas-en-el-algarrobal","status":"publish","type":"post","link":"https:\/\/eltrabajo.cl\/portal\/querella-contra-empresa-gea-por-contaminar-aguas-en-el-algarrobal\/","title":{"rendered":"Querella contra empresa GEA por contaminar aguas en El Algarrobal"},"content":{"rendered":"<figure id=\"attachment_87524\" aria-describedby=\"caption-attachment-87524\" style=\"width: 580px\" class=\"wp-caption alignnone\"><img data-recalc-dims=\"1\" loading=\"lazy\" decoding=\"async\" class=\"size-full wp-image-87524\" src=\"https:\/\/i0.wp.com\/www.eltrabajo.cl\/2017\/wp-content\/uploads\/2018\/07\/GEA2.jpg?resize=580%2C398\" alt=\"Pedro Mu\u00f1oz en los momentos que interpone la querella en el Tribunal de Garant\u00eda de San Felipe, misma que fue declarada admisible.\" width=\"580\" height=\"398\" srcset=\"https:\/\/i0.wp.com\/eltrabajo.cl\/portal\/wp-content\/uploads\/2018\/07\/GEA2.jpg?w=580&amp;ssl=1 580w, https:\/\/i0.wp.com\/eltrabajo.cl\/portal\/wp-content\/uploads\/2018\/07\/GEA2.jpg?resize=200%2C137&amp;ssl=1 200w, https:\/\/i0.wp.com\/eltrabajo.cl\/portal\/wp-content\/uploads\/2018\/07\/GEA2.jpg?resize=300%2C206&amp;ssl=1 300w, https:\/\/i0.wp.com\/eltrabajo.cl\/portal\/wp-content\/uploads\/2018\/07\/GEA2.jpg?resize=219%2C150&amp;ssl=1 219w, https:\/\/i0.wp.com\/eltrabajo.cl\/portal\/wp-content\/uploads\/2018\/07\/GEA2.jpg?resize=400%2C274&amp;ssl=1 400w\" sizes=\"auto, (max-width: 580px) 100vw, 580px\" \/><figcaption id=\"caption-attachment-87524\" class=\"wp-caption-text\">Pedro Mu\u00f1oz en los momentos que interpone la querella en el Tribunal de Garant\u00eda de San Felipe, misma que fue declarada admisible.<\/figcaption><\/figure>\n<p>La Fundaci\u00f3n Mi Patrimonio, a trav\u00e9s de Pedro Mu\u00f1oz, su director ejecutivo, interpuso en el Juzgado de Garant\u00eda de San Felipe una querella penal en contra de la empresa Gea, due\u00f1a del Centro Tratamiento Integral de la Basura, CTI &#8211; La Hormiga, representada por Ren\u00e9 Lizama, por contaminar el agua en la localidad de El Algarrobal, localidad que se surte del vital elemento por medio de una APR, Cooperativa de Agua Potable Algarrobal, que saca el agua de pozos subterr\u00e1neos en el sector.<\/p>\n<p><span style=\"color: #ff0000;\"><strong>EN CONTEXTO<\/strong><\/span><br \/>\nDesde Fundaci\u00f3n Mi Patrimonio se\u00f1alaron que en 2005 se dict\u00f3 el Decreto Supremo 189\/2005, que obliga a reconvertir los vertederos, sistema antiguo de recepci\u00f3n de basura que recoge la basura a la orilla de un cerro se tapa con tierra, en un relleno sanitario. La gran diferencia es que el relleno sanitario tiene un vaso contenedor con una geomembrana que protege la tierra y las napas subterr\u00e1neas, para que el jugo de la basura o los l\u00edquidos lixiviados no se traspasen a las napas subterr\u00e1neas.<\/p>\n<p><span style=\"color: #ff0000;\"><strong>SUBEN PRECIOS<\/strong><\/span><br \/>\nEn 2009 la empresa GEA se adjudic\u00f3 la Resoluci\u00f3n de Calificaci\u00f3n Ambiental, misma que le permite operar un relleno y tiene cinco a\u00f1os para iniciar las obras. A inicios de 2015, al borde de sus cinco a\u00f1os, la empresa comienza a operar como relleno sanitario. Con ese documento o RCA en mano, la empresa sale a contratar el nuevo servicio a las municipalidades, a la empresas y Codelco Andina, y les dice ahora \u2018disponer de basura me va a salir m\u00e1s caro, por lo tanto subo los precios\u2019, y los precios subieron casi el doble.<\/p>\n<p><span style=\"color: #ff0000;\"><strong>EL COLAPSO<\/strong><\/span><br \/>\nSin embargo, tras un colapso del vertedero en agosto del 2015, se descubri\u00f3 que la empresa nunca oper\u00f3 el relleno, sino que sigui\u00f3 operando como vertedero. El tema termin\u00f3 con una discusi\u00f3n legal y la Autoridad Sanitaria sali\u00f3 a defender a la empresa, diciendo que estaba en regla, porque operaba con\u00a0una especie de servicio Dual, donde era necesario seguir botando basura en el vertedero y tambi\u00e9n en el relleno. Lo que dio inicio a una causa por Fraude al Fisco, que hoy est\u00e1 en proceso.<br \/>\nEn 2017 Fundaci\u00f3n Mi Patrimonio hizo una denuncia ante la Bidema (Brigada de Delitos Medioambientales) en Santiago, por Da\u00f1o ambiental y por Asociaci\u00f3n il\u00edcita, \u201cporque ac\u00e1 hab\u00eda una empresa irresponsable que segu\u00eda operando el vertedero y hab\u00eda autoridades que permit\u00edan eso\u201d, dijo Pedro Mu\u00f1oz. En febrero de este a\u00f1o sali\u00f3 la Resoluci\u00f3n o el informe final de la Bidema que, tras tener los certificados cient\u00edficos y de laboratorio, decret\u00f3 que las napas subterr\u00e1neas en el sector La Hormiga se encuentra contaminada con metales pesados.<br \/>\nEl tema, dicen en Fundaci\u00f3n Mi Patrimonio, se vio agravado, porque estando contaminada las napas la empresa no s\u00f3lo no dio aviso a las autoridades, sino que usurp\u00f3 aguas desde uno de los pozos de monitoreo por unos tres a\u00f1os y reparti\u00f3 esas aguar por las instalaciones del personal y para riego de las dependencias.<br \/>\nDespu\u00e9s de una disputa judicial y administrativa, Fundaci\u00f3n Mi Patrimonio logra tener en sus manos los resultados de este estudio,\u00a0y con ese antecedente en su poder coloc\u00f3 una querella por el delito de Da\u00f1o Ambiental producido en virtud del incumplimiento del art\u00edculo 291 del C\u00f3digo Penal, que sanciona al que propaga o disemina elementos contaminantes que son peligrosos para la vida humana, la vida animal, y la vida vegetal.<br \/>\n\u201cLa querella se interpone contra el representante legal de GEA, el se\u00f1or Ren\u00e9 Lizama y contra quienes resulten responsables de haber autorizado, sin el control efectivo por parte del Estado, la querella la patrocina el abogado de la Fundaci\u00f3n, Jos\u00e9 N\u00fa\u00f1ez Avil\u00e9s, y en paralelo hoy a medio d\u00eda otros voluntarios de la fundaci\u00f3n colocaron un Recurso de Protecci\u00f3n en la Corte de Apelaciones de Valpara\u00edso, contra la Seremi de Salud Valpara\u00edso y la Superintendencia de Medioambiente que, teniendo estos antecedentes, no hicieron gestiones efectivas para detenerlo\u201d, dijo Pedro Mu\u00f1oz.<\/p>\n<p><span style=\"color: #ff0000;\"><strong>DATO DURO<\/strong><\/span><br \/>\nDentro de los metales pesados seg\u00fan el informe de la PDI est\u00e1n: Manganeso, selenio y hierro, por sobre las condiciones de vulnerabilidad del acu\u00edfero.<br \/>\nManganeso: Elemento qu\u00edmico de n\u00famero at\u00f3mico 25, masa at\u00f3mica 54,94 y s\u00edmbolo\u00a0Mn; es un metal del grupo de los elementos de transici\u00f3n, de color blanco plateado, brillante, duro y quebradizo, resistente al fuego y muy oxidable; es muy abundante en la naturaleza, donde se encuentra en forma de menas, siendo la principal la pirolusita; se usa en aleaciones de hierro para fabricar aceros, y sus compuestos se usan en pinturas, barnices, tintes, etc.<br \/>\nSelenio: Elemento qu\u00edmico de n\u00famero at\u00f3mico 34, masa at\u00f3mica 78,96 y s\u00edmbolo\u00a0Se; es un elemento semimet\u00e1lico s\u00f3lido de color gris brillante, de caracter\u00edsticas parecidas a las del azufre, que se emplea en instalaciones el\u00e9ctricas por ser buen conductor de la electricidad y en la fabricaci\u00f3n de vidrio.<br \/>\nHierro: Elemento qu\u00edmico de n\u00famero at\u00f3mico 26, masa at\u00f3mica 55,84 y s\u00edmbolo\u00a0Fe; es un metal del grupo de los elementos de transici\u00f3n, de color blanco plateado, blando, d\u00factil, maleable, magn\u00e9tico y oxidable, que es muy abundante en la naturaleza formando compuestos y se extrae principalmente de la hematites; puede recibir diferentes tratamientos que le confieren propiedades distintas y usos diversos; principalmente se usa para fabricar herramientas, estructuras y objetos.<br \/>\nLa querella fue declarada admisible con todos sus argumentos.<\/p>\n<figure id=\"attachment_87523\" aria-describedby=\"caption-attachment-87523\" style=\"width: 580px\" class=\"wp-caption alignnone\"><img data-recalc-dims=\"1\" loading=\"lazy\" decoding=\"async\" class=\"size-full wp-image-87523\" src=\"https:\/\/i0.wp.com\/www.eltrabajo.cl\/2017\/wp-content\/uploads\/2018\/07\/GEA1.jpg?resize=580%2C399\" alt=\"Agentes de la PDI tomaron muestras en su momento del agua, estas est\u00e1n contaminadas.\" width=\"580\" height=\"399\" srcset=\"https:\/\/i0.wp.com\/eltrabajo.cl\/portal\/wp-content\/uploads\/2018\/07\/GEA1.jpg?w=580&amp;ssl=1 580w, https:\/\/i0.wp.com\/eltrabajo.cl\/portal\/wp-content\/uploads\/2018\/07\/GEA1.jpg?resize=200%2C138&amp;ssl=1 200w, https:\/\/i0.wp.com\/eltrabajo.cl\/portal\/wp-content\/uploads\/2018\/07\/GEA1.jpg?resize=300%2C206&amp;ssl=1 300w, https:\/\/i0.wp.com\/eltrabajo.cl\/portal\/wp-content\/uploads\/2018\/07\/GEA1.jpg?resize=218%2C150&amp;ssl=1 218w, https:\/\/i0.wp.com\/eltrabajo.cl\/portal\/wp-content\/uploads\/2018\/07\/GEA1.jpg?resize=400%2C275&amp;ssl=1 400w\" sizes=\"auto, (max-width: 580px) 100vw, 580px\" \/><figcaption id=\"caption-attachment-87523\" class=\"wp-caption-text\">Agentes de la PDI tomaron muestras en su momento del agua, estas est\u00e1n contaminadas.<\/figcaption><\/figure>\n","protected":false},"excerpt":{"rendered":"<p>La Fundaci\u00f3n Mi Patrimonio, a trav\u00e9s de Pedro Mu\u00f1oz, su director ejecutivo, interpuso en el Juzgado de Garant\u00eda de San Felipe una querella penal en contra de la empresa Gea, due\u00f1a del&#8230;<\/p>\n","protected":false},"author":1,"featured_media":87523,"comment_status":"open","ping_status":"open","sticky":false,"template":"","format":"standard","meta":{"advanced_seo_description":"","jetpack_seo_html_title":"","jetpack_seo_noindex":false,"_jetpack_memberships_contains_paid_content":false,"footnotes":""},"categories":[1],"tags":[],"class_list":["post-87522","post","type-post","status-publish","format-standard","has-post-thumbnail","hentry","category-cronica"],"jetpack_featured_media_url":"https:\/\/i0.wp.com\/eltrabajo.cl\/portal\/wp-content\/uploads\/2018\/07\/GEA1.jpg?fit=580%2C399&ssl=1","jetpack_sharing_enabled":true,"jetpack_likes_enabled":true,"jetpack-related-posts":[],"_links":{"self":[{"href":"https:\/\/eltrabajo.cl\/portal\/wp-json\/wp\/v2\/posts\/87522","targetHints":{"allow":["GET"]}}],"collection":[{"href":"https:\/\/eltrabajo.cl\/portal\/wp-json\/wp\/v2\/posts"}],"about":[{"href":"https:\/\/eltrabajo.cl\/portal\/wp-json\/wp\/v2\/types\/post"}],"author":[{"embeddable":true,"href":"https:\/\/eltrabajo.cl\/portal\/wp-json\/wp\/v2\/users\/1"}],"replies":[{"embeddable":true,"href":"https:\/\/eltrabajo.cl\/portal\/wp-json\/wp\/v2\/comments?post=87522"}],"version-history":[{"count":0,"href":"https:\/\/eltrabajo.cl\/portal\/wp-json\/wp\/v2\/posts\/87522\/revisions"}],"wp:featuredmedia":[{"embeddable":true,"href":"https:\/\/eltrabajo.cl\/portal\/wp-json\/wp\/v2\/media\/87523"}],"wp:attachment":[{"href":"https:\/\/eltrabajo.cl\/portal\/wp-json\/wp\/v2\/media?parent=87522"}],"wp:term":[{"taxonomy":"category","embeddable":true,"href":"https:\/\/eltrabajo.cl\/portal\/wp-json\/wp\/v2\/categories?post=87522"},{"taxonomy":"post_tag","embeddable":true,"href":"https:\/\/eltrabajo.cl\/portal\/wp-json\/wp\/v2\/tags?post=87522"}],"curies":[{"name":"wp","href":"https:\/\/api.w.org\/{rel}","templated":true}]}}