{"id":87545,"date":"2018-07-31T05:03:30","date_gmt":"2018-07-31T09:03:30","guid":{"rendered":"http:\/\/www.eltrabajo.cl\/2017\/?p=87545"},"modified":"2018-07-31T05:03:30","modified_gmt":"2018-07-31T09:03:30","slug":"piden-a-las-autoridades-tomar-cartas-en-asunto-contaminacion-de-agua","status":"publish","type":"post","link":"https:\/\/eltrabajo.cl\/portal\/piden-a-las-autoridades-tomar-cartas-en-asunto-contaminacion-de-agua\/","title":{"rendered":"Piden a las autoridades \u2018tomar cartas en asunto\u2019 contaminaci\u00f3n de agua"},"content":{"rendered":"<figure id=\"attachment_87546\" aria-describedby=\"caption-attachment-87546\" style=\"width: 580px\" class=\"wp-caption alignnone\"><img data-recalc-dims=\"1\" loading=\"lazy\" decoding=\"async\" class=\"size-full wp-image-87546\" src=\"https:\/\/i0.wp.com\/www.eltrabajo.cl\/2017\/wp-content\/uploads\/2018\/07\/Algarrobal.jpg?resize=580%2C400\" alt=\"Los vecinos durante asamblea realizada en el sector. \" width=\"580\" height=\"400\" srcset=\"https:\/\/i0.wp.com\/eltrabajo.cl\/portal\/wp-content\/uploads\/2018\/07\/Algarrobal.jpg?w=580&amp;ssl=1 580w, https:\/\/i0.wp.com\/eltrabajo.cl\/portal\/wp-content\/uploads\/2018\/07\/Algarrobal.jpg?resize=200%2C138&amp;ssl=1 200w, https:\/\/i0.wp.com\/eltrabajo.cl\/portal\/wp-content\/uploads\/2018\/07\/Algarrobal.jpg?resize=300%2C207&amp;ssl=1 300w, https:\/\/i0.wp.com\/eltrabajo.cl\/portal\/wp-content\/uploads\/2018\/07\/Algarrobal.jpg?resize=218%2C150&amp;ssl=1 218w, https:\/\/i0.wp.com\/eltrabajo.cl\/portal\/wp-content\/uploads\/2018\/07\/Algarrobal.jpg?resize=400%2C276&amp;ssl=1 400w\" sizes=\"auto, (max-width: 580px) 100vw, 580px\" \/><figcaption id=\"caption-attachment-87546\" class=\"wp-caption-text\">Los vecinos durante asamblea realizada en el sector.<\/figcaption><\/figure>\n<p><span style=\"color: #ff0000;\"><strong>Vecinos de Algarrobal necesitan ayuda:<\/strong><\/span><\/p>\n<p>A prop\u00f3sito de la publicaci\u00f3n realizada ayer en nuestro medio sobre la querella presentada por Fundaci\u00f3n Mi Patrimonio en contra de la empresa GEA, por contaminar las aguas con metales pesados, algo que fue confirmado por la Bidema de la PDI, los vecinos del sector El Algarrobal piden que las autoridades se involucren en el problema que los afecta, es decir que tomen cartas en el asunto.<br \/>\nGloria Alcayaga, secretaria de actas del comit\u00e9 de Agua Potable Rural (APR) y vecina del lugar, dice que este problema, al margen de afectarles como directiva, \u201ctambi\u00e9n nos afecta como vecinos, he vivido toda mi vida ac\u00e1 en El Algarrobal, un lugar bello que nos va quedando, adem\u00e1s me sorprende que la autoridad no tome cartas en el asunto, ya que nosotros como vecinos no manejamos la informaci\u00f3n en cuanto a la contaminaci\u00f3n y usurpaci\u00f3n de aguas\u201d, se\u00f1al\u00f3.<br \/>\nTambi\u00e9n la vecina quiso aprovechar la oportunidad para denunciar que por las tardes ya no soportan el olor a alcantarillado \u201cla planta est\u00e1 podrida, a\u00fan as\u00ed el municipio env\u00eda camiones, pero no son suficientes. Pedirle a la autoridad que se pongan un poquito en nuestros zapatos, hoy d\u00eda estamos mal, estamos enfermos, hay mucha gente con dolor de cabeza, pero yo s\u00e9 que es la planta porque yo trabaj\u00e9 ah\u00ed, hay gas butano que aflora a trav\u00e9s de microorganismos que todos nosotros enviamos ah\u00ed, ya que no podemos hacer otro tipo de pozo, nuestros patios son peque\u00f1os, estamos colapsados, la verdad\u201d, se\u00f1al\u00f3 Alcayaga.<br \/>\nEn tanto Cristian Henr\u00edquez, integrante de la Junta de Vigilancia del APR de Algarrobal, reconoci\u00f3 que han tenido que enfrentar varios temas complejos en muchos aspectos; uno es el tema de la contaminaci\u00f3n del vertedero en los percolados, los l\u00edquidos, \u201cel otro problema que hab\u00eda sobre las arenas contaminadas, eso qued\u00f3 m\u00e1s o menos resuelto, ahora el problema es qu\u00e9 va a pasar con la planta de reciclaje que aparentemente funciona como planta de reciclaje, porque antiguamente era un vertedero, no s\u00e9 cuantas piscinas en realidad est\u00e1n funcionando ac\u00e1 al otro lado del cerro La Hormiga, si son tres o cuatro, yo no estoy bien al tanto de eso, yo s\u00e9 que no est\u00e1 funcionando de buena manera, no est\u00e1n procesando de buena de manera, tenemos una inquietud muy grande los vecinos, para los colegios tenemos sectores agr\u00edcolas, jard\u00edn infantil, tenemos una cantidad de adultos mayores importantes, entontes nosotros estamos con ese problema, queremos ver cu\u00e1l es la posibilidad de poder tener m\u00e1s conocimiento del tema, nosotros ahora tenemos que tomar conciencia, se le est\u00e1 haciendo hincapi\u00e9 en eso, se les est\u00e1 capacitando para que ellos puedan entender el problema de contaminaci\u00f3n que tenemos y puedan ellos autorizar poder firmar y puedan venir y hacer sus quejas ac\u00e1 en la junta de vecinos y tambi\u00e9n en la Cooperativa de Agua Potable, entonces tenemos miedo que las napas subterr\u00e1neas con el tiempo empiecen a filtrar o haya una contaminaci\u00f3n, tenemos que de inmediato poder zanjar este tema, ya no podemos seguir as\u00ed\u201d, indic\u00f3 Henr\u00edquez.<br \/>\nOtro vecino del lugar, Juan Reyes Arroyo, consultado por el resultado del informe de la Bidema de la PDI sobre la contaminaci\u00f3n de las aguas por presencia de metales pesados, dijo: \u201cLa verdad que me causa una impresi\u00f3n absolutamente negativa todas estas situaciones que est\u00e1n sucediendo, sobre todo con esta empresa del vertedero, primero quer\u00edan traer unas arenas contaminadas, no fue posible; pero hoy en d\u00eda aparece a la luz p\u00fablica un informe de la PDI donde certifica que las aguas que consumen los socios y los habitantes de esta localidad de Algarrobal est\u00e1n contaminadas, por lo tanto merece que las autoridades tomen cartas en el asunto, m\u00e1s a\u00fan cuando se nos ofrece, como esta cooperativa administra una planta de aguas servidas que est\u00e1 en desuso, nos ofrecen que Codelco Andina regala 25 millones de pesos, que ser\u00e1n gratuitos o no, o tendr\u00e1n que ver con una colusi\u00f3n respecto al vertedero, porque seg\u00fan tenemos entendido Codelco Andina deposita en este vertedero muchos residuos contaminantes que van de alguna forma infiltrar nuestras aguas, a lo mejor las est\u00e1n infiltrando, entonces de donde salen gratuitamente estos 25 millones de pesos, esa es mi inquietud, me preocupa que hoy en d\u00eda esta comunidad peque\u00f1a para el resto de las comunas, nos tengan como el patio trasero y menospreciados en todos estos recursos ambientales\u201d, finaliz\u00f3.<\/p>\n","protected":false},"excerpt":{"rendered":"<p>Vecinos de Algarrobal necesitan ayuda: A prop\u00f3sito de la publicaci\u00f3n realizada ayer en nuestro medio sobre la querella presentada por Fundaci\u00f3n Mi Patrimonio en contra de la empresa GEA, por contaminar las&#8230;<\/p>\n","protected":false},"author":1,"featured_media":87546,"comment_status":"open","ping_status":"open","sticky":false,"template":"","format":"standard","meta":{"advanced_seo_description":"","jetpack_seo_html_title":"","jetpack_seo_noindex":false,"_jetpack_memberships_contains_paid_content":false,"footnotes":""},"categories":[1],"tags":[],"class_list":["post-87545","post","type-post","status-publish","format-standard","has-post-thumbnail","hentry","category-cronica"],"jetpack_featured_media_url":"https:\/\/i0.wp.com\/eltrabajo.cl\/portal\/wp-content\/uploads\/2018\/07\/Algarrobal.jpg?fit=580%2C400&ssl=1","jetpack_sharing_enabled":true,"jetpack_likes_enabled":true,"jetpack-related-posts":[],"_links":{"self":[{"href":"https:\/\/eltrabajo.cl\/portal\/wp-json\/wp\/v2\/posts\/87545","targetHints":{"allow":["GET"]}}],"collection":[{"href":"https:\/\/eltrabajo.cl\/portal\/wp-json\/wp\/v2\/posts"}],"about":[{"href":"https:\/\/eltrabajo.cl\/portal\/wp-json\/wp\/v2\/types\/post"}],"author":[{"embeddable":true,"href":"https:\/\/eltrabajo.cl\/portal\/wp-json\/wp\/v2\/users\/1"}],"replies":[{"embeddable":true,"href":"https:\/\/eltrabajo.cl\/portal\/wp-json\/wp\/v2\/comments?post=87545"}],"version-history":[{"count":0,"href":"https:\/\/eltrabajo.cl\/portal\/wp-json\/wp\/v2\/posts\/87545\/revisions"}],"wp:featuredmedia":[{"embeddable":true,"href":"https:\/\/eltrabajo.cl\/portal\/wp-json\/wp\/v2\/media\/87546"}],"wp:attachment":[{"href":"https:\/\/eltrabajo.cl\/portal\/wp-json\/wp\/v2\/media?parent=87545"}],"wp:term":[{"taxonomy":"category","embeddable":true,"href":"https:\/\/eltrabajo.cl\/portal\/wp-json\/wp\/v2\/categories?post=87545"},{"taxonomy":"post_tag","embeddable":true,"href":"https:\/\/eltrabajo.cl\/portal\/wp-json\/wp\/v2\/tags?post=87545"}],"curies":[{"name":"wp","href":"https:\/\/api.w.org\/{rel}","templated":true}]}}