{"id":87587,"date":"2018-08-02T05:00:52","date_gmt":"2018-08-02T09:00:52","guid":{"rendered":"http:\/\/www.eltrabajo.cl\/2017\/?p=87587"},"modified":"2018-08-02T05:00:52","modified_gmt":"2018-08-02T09:00:52","slug":"con-desfile-en-curimon-parten-celebraciones-de-los-278-anos-de-san-felipe","status":"publish","type":"post","link":"https:\/\/eltrabajo.cl\/portal\/con-desfile-en-curimon-parten-celebraciones-de-los-278-anos-de-san-felipe\/","title":{"rendered":"Con desfile en Curim\u00f3n parten celebraciones de los 278 a\u00f1os de San Felipe"},"content":{"rendered":"<figure id=\"attachment_87588\" aria-describedby=\"caption-attachment-87588\" style=\"width: 579px\" class=\"wp-caption alignnone\"><img data-recalc-dims=\"1\" loading=\"lazy\" decoding=\"async\" class=\"size-full wp-image-87588\" src=\"https:\/\/i0.wp.com\/www.eltrabajo.cl\/2017\/wp-content\/uploads\/2018\/08\/desfile-curimon.jpg?resize=579%2C386\" alt=\"Las fuerzas vivas del sector Curim\u00f3n estuvieron presente en esta solemne ceremonia que da el puntapi\u00e9 inicial a las actividades de celebraci\u00f3n del nuevo aniversario.\" width=\"579\" height=\"386\" srcset=\"https:\/\/i0.wp.com\/eltrabajo.cl\/portal\/wp-content\/uploads\/2018\/08\/desfile-curimon.jpg?w=579&amp;ssl=1 579w, https:\/\/i0.wp.com\/eltrabajo.cl\/portal\/wp-content\/uploads\/2018\/08\/desfile-curimon.jpg?resize=200%2C133&amp;ssl=1 200w, https:\/\/i0.wp.com\/eltrabajo.cl\/portal\/wp-content\/uploads\/2018\/08\/desfile-curimon.jpg?resize=300%2C200&amp;ssl=1 300w, https:\/\/i0.wp.com\/eltrabajo.cl\/portal\/wp-content\/uploads\/2018\/08\/desfile-curimon.jpg?resize=225%2C150&amp;ssl=1 225w, https:\/\/i0.wp.com\/eltrabajo.cl\/portal\/wp-content\/uploads\/2018\/08\/desfile-curimon.jpg?resize=400%2C267&amp;ssl=1 400w\" sizes=\"auto, (max-width: 579px) 100vw, 579px\" \/><figcaption id=\"caption-attachment-87588\" class=\"wp-caption-text\">Las fuerzas vivas del sector Curim\u00f3n estuvieron presente en esta solemne ceremonia que da el puntapi\u00e9 inicial a las actividades de celebraci\u00f3n del nuevo aniversario.<\/figcaption><\/figure>\n<p>Con la participaci\u00f3n de las autoridades encabezadas por el alcalde Patricio Freire y el gobernador Claudio Rodr\u00edguez, en compa\u00f1\u00eda de concejales, representantes del ej\u00e9rcito, iglesia y dirigentes sociales, se dio inicio a una nueva versi\u00f3n del desfile aniversario de Curim\u00f3n, que inicia el programa de actividades preparado por la municipalidad de San Felipe para festejar los 278 a\u00f1os de vida de la comuna.<br \/>\nEn la instancia, el jefe comunal destac\u00f3 la importancia de este sector para la conformaci\u00f3n de la ciudad y manifest\u00f3 que se est\u00e1 trabajando en diversos proyectos que beneficiar\u00e1n a Bucalemu, Tierras Blancas, San Rafael y Curim\u00f3n.<br \/>\n\u00abAc\u00e1 se firm\u00f3 el acta de fundaci\u00f3n de la comuna de San Felipe, por eso para nosotros es muy importante Curim\u00f3n. Sabemos que estamos avanzando en la ribera sur del R\u00edo Aconcagua, con grandes proyectos que vendr\u00e1n a mejorar la calidad de vida. Se est\u00e1 construyendo un lindo jard\u00edn en Tierras Blancas, viene el proyecto del nuevo cuartel de la Quinta Compa\u00f1\u00eda de Bomberos, el mes pasado firmamos las escrituras del terreno para el nuevo Cesfam de Curim\u00f3n, dando claras muestras que trabajamos para resolver las necesidades de la comunidad\u00bb, afirm\u00f3.<br \/>\nJunto con estos anuncios, las comunidades escolares de este sector de la comuna y organizaciones sociales desfilaron frente a la Iglesia, al comp\u00e1s del Orfe\u00f3n municipal, siendo ovacionados por las autoridades y p\u00fablico asistente.<br \/>\nPor su parte, la concejala Patricia Boffa destac\u00f3 la masiva participaci\u00f3n de esta comunidad, se\u00f1alando que \u00abiniciar este desfile ac\u00e1 es extremadamente relevante. Me alegro de la gran cantidad de p\u00fablico que hubo este a\u00f1o y adem\u00e1s el clima nos acompa\u00f1\u00f3. Felicito a todos los escolares y fuerzas vivas que participaron de este desfile que da inicio a las actividades de aniversario de la comuna\u00bb.<br \/>\nMientras que el concejal Mario Villanueva, afirm\u00f3 que \u00abestamos contentos porque se inaugurar\u00e1n varios proyectos, entre ellos la multicancha del sector Algarrobal, recuperaciones de sede, jardines infantiles y se est\u00e1n haciendo grandes proyectos en los sectores rurales, por eso llamamos a los vecinos a estar tranquilos porque tienen autoridades que est\u00e1n muy preocupados de sus problemas y dedicados a sacar los proyectos que estaban postergados hace mucho tiempo\u00bb.<br \/>\nLas autoridades invitaron a los vecinos a continuar disfrutando de las m\u00e1s de 60 actividades que el municipio dispuso para celebrar este nuevo a\u00f1o de la comuna.<\/p>\n","protected":false},"excerpt":{"rendered":"<p>Con la participaci\u00f3n de las autoridades encabezadas por el alcalde Patricio Freire y el gobernador Claudio Rodr\u00edguez, en compa\u00f1\u00eda de concejales, representantes del ej\u00e9rcito, iglesia y dirigentes sociales, se dio inicio a&#8230;<\/p>\n","protected":false},"author":1,"featured_media":87588,"comment_status":"open","ping_status":"open","sticky":false,"template":"","format":"standard","meta":{"advanced_seo_description":"","jetpack_seo_html_title":"","jetpack_seo_noindex":false,"_jetpack_memberships_contains_paid_content":false,"footnotes":""},"categories":[1],"tags":[],"class_list":["post-87587","post","type-post","status-publish","format-standard","has-post-thumbnail","hentry","category-cronica"],"jetpack_featured_media_url":"https:\/\/i0.wp.com\/eltrabajo.cl\/portal\/wp-content\/uploads\/2018\/08\/desfile-curimon.jpg?fit=579%2C386&ssl=1","jetpack_sharing_enabled":true,"jetpack_likes_enabled":true,"jetpack-related-posts":[],"_links":{"self":[{"href":"https:\/\/eltrabajo.cl\/portal\/wp-json\/wp\/v2\/posts\/87587","targetHints":{"allow":["GET"]}}],"collection":[{"href":"https:\/\/eltrabajo.cl\/portal\/wp-json\/wp\/v2\/posts"}],"about":[{"href":"https:\/\/eltrabajo.cl\/portal\/wp-json\/wp\/v2\/types\/post"}],"author":[{"embeddable":true,"href":"https:\/\/eltrabajo.cl\/portal\/wp-json\/wp\/v2\/users\/1"}],"replies":[{"embeddable":true,"href":"https:\/\/eltrabajo.cl\/portal\/wp-json\/wp\/v2\/comments?post=87587"}],"version-history":[{"count":0,"href":"https:\/\/eltrabajo.cl\/portal\/wp-json\/wp\/v2\/posts\/87587\/revisions"}],"wp:featuredmedia":[{"embeddable":true,"href":"https:\/\/eltrabajo.cl\/portal\/wp-json\/wp\/v2\/media\/87588"}],"wp:attachment":[{"href":"https:\/\/eltrabajo.cl\/portal\/wp-json\/wp\/v2\/media?parent=87587"}],"wp:term":[{"taxonomy":"category","embeddable":true,"href":"https:\/\/eltrabajo.cl\/portal\/wp-json\/wp\/v2\/categories?post=87587"},{"taxonomy":"post_tag","embeddable":true,"href":"https:\/\/eltrabajo.cl\/portal\/wp-json\/wp\/v2\/tags?post=87587"}],"curies":[{"name":"wp","href":"https:\/\/api.w.org\/{rel}","templated":true}]}}