{"id":87590,"date":"2018-08-02T05:01:36","date_gmt":"2018-08-02T09:01:36","guid":{"rendered":"http:\/\/www.eltrabajo.cl\/2017\/?p=87590"},"modified":"2018-08-02T05:01:36","modified_gmt":"2018-08-02T09:01:36","slug":"retomaran-la-construccion-de-alcantarillado-en-san-rafael-curimon","status":"publish","type":"post","link":"https:\/\/eltrabajo.cl\/portal\/retomaran-la-construccion-de-alcantarillado-en-san-rafael-curimon\/","title":{"rendered":"Retomar\u00e1n la construcci\u00f3n de alcantarillado en San Rafael &#8211; Curim\u00f3n"},"content":{"rendered":"<figure id=\"attachment_87591\" aria-describedby=\"caption-attachment-87591\" style=\"width: 579px\" class=\"wp-caption alignnone\"><img data-recalc-dims=\"1\" loading=\"lazy\" decoding=\"async\" class=\"size-full wp-image-87591\" src=\"https:\/\/i0.wp.com\/www.eltrabajo.cl\/2017\/wp-content\/uploads\/2018\/08\/ALCANTARILLADO-CURIMON.00_06_34_54.Imagen-fija001.jpg?resize=579%2C326\" alt=\"A partir de este mes de agosto se retoman los trabajos de construcci\u00f3n de redes de alcantarillado en Curim\u00f3n.\" width=\"579\" height=\"326\" srcset=\"https:\/\/i0.wp.com\/eltrabajo.cl\/portal\/wp-content\/uploads\/2018\/08\/ALCANTARILLADO-CURIMON.00_06_34_54.Imagen-fija001.jpg?w=579&amp;ssl=1 579w, https:\/\/i0.wp.com\/eltrabajo.cl\/portal\/wp-content\/uploads\/2018\/08\/ALCANTARILLADO-CURIMON.00_06_34_54.Imagen-fija001.jpg?resize=200%2C113&amp;ssl=1 200w, https:\/\/i0.wp.com\/eltrabajo.cl\/portal\/wp-content\/uploads\/2018\/08\/ALCANTARILLADO-CURIMON.00_06_34_54.Imagen-fija001.jpg?resize=300%2C169&amp;ssl=1 300w, https:\/\/i0.wp.com\/eltrabajo.cl\/portal\/wp-content\/uploads\/2018\/08\/ALCANTARILLADO-CURIMON.00_06_34_54.Imagen-fija001.jpg?resize=266%2C150&amp;ssl=1 266w, https:\/\/i0.wp.com\/eltrabajo.cl\/portal\/wp-content\/uploads\/2018\/08\/ALCANTARILLADO-CURIMON.00_06_34_54.Imagen-fija001.jpg?resize=400%2C225&amp;ssl=1 400w\" sizes=\"auto, (max-width: 579px) 100vw, 579px\" \/><figcaption id=\"caption-attachment-87591\" class=\"wp-caption-text\">A partir de este mes de agosto se retoman los trabajos de construcci\u00f3n de redes de alcantarillado en Curim\u00f3n.<\/figcaption><\/figure>\n<ul>\n<li><strong>Las obras, que tendr\u00e1n un valor superior a los $2.200 millones, se extender\u00e1n por ocho meses y vendr\u00e1n a cumplir una anhelada solicitud de los vecinos de dichos sectores.<\/strong><\/li>\n<\/ul>\n<p>Una gran noticia recibieron m\u00e1s de 340 familias de San Rafael \u2013 Curim\u00f3n, ya que la ejecuci\u00f3n de las obras del proyecto de construcci\u00f3n de redes de alcantarillado ser\u00e1 retomado desde este mes. La informaci\u00f3n fue entregada a los vecinos por el alcalde Patricio Freire, en compa\u00f1\u00eda del gobernador Claudio Rodr\u00edguez, concejales y equipos t\u00e9cnicos, quienes informaron que el plazo de ejecuci\u00f3n se extender\u00eda por ocho meses.<br \/>\n\u00abEste es un gran sue\u00f1o hecho realidad. Ya se reiniciaron las obras para este alcantarillado y le pido a la gente que tenga paciencia, porque es un anhelo que la gente de estos sectores ha tenido desde hace 30 \u00f3 40 a\u00f1os. Y qu\u00e9 mejor que iniciar el mes aniversario de nuestra comuna que anunciando estas obras que ser\u00e1n muy satisfactorias para nuestros vecinos\u00bb, afirm\u00f3 el alcalde Patricio Freire.<br \/>\nPor su parte, el gobernador Claudio Rodr\u00edguez destac\u00f3 que esto es parte de un trabajo mancomunado entre las autoridades y los vecinos, que mientras esto ocurra, todos los proyectos que van en beneficio de la comunidad, se pueden lograr.<br \/>\nMientras, los consejeros regionales Iv\u00e1n Reyes y Mario Sottolichio, afirmaron que con estas iniciativas, se mejora la calidad de vida de los vecinos, ya que \u00abexiste un compromiso de nosotros, como consejeros regionales, de sacar adelante estos proyectos\u00bb, manifestaron ambos, agregando que esa fue la raz\u00f3n para priorizar el incremento en los recursos solicitados.<br \/>\nPor su lado, Ram\u00f3n Javea, Presidente de la Junta de Vecinos de San Rafael, agradeci\u00f3 la preocupaci\u00f3n permanente de las autoridades y se\u00f1al\u00f3 que con estas obras \u00abla comunidad estar\u00e1 muy contenta. Sabemos de la constante preocupaci\u00f3n del alcalde y el gobernador. Con esto, sabemos que es el inicio de varios otros proyectos, por lo que estamos muy contentos para pronto llegar a buen t\u00e9rmino\u00bb.<br \/>\nFinalmente el alcalde Patricio Freire record\u00f3 que \u00ablos trabajos sufrieron una paralizaci\u00f3n debido a una serie de interferencias que fueron descubiertas a medida que avanzaban las obras, lo que se tradujo en la realizaci\u00f3n de modificaciones al proyecto inicial, siendo necesario gestionar recursos a trav\u00e9s del Gobierno Regional -entidad que financia esta iniciativa desde su etapa de dise\u00f1o\u2013 para su ejecuci\u00f3n, alcanzado un monto de inversi\u00f3n que supera los 2.200 millones de pesos\u00bb.<\/p>\n","protected":false},"excerpt":{"rendered":"<p>Las obras, que tendr\u00e1n un valor superior a los $2.200 millones, se extender\u00e1n por ocho meses y vendr\u00e1n a cumplir una anhelada solicitud de los vecinos de dichos sectores. Una gran noticia&#8230;<\/p>\n","protected":false},"author":1,"featured_media":87591,"comment_status":"open","ping_status":"open","sticky":false,"template":"","format":"standard","meta":{"advanced_seo_description":"","jetpack_seo_html_title":"","jetpack_seo_noindex":false,"_jetpack_memberships_contains_paid_content":false,"footnotes":""},"categories":[1],"tags":[],"class_list":["post-87590","post","type-post","status-publish","format-standard","has-post-thumbnail","hentry","category-cronica"],"jetpack_featured_media_url":"https:\/\/i0.wp.com\/eltrabajo.cl\/portal\/wp-content\/uploads\/2018\/08\/ALCANTARILLADO-CURIMON.00_06_34_54.Imagen-fija001.jpg?fit=579%2C326&ssl=1","jetpack_sharing_enabled":true,"jetpack_likes_enabled":true,"jetpack-related-posts":[],"_links":{"self":[{"href":"https:\/\/eltrabajo.cl\/portal\/wp-json\/wp\/v2\/posts\/87590","targetHints":{"allow":["GET"]}}],"collection":[{"href":"https:\/\/eltrabajo.cl\/portal\/wp-json\/wp\/v2\/posts"}],"about":[{"href":"https:\/\/eltrabajo.cl\/portal\/wp-json\/wp\/v2\/types\/post"}],"author":[{"embeddable":true,"href":"https:\/\/eltrabajo.cl\/portal\/wp-json\/wp\/v2\/users\/1"}],"replies":[{"embeddable":true,"href":"https:\/\/eltrabajo.cl\/portal\/wp-json\/wp\/v2\/comments?post=87590"}],"version-history":[{"count":0,"href":"https:\/\/eltrabajo.cl\/portal\/wp-json\/wp\/v2\/posts\/87590\/revisions"}],"wp:featuredmedia":[{"embeddable":true,"href":"https:\/\/eltrabajo.cl\/portal\/wp-json\/wp\/v2\/media\/87591"}],"wp:attachment":[{"href":"https:\/\/eltrabajo.cl\/portal\/wp-json\/wp\/v2\/media?parent=87590"}],"wp:term":[{"taxonomy":"category","embeddable":true,"href":"https:\/\/eltrabajo.cl\/portal\/wp-json\/wp\/v2\/categories?post=87590"},{"taxonomy":"post_tag","embeddable":true,"href":"https:\/\/eltrabajo.cl\/portal\/wp-json\/wp\/v2\/tags?post=87590"}],"curies":[{"name":"wp","href":"https:\/\/api.w.org\/{rel}","templated":true}]}}