{"id":87628,"date":"2018-08-03T05:04:24","date_gmt":"2018-08-03T09:04:24","guid":{"rendered":"http:\/\/www.eltrabajo.cl\/2017\/?p=87628"},"modified":"2018-08-03T05:04:24","modified_gmt":"2018-08-03T09:04:24","slug":"en-21-de-mayo-vecinos-tambien-celebraron-aniversario-de-nuestra-comuna","status":"publish","type":"post","link":"https:\/\/eltrabajo.cl\/portal\/en-21-de-mayo-vecinos-tambien-celebraron-aniversario-de-nuestra-comuna\/","title":{"rendered":"En 21 de Mayo vecinos tambi\u00e9n celebraron aniversario de nuestra comuna"},"content":{"rendered":"<figure id=\"attachment_87630\" aria-describedby=\"caption-attachment-87630\" style=\"width: 578px\" class=\"wp-caption alignnone\"><img data-recalc-dims=\"1\" loading=\"lazy\" decoding=\"async\" class=\"size-full wp-image-87630\" src=\"https:\/\/i0.wp.com\/www.eltrabajo.cl\/2017\/wp-content\/uploads\/2018\/08\/desfile-21-de-mayo-2.jpg?resize=578%2C386\" alt=\"Los adultos mayores de la comunidad tambi\u00e9n marcharon conirgullo.\" width=\"578\" height=\"386\" srcset=\"https:\/\/i0.wp.com\/eltrabajo.cl\/portal\/wp-content\/uploads\/2018\/08\/desfile-21-de-mayo-2.jpg?w=578&amp;ssl=1 578w, https:\/\/i0.wp.com\/eltrabajo.cl\/portal\/wp-content\/uploads\/2018\/08\/desfile-21-de-mayo-2.jpg?resize=200%2C134&amp;ssl=1 200w, https:\/\/i0.wp.com\/eltrabajo.cl\/portal\/wp-content\/uploads\/2018\/08\/desfile-21-de-mayo-2.jpg?resize=300%2C200&amp;ssl=1 300w, https:\/\/i0.wp.com\/eltrabajo.cl\/portal\/wp-content\/uploads\/2018\/08\/desfile-21-de-mayo-2.jpg?resize=225%2C150&amp;ssl=1 225w, https:\/\/i0.wp.com\/eltrabajo.cl\/portal\/wp-content\/uploads\/2018\/08\/desfile-21-de-mayo-2.jpg?resize=400%2C267&amp;ssl=1 400w\" sizes=\"auto, (max-width: 578px) 100vw, 578px\" \/><figcaption id=\"caption-attachment-87630\" class=\"wp-caption-text\">Los adultos mayores de la comunidad tambi\u00e9n marcharon conirgullo.<\/figcaption><\/figure>\n<p><span style=\"color: #ff0000;\"><strong>Hoy San Felipe paralizada celebrando su cumplea\u00f1os<\/strong><\/span><\/p>\n<p>Con la participaci\u00f3n de todos los establecimientos escolares que se ubican en el sector de 21 de Mayo, se dio inicio al desfile c\u00edvico militar en conmemoraci\u00f3n de los 278 a\u00f1os de la comuna de San Felipe. La actividad, parte de las iniciativas que el municipio ha programado para estas celebraciones, comenz\u00f3 pasada las 11:00 horas, y fue encabezada por el alcalde Patricio Freire, quien junto a autoridades e invitados disfrutaron de este tradicional, que cont\u00f3 con la instrumentalizaci\u00f3n de la banda del Regimiento Reforzado N\u00b03 y del Orfe\u00f3n Municipal.<br \/>\nEn el evento, el jefe comunal inform\u00f3 a los asistentes los avances que se han materializado en estos sectores, tales como el recambio de luminarias de \u00faltima generaci\u00f3n y postes, el recarpeteo de las principales v\u00edas y la ejecuci\u00f3n de los pavimentos participativos en villas y poblaciones que las anhelaban por a\u00f1os, tal como la construcci\u00f3n de un jard\u00edn infantil para Bellavista y el techado de las escuelas del sector.<br \/>\n\u00abCuando me preguntan qu\u00e9 hemos hecho en este sector, yo les digo que se han instalado techos en los colegios, ejecutado pavimentos participativos, nos comprometimos con una multicancha para este sector, que ya cuenta con el dise\u00f1o finalizado y durante este mes aniversario, vamos a inaugurar la multicancha de Algarrobal que ya est\u00e1 finalizada. Siempre estaremos trabajando para darles estas buenas noticias y qu\u00e9 mejor que hacerlo en la celebraci\u00f3n de nuestro aniversario\u00bb, afirm\u00f3 Freire.<br \/>\nPor su parte el concejal Dante Rodr\u00edguez, manifest\u00f3 su emoci\u00f3n con esta celebraci\u00f3n, puesto que \u00abestoy contento porque mi ciudad, la que quiero mucho, est\u00e1 de aniversario. Nos encuentra en un buen pie, haciendo muchas actividades. El Alcalde lo dio a conocer en sus palabras y nos queda claro que San Felipe est\u00e1 progresando cada d\u00eda m\u00e1s\u00bb, afirm\u00f3.<br \/>\nEn tanto, su par Juan Carlos Sabaj, se\u00f1al\u00f3 que \u00abme motiva mucho estar ac\u00e1, disfrutando del desfile y me encanta ver la participaci\u00f3n de la ciudadan\u00eda y de las bandas. Con esto, queda en manifiesto que estamos en un muy buen pie para la celebraci\u00f3n de este aniversario\u00bb, finaliz\u00f3.<br \/>\nLas actividades contin\u00faan hoy viernes, con el gran desfile en la Plaza de Armas, donde m\u00e1s de 70 agrupaciones comunales desfilar\u00e1n por Calle Salinas, mientras que a las 19:00 horas, en el Teatro Municipal, se presentar\u00e1 la Gala l\u00edrica Gold, que contar\u00e1 con la presentaci\u00f3n de la Soprano Internacional, Cecilia Frigerio, el Terno Daniel Olmos, Carlos Caama\u00f1o en el piano y el bajo Cristian Reyes.<\/p>\n<figure id=\"attachment_87629\" aria-describedby=\"caption-attachment-87629\" style=\"width: 579px\" class=\"wp-caption alignnone\"><img data-recalc-dims=\"1\" loading=\"lazy\" decoding=\"async\" class=\"size-full wp-image-87629\" src=\"https:\/\/i0.wp.com\/www.eltrabajo.cl\/2017\/wp-content\/uploads\/2018\/08\/desfile-21-de-mayo-1.jpg?resize=579%2C386\" alt=\"Las Fuerzas Vivas del sector 21 de Mayo, especialmente la comunidad estudiantil, salieron a las calles para celebrar el 278\u00ba aniversario de nuestra comuna.\" width=\"579\" height=\"386\" srcset=\"https:\/\/i0.wp.com\/eltrabajo.cl\/portal\/wp-content\/uploads\/2018\/08\/desfile-21-de-mayo-1.jpg?w=579&amp;ssl=1 579w, https:\/\/i0.wp.com\/eltrabajo.cl\/portal\/wp-content\/uploads\/2018\/08\/desfile-21-de-mayo-1.jpg?resize=200%2C133&amp;ssl=1 200w, https:\/\/i0.wp.com\/eltrabajo.cl\/portal\/wp-content\/uploads\/2018\/08\/desfile-21-de-mayo-1.jpg?resize=300%2C200&amp;ssl=1 300w, https:\/\/i0.wp.com\/eltrabajo.cl\/portal\/wp-content\/uploads\/2018\/08\/desfile-21-de-mayo-1.jpg?resize=225%2C150&amp;ssl=1 225w, https:\/\/i0.wp.com\/eltrabajo.cl\/portal\/wp-content\/uploads\/2018\/08\/desfile-21-de-mayo-1.jpg?resize=400%2C267&amp;ssl=1 400w\" sizes=\"auto, (max-width: 579px) 100vw, 579px\" \/><figcaption id=\"caption-attachment-87629\" class=\"wp-caption-text\">Las Fuerzas Vivas del sector 21 de Mayo, especialmente la comunidad estudiantil, salieron a las calles para celebrar el 278\u00ba aniversario de nuestra comuna.<\/figcaption><\/figure>\n<figure id=\"attachment_87631\" aria-describedby=\"caption-attachment-87631\" style=\"width: 578px\" class=\"wp-caption alignnone\"><img data-recalc-dims=\"1\" loading=\"lazy\" decoding=\"async\" class=\"size-full wp-image-87631\" src=\"https:\/\/i0.wp.com\/www.eltrabajo.cl\/2017\/wp-content\/uploads\/2018\/08\/desfile-21-de-mayo-3.jpg?resize=578%2C386\" alt=\"En la ocasi\u00f3n, el alcalde Patricio Freire anunci\u00f3 los avances y compromisos con los sectores rurales de la comuna.\" width=\"578\" height=\"386\" srcset=\"https:\/\/i0.wp.com\/eltrabajo.cl\/portal\/wp-content\/uploads\/2018\/08\/desfile-21-de-mayo-3.jpg?w=578&amp;ssl=1 578w, https:\/\/i0.wp.com\/eltrabajo.cl\/portal\/wp-content\/uploads\/2018\/08\/desfile-21-de-mayo-3.jpg?resize=200%2C134&amp;ssl=1 200w, https:\/\/i0.wp.com\/eltrabajo.cl\/portal\/wp-content\/uploads\/2018\/08\/desfile-21-de-mayo-3.jpg?resize=300%2C200&amp;ssl=1 300w, https:\/\/i0.wp.com\/eltrabajo.cl\/portal\/wp-content\/uploads\/2018\/08\/desfile-21-de-mayo-3.jpg?resize=225%2C150&amp;ssl=1 225w, https:\/\/i0.wp.com\/eltrabajo.cl\/portal\/wp-content\/uploads\/2018\/08\/desfile-21-de-mayo-3.jpg?resize=400%2C267&amp;ssl=1 400w\" sizes=\"auto, (max-width: 578px) 100vw, 578px\" \/><figcaption id=\"caption-attachment-87631\" class=\"wp-caption-text\">En la ocasi\u00f3n, el alcalde Patricio Freire anunci\u00f3 los avances y compromisos con los sectores rurales de la comuna.<\/figcaption><\/figure>\n","protected":false},"excerpt":{"rendered":"<p>Hoy San Felipe paralizada celebrando su cumplea\u00f1os Con la participaci\u00f3n de todos los establecimientos escolares que se ubican en el sector de 21 de Mayo, se dio inicio al desfile c\u00edvico militar&#8230;<\/p>\n","protected":false},"author":1,"featured_media":87629,"comment_status":"open","ping_status":"open","sticky":false,"template":"","format":"standard","meta":{"advanced_seo_description":"","jetpack_seo_html_title":"","jetpack_seo_noindex":false,"_jetpack_memberships_contains_paid_content":false,"footnotes":""},"categories":[1],"tags":[],"class_list":["post-87628","post","type-post","status-publish","format-standard","has-post-thumbnail","hentry","category-cronica"],"jetpack_featured_media_url":"https:\/\/i0.wp.com\/eltrabajo.cl\/portal\/wp-content\/uploads\/2018\/08\/desfile-21-de-mayo-1.jpg?fit=579%2C386&ssl=1","jetpack_sharing_enabled":true,"jetpack_likes_enabled":true,"jetpack-related-posts":[],"_links":{"self":[{"href":"https:\/\/eltrabajo.cl\/portal\/wp-json\/wp\/v2\/posts\/87628","targetHints":{"allow":["GET"]}}],"collection":[{"href":"https:\/\/eltrabajo.cl\/portal\/wp-json\/wp\/v2\/posts"}],"about":[{"href":"https:\/\/eltrabajo.cl\/portal\/wp-json\/wp\/v2\/types\/post"}],"author":[{"embeddable":true,"href":"https:\/\/eltrabajo.cl\/portal\/wp-json\/wp\/v2\/users\/1"}],"replies":[{"embeddable":true,"href":"https:\/\/eltrabajo.cl\/portal\/wp-json\/wp\/v2\/comments?post=87628"}],"version-history":[{"count":0,"href":"https:\/\/eltrabajo.cl\/portal\/wp-json\/wp\/v2\/posts\/87628\/revisions"}],"wp:featuredmedia":[{"embeddable":true,"href":"https:\/\/eltrabajo.cl\/portal\/wp-json\/wp\/v2\/media\/87629"}],"wp:attachment":[{"href":"https:\/\/eltrabajo.cl\/portal\/wp-json\/wp\/v2\/media?parent=87628"}],"wp:term":[{"taxonomy":"category","embeddable":true,"href":"https:\/\/eltrabajo.cl\/portal\/wp-json\/wp\/v2\/categories?post=87628"},{"taxonomy":"post_tag","embeddable":true,"href":"https:\/\/eltrabajo.cl\/portal\/wp-json\/wp\/v2\/tags?post=87628"}],"curies":[{"name":"wp","href":"https:\/\/api.w.org\/{rel}","templated":true}]}}