{"id":87641,"date":"2018-08-06T05:00:41","date_gmt":"2018-08-06T09:00:41","guid":{"rendered":"http:\/\/www.eltrabajo.cl\/2017\/?p=87641"},"modified":"2018-08-06T05:00:41","modified_gmt":"2018-08-06T09:00:41","slug":"union-san-felipe-no-defrauda-y-se-impone-merecidamente-a-la-serena","status":"publish","type":"post","link":"https:\/\/eltrabajo.cl\/portal\/union-san-felipe-no-defrauda-y-se-impone-merecidamente-a-la-serena\/","title":{"rendered":"Uni\u00f3n San Felipe no defrauda y se impone merecidamente a La Serena"},"content":{"rendered":"<figure id=\"attachment_87644\" aria-describedby=\"caption-attachment-87644\" style=\"width: 578px\" class=\"wp-caption alignnone\"><img data-recalc-dims=\"1\" loading=\"lazy\" decoding=\"async\" class=\"size-full wp-image-87644\" src=\"https:\/\/i0.wp.com\/www.eltrabajo.cl\/2017\/wp-content\/uploads\/2018\/08\/UU-uni-serena.jpg?resize=578%2C386\" alt=\"Un partido intenso donde hubo mucha marca, fue el que protagonizaron Uni\u00f3n San Felipe y Deportes La Serena. (Foto: Jaime G\u00f3mez)\" width=\"578\" height=\"386\" srcset=\"https:\/\/i0.wp.com\/eltrabajo.cl\/portal\/wp-content\/uploads\/2018\/08\/UU-uni-serena.jpg?w=578&amp;ssl=1 578w, https:\/\/i0.wp.com\/eltrabajo.cl\/portal\/wp-content\/uploads\/2018\/08\/UU-uni-serena.jpg?resize=200%2C134&amp;ssl=1 200w, https:\/\/i0.wp.com\/eltrabajo.cl\/portal\/wp-content\/uploads\/2018\/08\/UU-uni-serena.jpg?resize=300%2C200&amp;ssl=1 300w, https:\/\/i0.wp.com\/eltrabajo.cl\/portal\/wp-content\/uploads\/2018\/08\/UU-uni-serena.jpg?resize=225%2C150&amp;ssl=1 225w, https:\/\/i0.wp.com\/eltrabajo.cl\/portal\/wp-content\/uploads\/2018\/08\/UU-uni-serena.jpg?resize=400%2C267&amp;ssl=1 400w\" sizes=\"auto, (max-width: 578px) 100vw, 578px\" \/><figcaption id=\"caption-attachment-87644\" class=\"wp-caption-text\">Un partido intenso donde hubo mucha marca, fue el que protagonizaron Uni\u00f3n San Felipe y Deportes La Serena. (Foto: Jaime G\u00f3mez)<\/figcaption><\/figure>\n<ul>\n<li><span style=\"color: #ff0000;\"><strong>Una vez m\u00e1s la actuaci\u00f3n del ariete Franco Caballero result\u00f3 fundamental para que el conjunto albirrojo pudiera saborear el dulce n\u00e9ctar de la victoria.<\/strong> <\/span><\/li>\n<\/ul>\n<p>En un estadio municipal que la tarde del s\u00e1bado alberg\u00f3 m\u00e1s p\u00fablico del habitual debido a la gran campa\u00f1a que viene cumpliendo el conjunto comandado t\u00e9cnicamente por el profesor Christian Lovrincevich; Uni\u00f3n San Felipe venci\u00f3 por la cuenta m\u00ednima a un corajudo y porfiado cuadro Deportes La Serena, gracias a una conquista del delantero trasandino Franco Caballero.<br \/>\nEl partido fue trabado durante gran parte de su desarrollo, ya que las acciones se desenvolvieron principalmente en la zona media del campo de juego, lo que trajo como consecuencia que se produjeran escasas ocasiones de gol, por lo que los porteros tuvieron una jornada relativamente tranquila.<br \/>\nUn primer tiempo de estudio, pero con mucha intensidad a la hora de marcar para anular al rival y un segundo lapso m\u00e1s abierto, a ra\u00edz que los sanfelipe\u00f1os aumentaron su volumen ofensivo, fue la t\u00f3nica predominante en el cotejo entre sanfelipe\u00f1os y papayeros, que disfrutaron cerca de 900 espectadores.<br \/>\nLuego de mucho bregar y chocar continuamente con las ordenadas l\u00edneas defensivas nortinas, desde el banco t\u00e9cnico unionista notaron que la llave para romper el ordenado cerco papayero la ten\u00eda el h\u00e1bil y talentoso Brayan Valdivia, quien no necesit\u00f3 muchos minutos para provocar desajustes en los de Marcoleta.<br \/>\nMucho de los espectadores que se animaron a ir al reducto de Avenida Maip\u00fa lo hicieron motivados por dos razones: una era la gran campa\u00f1a del equipo sanfelipe\u00f1o y la otra conocer y ver en acci\u00f3n a Franco Caballero, y claramente se fueron felices a sus casas porque vieron a un cuadro local maduro que les demostr\u00f3 por qu\u00e9 hoy por hoy es el mejor de la divisi\u00f3n, mientras que el artillero les regal\u00f3 un gol de cabeza de impecable factura cuando el cronometro del juez Lara indicaba los 63\u00b4 del partido.<br \/>\nEsta nueva victoria (quinta en l\u00ednea) dej\u00f3 al Un\u00ed Un\u00ed con 31 puntos, a s\u00f3lo 3 de distancia del puntero Santiago Morning; la escuadra aconcag\u00fcina luce adem\u00e1s otras estad\u00edsticas intimidantes para sus oponentes como lo es por ejemplo que su arquero Andr\u00e9s Fern\u00e1ndez lleva 441 minutos con su arco invicto, siendo el menos batido del torneo.<br \/>\nOtros resultados:<br \/>\nRangers 0 \u2013 Puerto Montt 0; Coquimbo 2 \u2013 Copiap\u00f3 1; Melipilla 0 \u2013 Santiago Morning 1; Cobreloa 4 \u2013 San Marcos 0.<br \/>\nFicha T\u00e9cnica<br \/>\nFecha 18\u00ba.<br \/>\nTorneo Loto Primera Divisi\u00f3n B.<br \/>\nEstadio Municipal de San Felipe.<br \/>\n\u00c1rbitro: Juan Lara Luco.<br \/>\nUni\u00f3n San Felipe (1): Andr\u00e9s Fern\u00e1ndez; Jes\u00fas Pino, David Fern\u00e1ndez, Brayams Viveros, Gonzalo Villegas; Cristian Collao, Emmanuel Pio, Brian Cort\u00e9s (Brayan Valdivia), Jimmy Cisterna (Francisco Levip\u00e1n), Adolfo Lima (Gustavo Gotti); Franco Caballero. DT: Christian Lovrincevich.<br \/>\nDeportes La Serena (0): Zacar\u00edas Lopez; Sergio Ojeda, Rodrigo Brito, Enzo Ruiz; Franco Segovia (Opazo), Alan Mu\u00f1oz, Vicente Duran (Mar\u00edn), Fabian Carmona (Salazar); An\u00edbal Carvallo, Lucas Cano, Marco Pool. DT: Luis Marcoleta. Gol: 1-0, 63\u2019 Franco Caballero (USF).<br \/>\nEn camarines<br \/>\n\u201cPudimos dejar los tres puntos en casa; esto es muy valioso. Es incre\u00edble el sacrificio que hace el equipo, ahora solo queda disfrutar este momento\u201d, Franco Caballero, el h\u00e9roe de la tarde.<br \/>\n\u201cLas esperanzas y objetivo son subir de manera directa sin pasar por la liguilla; en este partido me dediqu\u00e9 m\u00e1s a defender que en otros donde tiendo a subir m\u00e1s\u201d, Cristian Collao, el fogonero albirrojo.<br \/>\n\u201cSab\u00edamos que ser\u00eda un encuentro muy trabado porque Serena es un gran equipo; pudimos hacer un partido parejo; est\u00e1bamos convencidos que todo se destrabar\u00eda en el segundo tiempo y por suerte se dio lo que hab\u00edamos planificado\u201d, Christian Lovrincevich, el t\u00e9cnico unionista.<\/p>\n<figure id=\"attachment_87643\" aria-describedby=\"caption-attachment-87643\" style=\"width: 579px\" class=\"wp-caption alignnone\"><img data-recalc-dims=\"1\" loading=\"lazy\" decoding=\"async\" class=\"size-full wp-image-87643\" src=\"https:\/\/i0.wp.com\/www.eltrabajo.cl\/2017\/wp-content\/uploads\/2018\/08\/UU-golde-caballero.jpg?resize=579%2C391\" alt=\"Pese a su esfuerzo Zacar\u00edas L\u00f3pez mira impotente como el teztaso de Franco Caballero va a la red del arco norte; instantes despu\u00e9s estallar\u00eda el Municipal. (Foto: Jaime G\u00f3mez)\" width=\"579\" height=\"391\" srcset=\"https:\/\/i0.wp.com\/eltrabajo.cl\/portal\/wp-content\/uploads\/2018\/08\/UU-golde-caballero.jpg?w=579&amp;ssl=1 579w, https:\/\/i0.wp.com\/eltrabajo.cl\/portal\/wp-content\/uploads\/2018\/08\/UU-golde-caballero.jpg?resize=200%2C135&amp;ssl=1 200w, https:\/\/i0.wp.com\/eltrabajo.cl\/portal\/wp-content\/uploads\/2018\/08\/UU-golde-caballero.jpg?resize=300%2C203&amp;ssl=1 300w, https:\/\/i0.wp.com\/eltrabajo.cl\/portal\/wp-content\/uploads\/2018\/08\/UU-golde-caballero.jpg?resize=222%2C150&amp;ssl=1 222w, https:\/\/i0.wp.com\/eltrabajo.cl\/portal\/wp-content\/uploads\/2018\/08\/UU-golde-caballero.jpg?resize=400%2C270&amp;ssl=1 400w\" sizes=\"auto, (max-width: 579px) 100vw, 579px\" \/><figcaption id=\"caption-attachment-87643\" class=\"wp-caption-text\">Pese a su esfuerzo Zacar\u00edas L\u00f3pez mira impotente como el teztaso de Franco Caballero va a la red del arco norte; instantes despu\u00e9s estallar\u00eda el Municipal. (Foto: Jaime G\u00f3mez)<\/figcaption><\/figure>\n<figure id=\"attachment_87642\" aria-describedby=\"caption-attachment-87642\" style=\"width: 579px\" class=\"wp-caption alignnone\"><img data-recalc-dims=\"1\" loading=\"lazy\" decoding=\"async\" class=\"size-full wp-image-87642\" src=\"https:\/\/i0.wp.com\/www.eltrabajo.cl\/2017\/wp-content\/uploads\/2018\/08\/UU-caballero.jpg?resize=579%2C761\" alt=\"Franco Caballero se convirti\u00f3 en el h\u00e9roe de la tarde al anotar el \u00fanico tanto del encuentro. (Foto: Jaime G\u00f3mez)\" width=\"579\" height=\"761\" srcset=\"https:\/\/i0.wp.com\/eltrabajo.cl\/portal\/wp-content\/uploads\/2018\/08\/UU-caballero.jpg?w=579&amp;ssl=1 579w, https:\/\/i0.wp.com\/eltrabajo.cl\/portal\/wp-content\/uploads\/2018\/08\/UU-caballero.jpg?resize=114%2C150&amp;ssl=1 114w, https:\/\/i0.wp.com\/eltrabajo.cl\/portal\/wp-content\/uploads\/2018\/08\/UU-caballero.jpg?resize=228%2C300&amp;ssl=1 228w, https:\/\/i0.wp.com\/eltrabajo.cl\/portal\/wp-content\/uploads\/2018\/08\/UU-caballero.jpg?resize=400%2C526&amp;ssl=1 400w\" sizes=\"auto, (max-width: 579px) 100vw, 579px\" \/><figcaption id=\"caption-attachment-87642\" class=\"wp-caption-text\">Franco Caballero se convirti\u00f3 en el h\u00e9roe de la tarde al anotar el \u00fanico tanto del encuentro. (Foto: Jaime G\u00f3mez)<\/figcaption><\/figure>\n","protected":false},"excerpt":{"rendered":"<p>Una vez m\u00e1s la actuaci\u00f3n del ariete Franco Caballero result\u00f3 fundamental para que el conjunto albirrojo pudiera saborear el dulce n\u00e9ctar de la victoria. En un estadio municipal que la tarde del&#8230;<\/p>\n","protected":false},"author":1,"featured_media":87643,"comment_status":"open","ping_status":"open","sticky":false,"template":"","format":"standard","meta":{"advanced_seo_description":"","jetpack_seo_html_title":"","jetpack_seo_noindex":false,"_jetpack_memberships_contains_paid_content":false,"footnotes":""},"categories":[19],"tags":[],"class_list":["post-87641","post","type-post","status-publish","format-standard","has-post-thumbnail","hentry","category-deportes"],"jetpack_featured_media_url":"https:\/\/i0.wp.com\/eltrabajo.cl\/portal\/wp-content\/uploads\/2018\/08\/UU-golde-caballero.jpg?fit=579%2C391&ssl=1","jetpack_sharing_enabled":true,"jetpack_likes_enabled":true,"jetpack-related-posts":[],"_links":{"self":[{"href":"https:\/\/eltrabajo.cl\/portal\/wp-json\/wp\/v2\/posts\/87641","targetHints":{"allow":["GET"]}}],"collection":[{"href":"https:\/\/eltrabajo.cl\/portal\/wp-json\/wp\/v2\/posts"}],"about":[{"href":"https:\/\/eltrabajo.cl\/portal\/wp-json\/wp\/v2\/types\/post"}],"author":[{"embeddable":true,"href":"https:\/\/eltrabajo.cl\/portal\/wp-json\/wp\/v2\/users\/1"}],"replies":[{"embeddable":true,"href":"https:\/\/eltrabajo.cl\/portal\/wp-json\/wp\/v2\/comments?post=87641"}],"version-history":[{"count":0,"href":"https:\/\/eltrabajo.cl\/portal\/wp-json\/wp\/v2\/posts\/87641\/revisions"}],"wp:featuredmedia":[{"embeddable":true,"href":"https:\/\/eltrabajo.cl\/portal\/wp-json\/wp\/v2\/media\/87643"}],"wp:attachment":[{"href":"https:\/\/eltrabajo.cl\/portal\/wp-json\/wp\/v2\/media?parent=87641"}],"wp:term":[{"taxonomy":"category","embeddable":true,"href":"https:\/\/eltrabajo.cl\/portal\/wp-json\/wp\/v2\/categories?post=87641"},{"taxonomy":"post_tag","embeddable":true,"href":"https:\/\/eltrabajo.cl\/portal\/wp-json\/wp\/v2\/tags?post=87641"}],"curies":[{"name":"wp","href":"https:\/\/api.w.org\/{rel}","templated":true}]}}