{"id":87646,"date":"2018-08-06T05:01:06","date_gmt":"2018-08-06T09:01:06","guid":{"rendered":"http:\/\/www.eltrabajo.cl\/2017\/?p=87646"},"modified":"2018-08-06T05:01:06","modified_gmt":"2018-08-06T09:01:06","slug":"nueva-baja-de-temperaturas-activa-codigo-azul-en-los-andes-y-san-felipe","status":"publish","type":"post","link":"https:\/\/eltrabajo.cl\/portal\/nueva-baja-de-temperaturas-activa-codigo-azul-en-los-andes-y-san-felipe\/","title":{"rendered":"Nueva baja de temperaturas activa C\u00f3digo Azul en Los Andes y San Felipe"},"content":{"rendered":"<figure id=\"attachment_87647\" aria-describedby=\"caption-attachment-87647\" style=\"width: 579px\" class=\"wp-caption alignnone\"><img data-recalc-dims=\"1\" loading=\"lazy\" decoding=\"async\" class=\"size-full wp-image-87647\" src=\"https:\/\/i0.wp.com\/www.eltrabajo.cl\/2017\/wp-content\/uploads\/2018\/08\/Azul1.jpg?resize=579%2C402\" alt=\"Esta medida se implementar\u00e1 por sexta vez en Valle del Aconcagua, rige desde este viernes 3 de agosto y contempla Refugio y Ruta Social, duplicando la oferta social del Plan Invierno en ambos territorios.\" width=\"579\" height=\"402\" srcset=\"https:\/\/i0.wp.com\/eltrabajo.cl\/portal\/wp-content\/uploads\/2018\/08\/Azul1.jpg?w=579&amp;ssl=1 579w, https:\/\/i0.wp.com\/eltrabajo.cl\/portal\/wp-content\/uploads\/2018\/08\/Azul1.jpg?resize=200%2C139&amp;ssl=1 200w, https:\/\/i0.wp.com\/eltrabajo.cl\/portal\/wp-content\/uploads\/2018\/08\/Azul1.jpg?resize=300%2C208&amp;ssl=1 300w, https:\/\/i0.wp.com\/eltrabajo.cl\/portal\/wp-content\/uploads\/2018\/08\/Azul1.jpg?resize=216%2C150&amp;ssl=1 216w, https:\/\/i0.wp.com\/eltrabajo.cl\/portal\/wp-content\/uploads\/2018\/08\/Azul1.jpg?resize=400%2C278&amp;ssl=1 400w\" sizes=\"auto, (max-width: 579px) 100vw, 579px\" \/><figcaption id=\"caption-attachment-87647\" class=\"wp-caption-text\">Esta medida se implementar\u00e1 por sexta vez en Valle del Aconcagua, rige desde este viernes 3 de agosto y contempla Refugio y Ruta Social, duplicando la oferta social del Plan Invierno en ambos territorios.<\/figcaption><\/figure>\n<p>Gracias al monitoreo permanente que realiza Meteorolog\u00eda, preparando y entregando informes especializados con el pron\u00f3stico del tiempo, el Seremi de Desarrollo Social, Ricardo Figueroa, en antecedente de dicha evidencia t\u00e9cnica, activ\u00f3 nuevamente el C\u00f3digo Azul en Los Andes y San Felipe para prevenir que las personas en situaci\u00f3n de calle est\u00e9n expuestas a oscilaciones clim\u00e1ticas extremas que se esperan a partir del pasado viernes 3 de agosto.<br \/>\nCon estos antecedentes ya se estableci\u00f3 la coordinaci\u00f3n provincial y se inform\u00f3 a todos los organismos colaboradores del C\u00f3digo Azul que los dispositivos de emergencia se habilitar\u00e1n entre las 17:00 horas de hoy, hasta las 13:00 horas del d\u00eda s\u00e1bado 4 de agosto.<br \/>\nA este respecto, el Seremi Ricardo Figueroa destac\u00f3 que \u00abse vuelve a activar el c\u00f3digo azul porque viene una nueva baja de temperatura, lo que hace que tambi\u00e9n los d\u00edas y noches est\u00e9n bastantes fr\u00edos. Eso significa poder nuevamente establecer esta estrategia que duplica las raciones y todo lo que significan los operativos para fortalecer esta protecci\u00f3n tanto en San Felipe como en Los Andes\u00bb.<br \/>\nEn San Felipe se habilitar\u00e1 el Albergue Provincial en la Iglesia de Cristo Latinoamericana, ubicada en Cherc\u00e1n Tapia 1034, en tanto que en Los Andes, se activar\u00e1 el Operativo M\u00f3vil que duplica las raciones de la Ruta Calle.<br \/>\nCabe recordar que el C\u00f3digo Azul es una medida implementada por el presidente Sebasti\u00e1n Pi\u00f1era para resguardar y proteger la vida de las personas en situaci\u00f3n de calle, el cual se define como un dispositivo de emergencia preventivo que complementa las prestaciones que se entregan por 135 d\u00edas, de manera ininterrumpida, a trav\u00e9s del Plan Invierno financiado por el ministerio de Desarrollo Social y que contempla albergues, Rutas Calles y Ruta M\u00e9dica.<\/p>\n","protected":false},"excerpt":{"rendered":"<p>Gracias al monitoreo permanente que realiza Meteorolog\u00eda, preparando y entregando informes especializados con el pron\u00f3stico del tiempo, el Seremi de Desarrollo Social, Ricardo Figueroa, en antecedente de dicha evidencia t\u00e9cnica, activ\u00f3 nuevamente&#8230;<\/p>\n","protected":false},"author":1,"featured_media":87647,"comment_status":"open","ping_status":"open","sticky":false,"template":"","format":"standard","meta":{"advanced_seo_description":"","jetpack_seo_html_title":"","jetpack_seo_noindex":false,"_jetpack_memberships_contains_paid_content":false,"footnotes":""},"categories":[1],"tags":[],"class_list":["post-87646","post","type-post","status-publish","format-standard","has-post-thumbnail","hentry","category-cronica"],"jetpack_featured_media_url":"https:\/\/i0.wp.com\/eltrabajo.cl\/portal\/wp-content\/uploads\/2018\/08\/Azul1.jpg?fit=579%2C402&ssl=1","jetpack_sharing_enabled":true,"jetpack_likes_enabled":true,"jetpack-related-posts":[],"_links":{"self":[{"href":"https:\/\/eltrabajo.cl\/portal\/wp-json\/wp\/v2\/posts\/87646","targetHints":{"allow":["GET"]}}],"collection":[{"href":"https:\/\/eltrabajo.cl\/portal\/wp-json\/wp\/v2\/posts"}],"about":[{"href":"https:\/\/eltrabajo.cl\/portal\/wp-json\/wp\/v2\/types\/post"}],"author":[{"embeddable":true,"href":"https:\/\/eltrabajo.cl\/portal\/wp-json\/wp\/v2\/users\/1"}],"replies":[{"embeddable":true,"href":"https:\/\/eltrabajo.cl\/portal\/wp-json\/wp\/v2\/comments?post=87646"}],"version-history":[{"count":0,"href":"https:\/\/eltrabajo.cl\/portal\/wp-json\/wp\/v2\/posts\/87646\/revisions"}],"wp:featuredmedia":[{"embeddable":true,"href":"https:\/\/eltrabajo.cl\/portal\/wp-json\/wp\/v2\/media\/87647"}],"wp:attachment":[{"href":"https:\/\/eltrabajo.cl\/portal\/wp-json\/wp\/v2\/media?parent=87646"}],"wp:term":[{"taxonomy":"category","embeddable":true,"href":"https:\/\/eltrabajo.cl\/portal\/wp-json\/wp\/v2\/categories?post=87646"},{"taxonomy":"post_tag","embeddable":true,"href":"https:\/\/eltrabajo.cl\/portal\/wp-json\/wp\/v2\/tags?post=87646"}],"curies":[{"name":"wp","href":"https:\/\/api.w.org\/{rel}","templated":true}]}}