{"id":87650,"date":"2018-08-06T05:02:28","date_gmt":"2018-08-06T09:02:28","guid":{"rendered":"http:\/\/www.eltrabajo.cl\/2017\/?p=87650"},"modified":"2018-08-06T05:02:28","modified_gmt":"2018-08-06T09:02:28","slug":"asistimos-al-funeral-de-la-region-de-valparaiso-como-la-conocemos-hoy-en-dia","status":"publish","type":"post","link":"https:\/\/eltrabajo.cl\/portal\/asistimos-al-funeral-de-la-region-de-valparaiso-como-la-conocemos-hoy-en-dia\/","title":{"rendered":"\u00abAsistimos al funeral de la Regi\u00f3n de Valpara\u00edso como la conocemos hoy en d\u00eda\u00bb"},"content":{"rendered":"<figure id=\"attachment_87651\" aria-describedby=\"caption-attachment-87651\" style=\"width: 580px\" class=\"wp-caption alignnone\"><img data-recalc-dims=\"1\" loading=\"lazy\" decoding=\"async\" class=\"size-full wp-image-87651\" src=\"https:\/\/i0.wp.com\/www.eltrabajo.cl\/2017\/wp-content\/uploads\/2018\/08\/Peaje_Marcelo-Schilling.jpg?resize=580%2C290\" alt=\"Marcelo Schilling, diputado por el Distrito 6.\" width=\"580\" height=\"290\" srcset=\"https:\/\/i0.wp.com\/eltrabajo.cl\/portal\/wp-content\/uploads\/2018\/08\/Peaje_Marcelo-Schilling.jpg?w=580&amp;ssl=1 580w, https:\/\/i0.wp.com\/eltrabajo.cl\/portal\/wp-content\/uploads\/2018\/08\/Peaje_Marcelo-Schilling.jpg?resize=200%2C100&amp;ssl=1 200w, https:\/\/i0.wp.com\/eltrabajo.cl\/portal\/wp-content\/uploads\/2018\/08\/Peaje_Marcelo-Schilling.jpg?resize=300%2C150&amp;ssl=1 300w, https:\/\/i0.wp.com\/eltrabajo.cl\/portal\/wp-content\/uploads\/2018\/08\/Peaje_Marcelo-Schilling.jpg?resize=400%2C200&amp;ssl=1 400w\" sizes=\"auto, (max-width: 580px) 100vw, 580px\" \/><figcaption id=\"caption-attachment-87651\" class=\"wp-caption-text\">Marcelo Schilling, diputado por el Distrito 6.<\/figcaption><\/figure>\n<p><span style=\"color: #ff0000;\"><strong>Diputado Marcelo Schilling tras alza de Peaje Las Vegas:<\/strong><\/span><\/p>\n<p>La importante alza en la tarifa de Peaje Las Vegas en la comuna de Llay Llay, que pas\u00f3 de $2.100 a $2.800, ha indignado a los habitantes del Valle de Aconcagua. Y no es para menos, dado que la sociedad concesionaria Autopista del Aconcagua, que tiene a cargo la Ruta 5 Norte entre Santiago y Los Vilos, habr\u00eda adoptado la medida debido a que rebaj\u00f3 la tarifa en la plaza de Peaje Lampa, que pas\u00f3 de $1.000 a $300, beneficiando a las comunas de la Regi\u00f3n Metropolitana.<br \/>\nAl respecto, Marcelo Schilling, diputado por el Distrito 6 del cual forman parte las comunas de las provincias de San Felipe y Los Andes, critic\u00f3 fuertemente la medida, se\u00f1alando que esta acent\u00faa a\u00fan m\u00e1s las barreras que dividen la costa con el interior de la actual Regi\u00f3n de Valpara\u00edso.<br \/>\n\u00abEsto revela el descriterio absoluto en materia pol\u00edtica y social de los decisores que adoptaron esta resoluci\u00f3n, porque aqu\u00ed a lo que estamos asistiendo es al funeral de la Regi\u00f3n de Valpara\u00edso como la conocemos hoy en d\u00eda poniendo una barrera m\u00e1s a la uni\u00f3n del litoral con el interior\u00bb, dijo el parlamentario.<br \/>\nPara el diputado esta medida no hace m\u00e1s que dejar en evidencia la necesidad de crear la Regi\u00f3n de Aconcagua, asegurando que la actual configuraci\u00f3n de la Regi\u00f3n de Valpara\u00edso no da para m\u00e1s.<br \/>\n\u00abLos que dicen que es posible llevar adelante el desarrollo de la Regi\u00f3n de Valpara\u00edso -tal como la conocemos hoy en d\u00eda- son desmentidos, cada vez por las decisiones que toma la autoridad. Esto revela una falta de sensibilidad pol\u00edtica y social absoluta y no se puede dejar la tarea de gobernar en manos del descriterio, porque no hay otra palabra para referirse a esto\u00bb, sostuvo el parlamentario.<br \/>\nA\u00f1adi\u00f3 que podr\u00e1n decir que es un poquito, \u00abpero en realidad es una barrera enorme para la gente que debe desplazarse de manera continua entre el interior y la costa, por razones laborales, de estudio, familiares o cualquiera sea la raz\u00f3n\u00bb.<br \/>\n\u00abEl peaje se ha convertido en una especie de s\u00edmbolo de las trabas a los v\u00ednculos entre la costa y el interior y si tiene una parte optimista, es que esto es una raz\u00f3n m\u00e1s para la creaci\u00f3n de la Regi\u00f3n de Aconcagua y la recuperaci\u00f3n de su autonom\u00eda\u00bb.<br \/>\nFinalmente el congresista, se\u00f1al\u00f3 estar seguro que la totalidad de los parlamentarios de la zona se oponen a esta decisi\u00f3n, dado que no hace m\u00e1s que beneficiar a la uni\u00f3n de la Regi\u00f3n Metropolitana en desmedro del Aconcagua.<br \/>\n\u00abLe aseguro que los ocho diputados y los senadores deben estar molestos, porque este es como un balde agua fr\u00eda que compensa a Santiago perjudicando a las regiones. Aqu\u00ed lo que hicieron fue facilitar la uni\u00f3n de la Regi\u00f3n Metropolitana bajando el peaje entre Santiago y Lampa trasladando el costo a la Regi\u00f3n de Valpara\u00edso\u00bb, espet\u00f3 el diputado.<\/p>\n<p>&nbsp;<\/p>\n","protected":false},"excerpt":{"rendered":"<p>Diputado Marcelo Schilling tras alza de Peaje Las Vegas: La importante alza en la tarifa de Peaje Las Vegas en la comuna de Llay Llay, que pas\u00f3 de $2.100 a $2.800, ha&#8230;<\/p>\n","protected":false},"author":1,"featured_media":87651,"comment_status":"open","ping_status":"open","sticky":false,"template":"","format":"standard","meta":{"advanced_seo_description":"","jetpack_seo_html_title":"","jetpack_seo_noindex":false,"_jetpack_memberships_contains_paid_content":false,"footnotes":""},"categories":[1],"tags":[],"class_list":["post-87650","post","type-post","status-publish","format-standard","has-post-thumbnail","hentry","category-cronica"],"jetpack_featured_media_url":"https:\/\/i0.wp.com\/eltrabajo.cl\/portal\/wp-content\/uploads\/2018\/08\/Peaje_Marcelo-Schilling.jpg?fit=580%2C290&ssl=1","jetpack_sharing_enabled":true,"jetpack_likes_enabled":true,"jetpack-related-posts":[],"_links":{"self":[{"href":"https:\/\/eltrabajo.cl\/portal\/wp-json\/wp\/v2\/posts\/87650","targetHints":{"allow":["GET"]}}],"collection":[{"href":"https:\/\/eltrabajo.cl\/portal\/wp-json\/wp\/v2\/posts"}],"about":[{"href":"https:\/\/eltrabajo.cl\/portal\/wp-json\/wp\/v2\/types\/post"}],"author":[{"embeddable":true,"href":"https:\/\/eltrabajo.cl\/portal\/wp-json\/wp\/v2\/users\/1"}],"replies":[{"embeddable":true,"href":"https:\/\/eltrabajo.cl\/portal\/wp-json\/wp\/v2\/comments?post=87650"}],"version-history":[{"count":0,"href":"https:\/\/eltrabajo.cl\/portal\/wp-json\/wp\/v2\/posts\/87650\/revisions"}],"wp:featuredmedia":[{"embeddable":true,"href":"https:\/\/eltrabajo.cl\/portal\/wp-json\/wp\/v2\/media\/87651"}],"wp:attachment":[{"href":"https:\/\/eltrabajo.cl\/portal\/wp-json\/wp\/v2\/media?parent=87650"}],"wp:term":[{"taxonomy":"category","embeddable":true,"href":"https:\/\/eltrabajo.cl\/portal\/wp-json\/wp\/v2\/categories?post=87650"},{"taxonomy":"post_tag","embeddable":true,"href":"https:\/\/eltrabajo.cl\/portal\/wp-json\/wp\/v2\/tags?post=87650"}],"curies":[{"name":"wp","href":"https:\/\/api.w.org\/{rel}","templated":true}]}}