{"id":87669,"date":"2018-08-06T05:04:52","date_gmt":"2018-08-06T09:04:52","guid":{"rendered":"http:\/\/www.eltrabajo.cl\/2017\/?p=87669"},"modified":"2018-08-06T05:04:52","modified_gmt":"2018-08-06T09:04:52","slug":"tragica-muerte-de-inspector-cristian-segovia-estremece-todo-el-valle","status":"publish","type":"post","link":"https:\/\/eltrabajo.cl\/portal\/tragica-muerte-de-inspector-cristian-segovia-estremece-todo-el-valle\/","title":{"rendered":"Tr\u00e1gica muerte de Inspector Cristian Segovia estremece a todo el valle"},"content":{"rendered":"<figure id=\"attachment_87672\" aria-describedby=\"caption-attachment-87672\" style=\"width: 580px\" class=\"wp-caption alignnone\"><img data-recalc-dims=\"1\" loading=\"lazy\" decoding=\"async\" class=\"size-full wp-image-87672\" src=\"https:\/\/i0.wp.com\/www.eltrabajo.cl\/2017\/wp-content\/uploads\/2018\/08\/cristian-segovia-millon.jpg?resize=580%2C431\" alt=\"Cristian Segovia Mill\u00f3n, conocido vecino e Inspector del Colegio Santa Mar\u00eda de Aconcagua, falleci\u00f3 a ra\u00edz de un accidente de tr\u00e1nsito.\" width=\"580\" height=\"431\" srcset=\"https:\/\/i0.wp.com\/eltrabajo.cl\/portal\/wp-content\/uploads\/2018\/08\/cristian-segovia-millon.jpg?w=580&amp;ssl=1 580w, https:\/\/i0.wp.com\/eltrabajo.cl\/portal\/wp-content\/uploads\/2018\/08\/cristian-segovia-millon.jpg?resize=200%2C150&amp;ssl=1 200w, https:\/\/i0.wp.com\/eltrabajo.cl\/portal\/wp-content\/uploads\/2018\/08\/cristian-segovia-millon.jpg?resize=300%2C223&amp;ssl=1 300w, https:\/\/i0.wp.com\/eltrabajo.cl\/portal\/wp-content\/uploads\/2018\/08\/cristian-segovia-millon.jpg?resize=202%2C150&amp;ssl=1 202w, https:\/\/i0.wp.com\/eltrabajo.cl\/portal\/wp-content\/uploads\/2018\/08\/cristian-segovia-millon.jpg?resize=400%2C297&amp;ssl=1 400w\" sizes=\"auto, (max-width: 580px) 100vw, 580px\" \/><figcaption id=\"caption-attachment-87672\" class=\"wp-caption-text\">Cristian Segovia Mill\u00f3n, conocido vecino e Inspector del Colegio Santa Mar\u00eda de Aconcagua, falleci\u00f3 a ra\u00edz de un accidente de tr\u00e1nsito.<\/figcaption><\/figure>\n<p><span style=\"color: #ff0000;\"><strong>Fatal accidente de tr\u00e1nsito en enlace Monasterio:<\/strong><\/span><\/p>\n<ul>\n<li><strong>Sus restos mortales est\u00e1n siendo velados en el Colegio Santa Mar\u00eda de Aconcagua, en donde se desempe\u00f1\u00f3 destacadamente, para ser despedido tras una Misa que se efectuar\u00e1 hoy lunes a las 16:00 horas.<\/strong><\/li>\n<\/ul>\n<p>Profundo pesar origin\u00f3 en la comunidad aconcag\u00fcina el fallecimiento de un conocido inspector del Colegio Santa Mar\u00eda de Aconcagua, Cristian Arturo Segovia Mill\u00f3n, de 37 a\u00f1os de edad, quien perdi\u00f3 la vida en un tr\u00e1gico accidente automovil\u00edstico ocurrido pasadas las 06:00 horas de este domingo en Puente Tres esquinas del Enlace Monasterio en San Felipe.<\/p>\n<p><span style=\"color: #ff0000;\"><strong>VIOLENTO CHOQUE<\/strong><\/span><br \/>\nDe acuerdo a los antecedentes policiales que est\u00e1n siendo investigados, el accidente se habr\u00eda originado en circunstancias que el conductor del veh\u00edculo marca Peugeot, placa patente WE-8775, identificado como Luis Andr\u00e9s Chaparro Silva, de 40 a\u00f1os de edad, con domicilio en la comuna de Catemu, circulaba por el enlace Monasterio desde San Felipe en direcci\u00f3n a la Ruta 60 CH.<br \/>\nLas primeras hip\u00f3tesis revelar\u00edan que se produjo una colisi\u00f3n de alto impacto, luego el veh\u00edculo marca Chevrolet, placa patente JT JT \u2013 17, conducido por Cristian Segovia, quien se desplazaba en sentido contrario, colisionara frontalmente contra el otro m\u00f3vil se\u00f1alado, tras aparentemente haber sobrepasado el eje central de la calzada.<br \/>\nA ra\u00edz del accidente de tr\u00e1nsito, se constituyeron los organismos de emergencia rescatando a Luis Chaparro Silva, quien fue derivado por el personal del Samu hasta el Hospital San Juan de Dios de Los Andes, con lesiones de car\u00e1cter reservado, sin riesgo vital.<br \/>\nEn cuanto a Cristian Segovia, la ambulancia del Samu lo traslad\u00f3 hasta el Servicio de Urgencias del Hospital San Camilo de San Felipe, en riesgo vital, falleciendo alrededor de las 07:00 de la ma\u00f1ana de este domingo a ra\u00edz de las graves lesiones sufridas.<br \/>\nEl Fiscal de Turno dispuso de las diligencias del personal de la Subcomisar\u00eda Investigadora de Accidentes de Tr\u00e1nsito (Siat) de Carabineros de San Felipe, para establecer las causas basales del accidente y si existi\u00f3 presencia de alcohol entre los conductores protagonistas de este lamentable hecho. Asimismo, la Fiscal\u00eda dispuso que el conductor Luis Chaparro Silva ser\u00e1 citado pr\u00f3ximamente al Ministerio P\u00fablico para dar curso a las investigaciones del accidente de tr\u00e1nsito.<\/p>\n<p><span style=\"color: #ff0000;\"><strong>DUELO GENERAL<\/strong><\/span><br \/>\nEn tanto, la comunidad educativa del Colegio Santa Mar\u00eda de Aconcagua hizo extensivo su profundo pesar en las redes sociales, tras el fallecimiento de Cristian Segovia Mill\u00f3n, quien se desempe\u00f1aba como Inspector en ese establecimiento, siendo conocido en la comuna de San Felipe y Santa Mar\u00eda, donde registraba domicilio en esta \u00faltima localidad. Sus restos mortales est\u00e1n siendo velados en el gimnasio del mismo colegio, donde se desempe\u00f1\u00f3 destacadamente para ser despedido luego de una Misa que se efectuar\u00e1 a las 16:00 horas de hoy lunes.<br \/>\n<strong>Pablo Salinas Sald\u00edas<\/strong><\/p>\n<figure id=\"attachment_87670\" aria-describedby=\"caption-attachment-87670\" style=\"width: 578px\" class=\"wp-caption alignnone\"><img data-recalc-dims=\"1\" loading=\"lazy\" decoding=\"async\" class=\"size-full wp-image-87670\" src=\"https:\/\/i0.wp.com\/www.eltrabajo.cl\/2017\/wp-content\/uploads\/2018\/08\/choque-fatal-1.jpg?resize=578%2C325\" alt=\"Los da\u00f1os registrados en el autom\u00f3vil del Inspector del colegio de Santa Mar\u00eda revelan la enorme la violencia del impacto.\" width=\"578\" height=\"325\" srcset=\"https:\/\/i0.wp.com\/eltrabajo.cl\/portal\/wp-content\/uploads\/2018\/08\/choque-fatal-1.jpg?w=578&amp;ssl=1 578w, https:\/\/i0.wp.com\/eltrabajo.cl\/portal\/wp-content\/uploads\/2018\/08\/choque-fatal-1.jpg?resize=200%2C112&amp;ssl=1 200w, https:\/\/i0.wp.com\/eltrabajo.cl\/portal\/wp-content\/uploads\/2018\/08\/choque-fatal-1.jpg?resize=300%2C169&amp;ssl=1 300w, https:\/\/i0.wp.com\/eltrabajo.cl\/portal\/wp-content\/uploads\/2018\/08\/choque-fatal-1.jpg?resize=267%2C150&amp;ssl=1 267w, https:\/\/i0.wp.com\/eltrabajo.cl\/portal\/wp-content\/uploads\/2018\/08\/choque-fatal-1.jpg?resize=400%2C225&amp;ssl=1 400w\" sizes=\"auto, (max-width: 578px) 100vw, 578px\" \/><figcaption id=\"caption-attachment-87670\" class=\"wp-caption-text\">Los da\u00f1os registrados en el autom\u00f3vil del Inspector del colegio de Santa Mar\u00eda revelan la enorme la violencia del impacto.<\/figcaption><\/figure>\n<figure id=\"attachment_87671\" aria-describedby=\"caption-attachment-87671\" style=\"width: 578px\" class=\"wp-caption alignnone\"><img data-recalc-dims=\"1\" loading=\"lazy\" decoding=\"async\" class=\"size-full wp-image-87671\" src=\"https:\/\/i0.wp.com\/www.eltrabajo.cl\/2017\/wp-content\/uploads\/2018\/08\/choque-fatal-2.jpg?resize=578%2C325\" alt=\"El conductor del otro veh\u00edculo involucrado fue derivado por personal del Samu hasta el Hospital San Juan de Dios de Los Andes, con lesiones de car\u00e1cter reservado, sin riesgo vital.\" width=\"578\" height=\"325\" srcset=\"https:\/\/i0.wp.com\/eltrabajo.cl\/portal\/wp-content\/uploads\/2018\/08\/choque-fatal-2.jpg?w=578&amp;ssl=1 578w, https:\/\/i0.wp.com\/eltrabajo.cl\/portal\/wp-content\/uploads\/2018\/08\/choque-fatal-2.jpg?resize=200%2C112&amp;ssl=1 200w, https:\/\/i0.wp.com\/eltrabajo.cl\/portal\/wp-content\/uploads\/2018\/08\/choque-fatal-2.jpg?resize=300%2C169&amp;ssl=1 300w, https:\/\/i0.wp.com\/eltrabajo.cl\/portal\/wp-content\/uploads\/2018\/08\/choque-fatal-2.jpg?resize=267%2C150&amp;ssl=1 267w, https:\/\/i0.wp.com\/eltrabajo.cl\/portal\/wp-content\/uploads\/2018\/08\/choque-fatal-2.jpg?resize=400%2C225&amp;ssl=1 400w\" sizes=\"auto, (max-width: 578px) 100vw, 578px\" \/><figcaption id=\"caption-attachment-87671\" class=\"wp-caption-text\">El conductor del otro veh\u00edculo involucrado fue derivado por personal del Samu hasta el Hospital San Juan de Dios de Los Andes, con lesiones de car\u00e1cter reservado, sin riesgo vital.<\/figcaption><\/figure>\n","protected":false},"excerpt":{"rendered":"<p>Fatal accidente de tr\u00e1nsito en enlace Monasterio: Sus restos mortales est\u00e1n siendo velados en el Colegio Santa Mar\u00eda de Aconcagua, en donde se desempe\u00f1\u00f3 destacadamente, para ser despedido tras una Misa que&#8230;<\/p>\n","protected":false},"author":1,"featured_media":87670,"comment_status":"open","ping_status":"open","sticky":false,"template":"","format":"standard","meta":{"advanced_seo_description":"","jetpack_seo_html_title":"","jetpack_seo_noindex":false,"_jetpack_memberships_contains_paid_content":false,"footnotes":""},"categories":[21],"tags":[],"class_list":["post-87669","post","type-post","status-publish","format-standard","has-post-thumbnail","hentry","category-policial"],"jetpack_featured_media_url":"https:\/\/i0.wp.com\/eltrabajo.cl\/portal\/wp-content\/uploads\/2018\/08\/choque-fatal-1.jpg?fit=578%2C325&ssl=1","jetpack_sharing_enabled":true,"jetpack_likes_enabled":true,"jetpack-related-posts":[],"_links":{"self":[{"href":"https:\/\/eltrabajo.cl\/portal\/wp-json\/wp\/v2\/posts\/87669","targetHints":{"allow":["GET"]}}],"collection":[{"href":"https:\/\/eltrabajo.cl\/portal\/wp-json\/wp\/v2\/posts"}],"about":[{"href":"https:\/\/eltrabajo.cl\/portal\/wp-json\/wp\/v2\/types\/post"}],"author":[{"embeddable":true,"href":"https:\/\/eltrabajo.cl\/portal\/wp-json\/wp\/v2\/users\/1"}],"replies":[{"embeddable":true,"href":"https:\/\/eltrabajo.cl\/portal\/wp-json\/wp\/v2\/comments?post=87669"}],"version-history":[{"count":0,"href":"https:\/\/eltrabajo.cl\/portal\/wp-json\/wp\/v2\/posts\/87669\/revisions"}],"wp:featuredmedia":[{"embeddable":true,"href":"https:\/\/eltrabajo.cl\/portal\/wp-json\/wp\/v2\/media\/87670"}],"wp:attachment":[{"href":"https:\/\/eltrabajo.cl\/portal\/wp-json\/wp\/v2\/media?parent=87669"}],"wp:term":[{"taxonomy":"category","embeddable":true,"href":"https:\/\/eltrabajo.cl\/portal\/wp-json\/wp\/v2\/categories?post=87669"},{"taxonomy":"post_tag","embeddable":true,"href":"https:\/\/eltrabajo.cl\/portal\/wp-json\/wp\/v2\/tags?post=87669"}],"curies":[{"name":"wp","href":"https:\/\/api.w.org\/{rel}","templated":true}]}}