{"id":87683,"date":"2018-08-07T05:02:51","date_gmt":"2018-08-07T09:02:51","guid":{"rendered":"http:\/\/www.eltrabajo.cl\/2017\/?p=87683"},"modified":"2018-08-07T05:02:51","modified_gmt":"2018-08-07T09:02:51","slug":"abren-proceso-de-admision-a-carabineros-para-realizar-labores-administrativas","status":"publish","type":"post","link":"https:\/\/eltrabajo.cl\/portal\/abren-proceso-de-admision-a-carabineros-para-realizar-labores-administrativas\/","title":{"rendered":"Abren proceso de admisi\u00f3n a Carabineros para realizar labores administrativas"},"content":{"rendered":"<figure id=\"attachment_87684\" aria-describedby=\"caption-attachment-87684\" style=\"width: 580px\" class=\"wp-caption alignnone\"><img data-recalc-dims=\"1\" loading=\"lazy\" decoding=\"async\" class=\"size-full wp-image-87684\" src=\"https:\/\/i0.wp.com\/www.eltrabajo.cl\/2017\/wp-content\/uploads\/2018\/08\/carabinera-en-oficina-2.jpg?resize=580%2C400\" alt=\"Los seleccionados pasar\u00e1n a formar parte de la planta de Carabineros, vestir\u00e1n uniforme y gozar\u00e1n de los beneficios previsionales, pero s\u00f3lo cumplir\u00e1n funciones administrativas.\" width=\"580\" height=\"400\" srcset=\"https:\/\/i0.wp.com\/eltrabajo.cl\/portal\/wp-content\/uploads\/2018\/08\/carabinera-en-oficina-2.jpg?w=580&amp;ssl=1 580w, https:\/\/i0.wp.com\/eltrabajo.cl\/portal\/wp-content\/uploads\/2018\/08\/carabinera-en-oficina-2.jpg?resize=200%2C138&amp;ssl=1 200w, https:\/\/i0.wp.com\/eltrabajo.cl\/portal\/wp-content\/uploads\/2018\/08\/carabinera-en-oficina-2.jpg?resize=300%2C207&amp;ssl=1 300w, https:\/\/i0.wp.com\/eltrabajo.cl\/portal\/wp-content\/uploads\/2018\/08\/carabinera-en-oficina-2.jpg?resize=218%2C150&amp;ssl=1 218w, https:\/\/i0.wp.com\/eltrabajo.cl\/portal\/wp-content\/uploads\/2018\/08\/carabinera-en-oficina-2.jpg?resize=400%2C276&amp;ssl=1 400w\" sizes=\"auto, (max-width: 580px) 100vw, 580px\" \/><figcaption id=\"caption-attachment-87684\" class=\"wp-caption-text\">Los seleccionados pasar\u00e1n a formar parte de la planta de Carabineros, vestir\u00e1n uniforme y gozar\u00e1n de los beneficios previsionales, pero s\u00f3lo cumplir\u00e1n funciones administrativas.<\/figcaption><\/figure>\n<p><span style=\"color: #ff0000;\"><strong>Hasta el 31 de agosto en Oficina de Postulaciones San Felipe:<\/strong><\/span><\/p>\n<p>La Oficina de Postulaciones de la Prefectura de Carabineros Aconcagua anunci\u00f3 la apertura de un periodo de admisi\u00f3n extraordinario que busca reclutar postulantes para integrar el proceso acad\u00e9mico que formar\u00e1 un nuevo equipo de Carabineros del Escalaf\u00f3n de Secretar\u00eda.<br \/>\nEste grupo de funcionarios pertenece a la planta de la polic\u00eda uniformada, viste uniforme y posee sus beneficios previsionales, sin embargo, solamente cumple funciones de tipo administrativo al interior de las comisar\u00edas, prefecturas y jefaturas, no participando directamente en procedimientos destinados al orden p\u00fablico o a la mitigaci\u00f3n del delito.<br \/>\nEn tanto, los interesados deber\u00e1n formalizar presencialmente su inscripci\u00f3n en la Oficina de Postulaciones de la Prefectura Aconcagua -O\u00b4Higgins 200 San Felipe-, hasta el viernes 31 de agosto, para luego participar en una serie de ex\u00e1menes de salud, psicol\u00f3gicos y de conocimientos espec\u00edficos del \u00e1rea administrativa.<br \/>\nSeg\u00fan inform\u00f3 Carabineros, los j\u00f3venes que resulten seleccionados, realizar\u00e1n -durante 2019- un curso de formaci\u00f3n de dos semestres acad\u00e9micos en r\u00e9gimen de internado, con salida los fines de semana, totalmente liberado del pago de matr\u00edcula y arancel.<br \/>\nAsimismo, el \u00c1rea de Difusi\u00f3n de la polic\u00eda uniformada, junto con realizar un llamado a los j\u00f3venes de las provincias de Aconcagua y Petorca para que postulen, record\u00f3 que los requisitos del proceso son: nacionalidad chilena, soltero (a), edad m\u00e1xima 25 a\u00f1os para hombres y 23 a\u00f1os para mujeres, deseable manejo de Word y Excel nivel alto, entre otros que se deben consultar en el momento de la inscripci\u00f3n o en la p\u00e1gina, www.carabineros.cl.<\/p>\n","protected":false},"excerpt":{"rendered":"<p>Hasta el 31 de agosto en Oficina de Postulaciones San Felipe: La Oficina de Postulaciones de la Prefectura de Carabineros Aconcagua anunci\u00f3 la apertura de un periodo de admisi\u00f3n extraordinario que busca&#8230;<\/p>\n","protected":false},"author":1,"featured_media":87684,"comment_status":"open","ping_status":"open","sticky":false,"template":"","format":"standard","meta":{"advanced_seo_description":"","jetpack_seo_html_title":"","jetpack_seo_noindex":false,"_jetpack_memberships_contains_paid_content":false,"footnotes":""},"categories":[1],"tags":[],"class_list":["post-87683","post","type-post","status-publish","format-standard","has-post-thumbnail","hentry","category-cronica"],"jetpack_featured_media_url":"https:\/\/i0.wp.com\/eltrabajo.cl\/portal\/wp-content\/uploads\/2018\/08\/carabinera-en-oficina-2.jpg?fit=580%2C400&ssl=1","jetpack_sharing_enabled":true,"jetpack_likes_enabled":true,"jetpack-related-posts":[],"_links":{"self":[{"href":"https:\/\/eltrabajo.cl\/portal\/wp-json\/wp\/v2\/posts\/87683","targetHints":{"allow":["GET"]}}],"collection":[{"href":"https:\/\/eltrabajo.cl\/portal\/wp-json\/wp\/v2\/posts"}],"about":[{"href":"https:\/\/eltrabajo.cl\/portal\/wp-json\/wp\/v2\/types\/post"}],"author":[{"embeddable":true,"href":"https:\/\/eltrabajo.cl\/portal\/wp-json\/wp\/v2\/users\/1"}],"replies":[{"embeddable":true,"href":"https:\/\/eltrabajo.cl\/portal\/wp-json\/wp\/v2\/comments?post=87683"}],"version-history":[{"count":0,"href":"https:\/\/eltrabajo.cl\/portal\/wp-json\/wp\/v2\/posts\/87683\/revisions"}],"wp:featuredmedia":[{"embeddable":true,"href":"https:\/\/eltrabajo.cl\/portal\/wp-json\/wp\/v2\/media\/87684"}],"wp:attachment":[{"href":"https:\/\/eltrabajo.cl\/portal\/wp-json\/wp\/v2\/media?parent=87683"}],"wp:term":[{"taxonomy":"category","embeddable":true,"href":"https:\/\/eltrabajo.cl\/portal\/wp-json\/wp\/v2\/categories?post=87683"},{"taxonomy":"post_tag","embeddable":true,"href":"https:\/\/eltrabajo.cl\/portal\/wp-json\/wp\/v2\/tags?post=87683"}],"curies":[{"name":"wp","href":"https:\/\/api.w.org\/{rel}","templated":true}]}}