{"id":87745,"date":"2018-08-09T05:03:17","date_gmt":"2018-08-09T09:03:17","guid":{"rendered":"http:\/\/www.eltrabajo.cl\/2017\/?p=87745"},"modified":"2018-08-09T05:03:17","modified_gmt":"2018-08-09T09:03:17","slug":"preocupacion-desatan-presuntos-problemas-en-conservera-pentzke","status":"publish","type":"post","link":"https:\/\/eltrabajo.cl\/portal\/preocupacion-desatan-presuntos-problemas-en-conservera-pentzke\/","title":{"rendered":"Preocupaci\u00f3n desatan presuntos problemas en Conservera Pentzke"},"content":{"rendered":"<figure id=\"attachment_87746\" aria-describedby=\"caption-attachment-87746\" style=\"width: 580px\" class=\"wp-caption alignnone\"><img data-recalc-dims=\"1\" loading=\"lazy\" decoding=\"async\" class=\"size-full wp-image-87746\" src=\"https:\/\/i0.wp.com\/www.eltrabajo.cl\/2017\/wp-content\/uploads\/2018\/08\/planta-pentzke.jpg?resize=580%2C348\" alt=\"Frontis de la planta 2 de la Conservera Pentzke, ubicada en la avenida Manso de Velasco.\" width=\"580\" height=\"348\" srcset=\"https:\/\/i0.wp.com\/eltrabajo.cl\/portal\/wp-content\/uploads\/2018\/08\/planta-pentzke.jpg?w=580&amp;ssl=1 580w, https:\/\/i0.wp.com\/eltrabajo.cl\/portal\/wp-content\/uploads\/2018\/08\/planta-pentzke.jpg?resize=200%2C120&amp;ssl=1 200w, https:\/\/i0.wp.com\/eltrabajo.cl\/portal\/wp-content\/uploads\/2018\/08\/planta-pentzke.jpg?resize=300%2C180&amp;ssl=1 300w, https:\/\/i0.wp.com\/eltrabajo.cl\/portal\/wp-content\/uploads\/2018\/08\/planta-pentzke.jpg?resize=250%2C150&amp;ssl=1 250w, https:\/\/i0.wp.com\/eltrabajo.cl\/portal\/wp-content\/uploads\/2018\/08\/planta-pentzke.jpg?resize=400%2C240&amp;ssl=1 400w\" sizes=\"auto, (max-width: 580px) 100vw, 580px\" \/><figcaption id=\"caption-attachment-87746\" class=\"wp-caption-text\">Frontis de la planta 2 de la Conservera Pentzke, ubicada en la avenida Manso de Velasco.<\/figcaption><\/figure>\n<p><span style=\"color: #ff0000;\"><strong>Situaci\u00f3n ser\u00eda relativamente normal, aseguran:<\/strong><\/span><\/p>\n<ul>\n<li><strong>Gobernador Claudio Rodr\u00edguez reconoce inquietud tras reunirse con dirigentes sindicales y propietarios de la empresa para conocer la situaci\u00f3n.<\/strong><\/li>\n<\/ul>\n<p>El Gobernador Provincial de San Felipe, Claudio Rodr\u00edguez Cataldo, sostuvo una importante reuni\u00f3n con los dirigentes sindicales de la Conservera Pentzke, porque hab\u00eda voces especulando que la empresa estaba complicada para seguir funcionando.<br \/>\nPara aclarar la situaci\u00f3n y aprovechando que el Intendente se encontraba en la zona, Rodr\u00edguez se reuni\u00f3 con los propietarios de la empresa: \u00abEfectivamente vinieron los dirigentes sindicales a reunirse conmigo, a plantearme que ten\u00edan alguna preocupaci\u00f3n porque hab\u00eda especulaciones de que la empresa podr\u00eda estar complicada, por lo mismo me reun\u00ed junto al Intendente que andaba por ac\u00e1 con los due\u00f1os de la empresa, dado que los dirigentes sindicales me lo hab\u00edan pedido, fuimos a juntarnos con los due\u00f1os Patricio Pentzke, su hijo Patricio, ellos nos dieron la tranquilidad que no era as\u00ed, que obviamente que como siempre hay periodos de apretura, pero que no, que ellos estaban tranquilos, que esperaba que todo iba a salir normal\u00bb, dijo el Gobernador.<br \/>\n<strong>&#8211; Es decir, \u00bfera preocupaci\u00f3n nada m\u00e1s?<\/strong><br \/>\n&#8211; Preocupaci\u00f3n, como siempre uno se preocupa, si hay noticias de este tipo, porque se trata de una unidad econ\u00f3mica que tiene hartos puesto de trabajos.<br \/>\n<strong>&#8211; \u00bfGenera expectaci\u00f3n, por lo sucedido con Iansa en el sur?<\/strong><br \/>\n&#8211; Claro, se genera toda una situaci\u00f3n general a nivel pa\u00eds, que ha habido empresas que han ido cerrando; Maersk en San Antonio, Iansa en Linares, en fin, por lo menos yo me quedo con tranquilidad por lo que nos manifestaron los ejecutivos y due\u00f1os de la empresa, y nosotros por nuestra parte comprometimos cualquier apoyo si fuese necesario.<\/p>\n<p><span style=\"color: #ff0000;\"><strong>HISTORIA DE LA CONSERVERA PENTZKE<\/strong><\/span><br \/>\nPentzke S.A. fue fundada por Ernesto Pentzke, inmigrante Alem\u00e1n, que comenz\u00f3 con el procesamiento de enlatados de frutas y hortalizas cosechados en el Valle de Aconcagua, V Regi\u00f3n.<br \/>\nHoy d\u00eda, 100 a\u00f1os despu\u00e9s, Pentzke contin\u00faa creciendo, con una posici\u00f3n de liderazgo tanto en Chile como en el extranjero.<br \/>\nTodos los productos son seleccionados a mano para luego ser transportados a tres plantas de \u00faltima generaci\u00f3n, asegurando la calidad durante todo el proceso productivo.<br \/>\nPentzke, es una empresa que logra una integraci\u00f3n vertical desde los campos propios (40%) hasta la log\u00edstica de distribuci\u00f3n a todos nuestros clientes.<br \/>\nNuestra pol\u00edtica de compa\u00f1\u00eda es poner nuestros corazones en todo lo que hacemos, invitando a disfrutar al consumidor d\u00eda a d\u00eda de una gran variedad de productos.<br \/>\nConservera Pentzke re\u00fane a un n\u00famero importante de trabajadores provenientes de distintas comunas de la provincia.<br \/>\n(Fuente web de la empresa)<\/p>\n","protected":false},"excerpt":{"rendered":"<p>Situaci\u00f3n ser\u00eda relativamente normal, aseguran: Gobernador Claudio Rodr\u00edguez reconoce inquietud tras reunirse con dirigentes sindicales y propietarios de la empresa para conocer la situaci\u00f3n. El Gobernador Provincial de San Felipe, Claudio Rodr\u00edguez&#8230;<\/p>\n","protected":false},"author":1,"featured_media":87746,"comment_status":"open","ping_status":"open","sticky":false,"template":"","format":"standard","meta":{"advanced_seo_description":"","jetpack_seo_html_title":"","jetpack_seo_noindex":false,"_jetpack_memberships_contains_paid_content":false,"footnotes":""},"categories":[1],"tags":[],"class_list":["post-87745","post","type-post","status-publish","format-standard","has-post-thumbnail","hentry","category-cronica"],"jetpack_featured_media_url":"https:\/\/i0.wp.com\/eltrabajo.cl\/portal\/wp-content\/uploads\/2018\/08\/planta-pentzke.jpg?fit=580%2C348&ssl=1","jetpack_sharing_enabled":true,"jetpack_likes_enabled":true,"jetpack-related-posts":[],"_links":{"self":[{"href":"https:\/\/eltrabajo.cl\/portal\/wp-json\/wp\/v2\/posts\/87745","targetHints":{"allow":["GET"]}}],"collection":[{"href":"https:\/\/eltrabajo.cl\/portal\/wp-json\/wp\/v2\/posts"}],"about":[{"href":"https:\/\/eltrabajo.cl\/portal\/wp-json\/wp\/v2\/types\/post"}],"author":[{"embeddable":true,"href":"https:\/\/eltrabajo.cl\/portal\/wp-json\/wp\/v2\/users\/1"}],"replies":[{"embeddable":true,"href":"https:\/\/eltrabajo.cl\/portal\/wp-json\/wp\/v2\/comments?post=87745"}],"version-history":[{"count":0,"href":"https:\/\/eltrabajo.cl\/portal\/wp-json\/wp\/v2\/posts\/87745\/revisions"}],"wp:featuredmedia":[{"embeddable":true,"href":"https:\/\/eltrabajo.cl\/portal\/wp-json\/wp\/v2\/media\/87746"}],"wp:attachment":[{"href":"https:\/\/eltrabajo.cl\/portal\/wp-json\/wp\/v2\/media?parent=87745"}],"wp:term":[{"taxonomy":"category","embeddable":true,"href":"https:\/\/eltrabajo.cl\/portal\/wp-json\/wp\/v2\/categories?post=87745"},{"taxonomy":"post_tag","embeddable":true,"href":"https:\/\/eltrabajo.cl\/portal\/wp-json\/wp\/v2\/tags?post=87745"}],"curies":[{"name":"wp","href":"https:\/\/api.w.org\/{rel}","templated":true}]}}