{"id":87762,"date":"2018-08-10T05:03:08","date_gmt":"2018-08-10T09:03:08","guid":{"rendered":"http:\/\/www.eltrabajo.cl\/2017\/?p=87762"},"modified":"2018-08-10T05:03:08","modified_gmt":"2018-08-10T09:03:08","slug":"ediles-de-aconcagua-se-unen-para-rechazar-alza-arbitraria-del-peaje-las-vegas","status":"publish","type":"post","link":"https:\/\/eltrabajo.cl\/portal\/ediles-de-aconcagua-se-unen-para-rechazar-alza-arbitraria-del-peaje-las-vegas\/","title":{"rendered":"Ediles de Aconcagua se unen para rechazar alza arbitraria del peaje Las Vegas"},"content":{"rendered":"<figure id=\"attachment_87763\" aria-describedby=\"caption-attachment-87763\" style=\"width: 578px\" class=\"wp-caption alignnone\"><img data-recalc-dims=\"1\" loading=\"lazy\" decoding=\"async\" class=\"size-full wp-image-87763\" src=\"https:\/\/i0.wp.com\/www.eltrabajo.cl\/2017\/wp-content\/uploads\/2018\/08\/ALCALDES-Y-DIRIGENTES.jpg?resize=578%2C313\" alt=\"En nombre de la Asociaci\u00f3n de Municipalidades de Aconcagua, los alcaldes Patricio Freire, de San Felipe; Nelson Venegas, de Calle Larga, y Guillermo Reyes, de Putaendo, junto a concejales y representantes de movimientos ciudadanos est\u00e1n convocando a una nueva marcha en el peaje Las Vegas para este s\u00e1bado a las 16 horas.\" width=\"578\" height=\"313\" srcset=\"https:\/\/i0.wp.com\/eltrabajo.cl\/portal\/wp-content\/uploads\/2018\/08\/ALCALDES-Y-DIRIGENTES.jpg?w=578&amp;ssl=1 578w, https:\/\/i0.wp.com\/eltrabajo.cl\/portal\/wp-content\/uploads\/2018\/08\/ALCALDES-Y-DIRIGENTES.jpg?resize=200%2C108&amp;ssl=1 200w, https:\/\/i0.wp.com\/eltrabajo.cl\/portal\/wp-content\/uploads\/2018\/08\/ALCALDES-Y-DIRIGENTES.jpg?resize=300%2C162&amp;ssl=1 300w, https:\/\/i0.wp.com\/eltrabajo.cl\/portal\/wp-content\/uploads\/2018\/08\/ALCALDES-Y-DIRIGENTES.jpg?resize=277%2C150&amp;ssl=1 277w, https:\/\/i0.wp.com\/eltrabajo.cl\/portal\/wp-content\/uploads\/2018\/08\/ALCALDES-Y-DIRIGENTES.jpg?resize=400%2C217&amp;ssl=1 400w\" sizes=\"auto, (max-width: 578px) 100vw, 578px\" \/><figcaption id=\"caption-attachment-87763\" class=\"wp-caption-text\">En nombre de la Asociaci\u00f3n de Municipalidades de Aconcagua, los alcaldes Patricio Freire, de San Felipe; Nelson Venegas, de Calle Larga, y Guillermo Reyes, de Putaendo, junto a concejales y representantes de movimientos ciudadanos est\u00e1n convocando a una nueva marcha en el peaje Las Vegas para este s\u00e1bado a las 16 horas.<\/figcaption><\/figure>\n<ul>\n<li><strong>Alcalde Guillermo Reyes manifest\u00f3 su profundo rechazo a lo que calific\u00f3 de una nueva \u00abexpresi\u00f3n del constante maltrato del centralismo regional y nacional hacia nuestro valle\u00bb.<\/strong><\/li>\n<\/ul>\n<p>Apoyando la postura de la Asociaci\u00f3n de Municipalidades de Aconcagua y de diferentes movimientos ciudadanos de las provincias de San Felipe y Los Andes, el alcalde de Putaendo, Guillermo Reyes, alz\u00f3 la voz contra el aumento de la tarifa en el Peaje Las Vegas.<br \/>\nEl edil putaendino estuvo presente en la conferencia de prensa junto a los alcaldes de Calle Larga, Nelson Venegas; de San Felipe, Patricio Freire; dirigentes vecinales y sociales de Aconcagua, quienes unir\u00e1n esfuerzos para protestar contra la medida que ha generado descontento generalizado en la zona.<br \/>\n\u00abJunto a otros alcaldes de Aconcagua catalogamos de abusivo, ilegal y arbitrario el alza de peaje en Las Vegas. Esta es la expresi\u00f3n del constante maltrato del centralismo regional y nacional hacia nuestro valle\u00bb, afirm\u00f3 el alcalde Guillermo Reyes.<br \/>\nDe esta forma, Reyes acus\u00f3 pasividad y nulo inter\u00e9s de las autoridades de la costa ante una situaci\u00f3n que afecta a miles de personas del interior de la Quinta Regi\u00f3n Cordillera.<br \/>\n\u00abYo me pregunto: \u00bfQu\u00e9 har\u00edan las autoridades de Valpara\u00edso si subieran en un 30% el pago de los peajes hacia y desde Santiago?\u00bb, apel\u00f3 la autoridad putaendina.<br \/>\nPor su parte, el presidente de la Asociaci\u00f3n de Municipalidades de Aconcagua, Nelson Venegas, invit\u00f3 a todos los habitantes del valle a una nueva manifestaci\u00f3n para este s\u00e1bado 11 de agosto, desde las 16 horas, en el mismo peaje Las Vegas.<br \/>\n\u00abLo que est\u00e1 ocurriendo con nosotros es absolutamente discriminatorio. Esta alza de los peajes tiene que ver con la baja de peajes ocurrida en la Regi\u00f3n Metropolitana. En definitiva, eso simboliza lo que vivimos hoy como aconcag\u00fcinos. Es una constante de discriminaciones que estamos viviendo siempre. Esto no es contra un gobierno de turno, es una situaci\u00f3n totalmente transversal en t\u00e9rminos pol\u00edticos. Esto es una lucha contra el excesivo centralismo que existe\u00bb, explic\u00f3 Venegas.<br \/>\nEsta inquietud es compartida por la gran mayor\u00eda de autoridades y dirigentes locales. La postura actual es aunar fuerzas contra el excesivo abuso desde Santiago y Valpara\u00edso. \u00abEsperamos que estemos todos este d\u00eda s\u00e1bado. Hagamos un esfuerzo para que vaya mucha gente a protestar contra el alza del peaje Las Vegas\u00bb, concluy\u00f3 el alcalde Reyes.<\/p>\n","protected":false},"excerpt":{"rendered":"<p>Alcalde Guillermo Reyes manifest\u00f3 su profundo rechazo a lo que calific\u00f3 de una nueva \u00abexpresi\u00f3n del constante maltrato del centralismo regional y nacional hacia nuestro valle\u00bb. Apoyando la postura de la Asociaci\u00f3n&#8230;<\/p>\n","protected":false},"author":1,"featured_media":87763,"comment_status":"open","ping_status":"open","sticky":false,"template":"","format":"standard","meta":{"advanced_seo_description":"","jetpack_seo_html_title":"","jetpack_seo_noindex":false,"_jetpack_memberships_contains_paid_content":false,"footnotes":""},"categories":[1],"tags":[],"class_list":["post-87762","post","type-post","status-publish","format-standard","has-post-thumbnail","hentry","category-cronica"],"jetpack_featured_media_url":"https:\/\/i0.wp.com\/eltrabajo.cl\/portal\/wp-content\/uploads\/2018\/08\/ALCALDES-Y-DIRIGENTES.jpg?fit=578%2C313&ssl=1","jetpack_sharing_enabled":true,"jetpack_likes_enabled":true,"jetpack-related-posts":[],"_links":{"self":[{"href":"https:\/\/eltrabajo.cl\/portal\/wp-json\/wp\/v2\/posts\/87762","targetHints":{"allow":["GET"]}}],"collection":[{"href":"https:\/\/eltrabajo.cl\/portal\/wp-json\/wp\/v2\/posts"}],"about":[{"href":"https:\/\/eltrabajo.cl\/portal\/wp-json\/wp\/v2\/types\/post"}],"author":[{"embeddable":true,"href":"https:\/\/eltrabajo.cl\/portal\/wp-json\/wp\/v2\/users\/1"}],"replies":[{"embeddable":true,"href":"https:\/\/eltrabajo.cl\/portal\/wp-json\/wp\/v2\/comments?post=87762"}],"version-history":[{"count":0,"href":"https:\/\/eltrabajo.cl\/portal\/wp-json\/wp\/v2\/posts\/87762\/revisions"}],"wp:featuredmedia":[{"embeddable":true,"href":"https:\/\/eltrabajo.cl\/portal\/wp-json\/wp\/v2\/media\/87763"}],"wp:attachment":[{"href":"https:\/\/eltrabajo.cl\/portal\/wp-json\/wp\/v2\/media?parent=87762"}],"wp:term":[{"taxonomy":"category","embeddable":true,"href":"https:\/\/eltrabajo.cl\/portal\/wp-json\/wp\/v2\/categories?post=87762"},{"taxonomy":"post_tag","embeddable":true,"href":"https:\/\/eltrabajo.cl\/portal\/wp-json\/wp\/v2\/tags?post=87762"}],"curies":[{"name":"wp","href":"https:\/\/api.w.org\/{rel}","templated":true}]}}