{"id":87781,"date":"2018-08-13T05:00:39","date_gmt":"2018-08-13T09:00:39","guid":{"rendered":"http:\/\/www.eltrabajo.cl\/2017\/?p=87781"},"modified":"2018-08-13T05:00:39","modified_gmt":"2018-08-13T09:00:39","slug":"se-movilizan-para-que-de-una-vez-por-todas-el-estado-pague-la-deuda-historica","status":"publish","type":"post","link":"https:\/\/eltrabajo.cl\/portal\/se-movilizan-para-que-de-una-vez-por-todas-el-estado-pague-la-deuda-historica\/","title":{"rendered":"Se movilizan para que de una vez por todas el Estado pague la deuda hist\u00f3rica"},"content":{"rendered":"<figure id=\"attachment_87782\" aria-describedby=\"caption-attachment-87782\" style=\"width: 580px\" class=\"wp-caption alignnone\"><img data-recalc-dims=\"1\" loading=\"lazy\" decoding=\"async\" class=\"size-full wp-image-87782\" src=\"https:\/\/i0.wp.com\/www.eltrabajo.cl\/2017\/wp-content\/uploads\/2018\/08\/Velaton.jpg?resize=580%2C400\" alt=\"Velas encendidas en la Plaza de Armas de San Felipe fueron encendidas.\" width=\"580\" height=\"400\" srcset=\"https:\/\/i0.wp.com\/eltrabajo.cl\/portal\/wp-content\/uploads\/2018\/08\/Velaton.jpg?w=580&amp;ssl=1 580w, https:\/\/i0.wp.com\/eltrabajo.cl\/portal\/wp-content\/uploads\/2018\/08\/Velaton.jpg?resize=200%2C138&amp;ssl=1 200w, https:\/\/i0.wp.com\/eltrabajo.cl\/portal\/wp-content\/uploads\/2018\/08\/Velaton.jpg?resize=300%2C207&amp;ssl=1 300w, https:\/\/i0.wp.com\/eltrabajo.cl\/portal\/wp-content\/uploads\/2018\/08\/Velaton.jpg?resize=218%2C150&amp;ssl=1 218w, https:\/\/i0.wp.com\/eltrabajo.cl\/portal\/wp-content\/uploads\/2018\/08\/Velaton.jpg?resize=400%2C276&amp;ssl=1 400w\" sizes=\"auto, (max-width: 580px) 100vw, 580px\" \/><figcaption id=\"caption-attachment-87782\" class=\"wp-caption-text\">Velas encendidas en la Plaza de Armas de San Felipe fueron encendidas.<\/figcaption><\/figure>\n<p><span style=\"color: #ff0000;\"><strong>Colegio de Profesores de San Felipe:<\/strong><\/span><\/p>\n<p>El Colegio Provincial de Profesores de San Felipe realiz\u00f3 durante la semana una velat\u00f3n en la Plaza de Armas, como una forma de manifestarse y mostrar su descontento con la forma de c\u00f3mo el gobierno ha respondido al tema de la deuda hist\u00f3rica que tiene el Estado con ellos.<br \/>\nAl respecto el presidente del gremio, Juan Iturrieta, coment\u00f3 que \u00abhoy en d\u00eda el magisterio se est\u00e1 movilizando por el descontento que hay con la forma en que el Ministerio de Educaci\u00f3n respondi\u00f3 a nuestro petitorio, hace un mes atr\u00e1s recibimos la carta de sobre el petitorio que se hab\u00eda enviado, eso trajo como consecuencia que se acordara en una asamblea que en este mes de agosto se iba a realizar una movilizaci\u00f3n de forma reflexiva, m\u00e1s que nada para dar a entender a la comunidad al gobierno nuestro descontento por lo que el Mineduc no est\u00e1 contestando, eso ser\u00eda en s\u00ed lo que hoy en d\u00eda se est\u00e1 haciendo\u00bb, dijo Iturrieta.<br \/>\nActualmente la demanda de los profesores tiene once puntos, donde el principal es la deuda hist\u00f3rica que afecta al magisterio hace mas de 20 a\u00f1os, \u00absobre eso el Mineduc nos contesta que en torno a la llamada deuda hist\u00f3rica cabe se\u00f1alar que el ministerio no tiene la obligaci\u00f3n de legislar o buscar una soluci\u00f3n, otro punto es sobre el agobio laboral y fortalecimiento del sistema educativo, aqu\u00ed lo que el Colegio pretende es que haya respeto a las horas no lectivas, exceso de trabajo burocr\u00e1tico, administrativo, imposici\u00f3n de tareas que nos imponen por ley que no son fiscalizadas, no corregidas, a todo eso el ministerio nos da una respuesta muy por encima, otros puntos son la estabilidad laboral, igualdad de trato a todos los profesionales de la educaci\u00f3n, poner fin a doble proceso de evaluaci\u00f3n docente porque en este momento los profesores estamos siendo evaluados por dos entes\u00bb, agreg\u00f3.<\/p>\n<p><span style=\"color: #ff0000;\"><strong>DEUDA HIST\u00d3RICA<\/strong><\/span><br \/>\nLa Deuda Hist\u00f3rica de los profesores se origin\u00f3 por el incumplimiento de la Ley N\u00ba 3.551 de 1981, que dispuso un reajuste del sueldo base al sector p\u00fablico, estableciendo en su art\u00edculo 40 una \u2018asignaci\u00f3n especial\u2019 no imponible para el personal docente dependiente del Ministerio de Educaci\u00f3n. Como resultado de la municipalizaci\u00f3n impuesta a partir del a\u00f1o 1981, la mayor\u00eda de los profesores no alcanzaron a recibir el 100% de la asignaci\u00f3n, pues al ser traspasados al sector municipal, los nuevos empleadores desconocieron los derechos adquiridos por los profesores.<br \/>\nEsta situaci\u00f3n ha llevado a maestros a lo largo de todo Chile a recurrir a los Tribunales de Justicia, con el prop\u00f3sito de demandar al Estado una indemnizaci\u00f3n compensatoria por el no pago de este reajuste salarial. A fines de 2008 la Ministra de Educaci\u00f3n, El Ministro de Hacienda y el Ministro Secretario General de la Presidencia, dieron el Vamos a la Comisi\u00f3n Deudas Hist\u00f3ricas de la C\u00e1mara de Diputados, reconociendo la existencia de la Deuda Hist\u00f3rica con los profesores y comprometi\u00e9ndose a buscar una soluci\u00f3n.<br \/>\nTras a\u00f1os de lucha gremial, en agosto del 2009, el Parlamento aprob\u00f3 por unanimidad la propuesta de soluci\u00f3n elaborada por la Comisi\u00f3n Deudas Hist\u00f3ricas.<\/p>\n<figure id=\"attachment_87783\" aria-describedby=\"caption-attachment-87783\" style=\"width: 580px\" class=\"wp-caption alignnone\"><img data-recalc-dims=\"1\" loading=\"lazy\" decoding=\"async\" class=\"size-full wp-image-87783\" src=\"https:\/\/i0.wp.com\/www.eltrabajo.cl\/2017\/wp-content\/uploads\/2018\/08\/Velaton2.jpg?resize=580%2C400\" alt=\"Mejoras laborales otro punto que est\u00e1n pidiendo los profesores.\" width=\"580\" height=\"400\" srcset=\"https:\/\/i0.wp.com\/eltrabajo.cl\/portal\/wp-content\/uploads\/2018\/08\/Velaton2.jpg?w=580&amp;ssl=1 580w, https:\/\/i0.wp.com\/eltrabajo.cl\/portal\/wp-content\/uploads\/2018\/08\/Velaton2.jpg?resize=200%2C138&amp;ssl=1 200w, https:\/\/i0.wp.com\/eltrabajo.cl\/portal\/wp-content\/uploads\/2018\/08\/Velaton2.jpg?resize=300%2C207&amp;ssl=1 300w, https:\/\/i0.wp.com\/eltrabajo.cl\/portal\/wp-content\/uploads\/2018\/08\/Velaton2.jpg?resize=218%2C150&amp;ssl=1 218w, https:\/\/i0.wp.com\/eltrabajo.cl\/portal\/wp-content\/uploads\/2018\/08\/Velaton2.jpg?resize=400%2C276&amp;ssl=1 400w\" sizes=\"auto, (max-width: 580px) 100vw, 580px\" \/><figcaption id=\"caption-attachment-87783\" class=\"wp-caption-text\">Mejoras laborales otro punto que est\u00e1n pidiendo los profesores.<\/figcaption><\/figure>\n<figure id=\"attachment_87784\" aria-describedby=\"caption-attachment-87784\" style=\"width: 580px\" class=\"wp-caption alignnone\"><img data-recalc-dims=\"1\" loading=\"lazy\" decoding=\"async\" class=\"size-full wp-image-87784\" src=\"https:\/\/i0.wp.com\/www.eltrabajo.cl\/2017\/wp-content\/uploads\/2018\/08\/Velaton3.jpg?resize=580%2C400\" alt=\"Aqu\u00ed vemos tambi\u00e9n algunas frases pidiendo mayor inclusi\u00f3n.\" width=\"580\" height=\"400\" srcset=\"https:\/\/i0.wp.com\/eltrabajo.cl\/portal\/wp-content\/uploads\/2018\/08\/Velaton3.jpg?w=580&amp;ssl=1 580w, https:\/\/i0.wp.com\/eltrabajo.cl\/portal\/wp-content\/uploads\/2018\/08\/Velaton3.jpg?resize=200%2C138&amp;ssl=1 200w, https:\/\/i0.wp.com\/eltrabajo.cl\/portal\/wp-content\/uploads\/2018\/08\/Velaton3.jpg?resize=300%2C207&amp;ssl=1 300w, https:\/\/i0.wp.com\/eltrabajo.cl\/portal\/wp-content\/uploads\/2018\/08\/Velaton3.jpg?resize=218%2C150&amp;ssl=1 218w, https:\/\/i0.wp.com\/eltrabajo.cl\/portal\/wp-content\/uploads\/2018\/08\/Velaton3.jpg?resize=400%2C276&amp;ssl=1 400w\" sizes=\"auto, (max-width: 580px) 100vw, 580px\" \/><figcaption id=\"caption-attachment-87784\" class=\"wp-caption-text\">Aqu\u00ed vemos tambi\u00e9n algunas frases pidiendo mayor inclusi\u00f3n.<\/figcaption><\/figure>\n","protected":false},"excerpt":{"rendered":"<p>Colegio de Profesores de San Felipe: El Colegio Provincial de Profesores de San Felipe realiz\u00f3 durante la semana una velat\u00f3n en la Plaza de Armas, como una forma de manifestarse y mostrar&#8230;<\/p>\n","protected":false},"author":1,"featured_media":87782,"comment_status":"open","ping_status":"open","sticky":false,"template":"","format":"standard","meta":{"advanced_seo_description":"","jetpack_seo_html_title":"","jetpack_seo_noindex":false,"_jetpack_memberships_contains_paid_content":false,"footnotes":""},"categories":[1],"tags":[],"class_list":["post-87781","post","type-post","status-publish","format-standard","has-post-thumbnail","hentry","category-cronica"],"jetpack_featured_media_url":"https:\/\/i0.wp.com\/eltrabajo.cl\/portal\/wp-content\/uploads\/2018\/08\/Velaton.jpg?fit=580%2C400&ssl=1","jetpack_sharing_enabled":true,"jetpack_likes_enabled":true,"jetpack-related-posts":[],"_links":{"self":[{"href":"https:\/\/eltrabajo.cl\/portal\/wp-json\/wp\/v2\/posts\/87781","targetHints":{"allow":["GET"]}}],"collection":[{"href":"https:\/\/eltrabajo.cl\/portal\/wp-json\/wp\/v2\/posts"}],"about":[{"href":"https:\/\/eltrabajo.cl\/portal\/wp-json\/wp\/v2\/types\/post"}],"author":[{"embeddable":true,"href":"https:\/\/eltrabajo.cl\/portal\/wp-json\/wp\/v2\/users\/1"}],"replies":[{"embeddable":true,"href":"https:\/\/eltrabajo.cl\/portal\/wp-json\/wp\/v2\/comments?post=87781"}],"version-history":[{"count":0,"href":"https:\/\/eltrabajo.cl\/portal\/wp-json\/wp\/v2\/posts\/87781\/revisions"}],"wp:featuredmedia":[{"embeddable":true,"href":"https:\/\/eltrabajo.cl\/portal\/wp-json\/wp\/v2\/media\/87782"}],"wp:attachment":[{"href":"https:\/\/eltrabajo.cl\/portal\/wp-json\/wp\/v2\/media?parent=87781"}],"wp:term":[{"taxonomy":"category","embeddable":true,"href":"https:\/\/eltrabajo.cl\/portal\/wp-json\/wp\/v2\/categories?post=87781"},{"taxonomy":"post_tag","embeddable":true,"href":"https:\/\/eltrabajo.cl\/portal\/wp-json\/wp\/v2\/tags?post=87781"}],"curies":[{"name":"wp","href":"https:\/\/api.w.org\/{rel}","templated":true}]}}