{"id":87786,"date":"2018-08-13T05:01:25","date_gmt":"2018-08-13T09:01:25","guid":{"rendered":"http:\/\/www.eltrabajo.cl\/2017\/?p=87786"},"modified":"2018-08-13T05:01:25","modified_gmt":"2018-08-13T09:01:25","slug":"alcalde-patricio-freire-nuevamente-se-instala-entre-los-mejores-evaluados-de-la-v-region","status":"publish","type":"post","link":"https:\/\/eltrabajo.cl\/portal\/alcalde-patricio-freire-nuevamente-se-instala-entre-los-mejores-evaluados-de-la-v-region\/","title":{"rendered":"Alcalde Patricio Freire nuevamente se instala entre los mejores evaluados de la V Regi\u00f3n"},"content":{"rendered":"<figure id=\"attachment_87787\" aria-describedby=\"caption-attachment-87787\" style=\"width: 580px\" class=\"wp-caption alignnone\"><img data-recalc-dims=\"1\" loading=\"lazy\" decoding=\"async\" class=\"size-full wp-image-87787\" src=\"https:\/\/i0.wp.com\/www.eltrabajo.cl\/2017\/wp-content\/uploads\/2018\/08\/Patricio-Freire.jpg?resize=580%2C399\" alt=\"Patricio Freire, alcalde de San Felipe.\" width=\"580\" height=\"399\" srcset=\"https:\/\/i0.wp.com\/eltrabajo.cl\/portal\/wp-content\/uploads\/2018\/08\/Patricio-Freire.jpg?w=580&amp;ssl=1 580w, https:\/\/i0.wp.com\/eltrabajo.cl\/portal\/wp-content\/uploads\/2018\/08\/Patricio-Freire.jpg?resize=200%2C138&amp;ssl=1 200w, https:\/\/i0.wp.com\/eltrabajo.cl\/portal\/wp-content\/uploads\/2018\/08\/Patricio-Freire.jpg?resize=300%2C206&amp;ssl=1 300w, https:\/\/i0.wp.com\/eltrabajo.cl\/portal\/wp-content\/uploads\/2018\/08\/Patricio-Freire.jpg?resize=218%2C150&amp;ssl=1 218w, https:\/\/i0.wp.com\/eltrabajo.cl\/portal\/wp-content\/uploads\/2018\/08\/Patricio-Freire.jpg?resize=400%2C275&amp;ssl=1 400w\" sizes=\"auto, (max-width: 580px) 100vw, 580px\" \/><figcaption id=\"caption-attachment-87787\" class=\"wp-caption-text\">Patricio Freire, alcalde de San Felipe.<\/figcaption><\/figure>\n<ul>\n<li><strong>Los resultados de la Encuesta de Opini\u00f3n Pol\u00edtica Fundaci\u00f3n Piensa \u2013 GFK Adimark, sit\u00faa al jefe comunal con un promedio de 5,3 y con un 99% de conocimiento.<\/strong><\/li>\n<\/ul>\n<p>Este domingo se dieron a conocer los resultados de la Encuesta de Opini\u00f3n Pol\u00edtica en la Regi\u00f3n de Valpara\u00edso 2018 de Fundaci\u00f3n Piensa, que ubic\u00f3 al alcalde Patricio Freire como el segundo jefe comunal mejor evaluado promediando un 5,3, teniendo un alto porcentaje de evaluaciones positivas (45%) y, adem\u00e1s, ocupando la tercera posici\u00f3n a nivel de conocimiento, con un 99%. Este instrumento, aplicado por GfK Adimark, es realizado de manera presencial a 1.650 personas de siete de las ocho provincias la zona y fue desarrollada durante los meses de mayo a junio.<br \/>\n\u00abEstoy muy contento con esta evaluaci\u00f3n de la comunidad, lo que significa que hay un trabajo con la comunidad, trabajando codo a codo de los grandes proyectos de ciudad y transformando cada rinc\u00f3n de la comuna para mejorar la calidad de vida de los vecinos\u00bb, destac\u00f3 el jefe comunal, quien adem\u00e1s enfatiz\u00f3 que esta evaluaci\u00f3n se debe al trabajo que mancomunado con los vecinos que han sostenido durante su gesti\u00f3n alcaldicia.<br \/>\n\u00abSon los vecinos los que nos calificaron, evaluaron lo que piensan y nuestra gesti\u00f3n. Adem\u00e1s, quiero agradecer al equipo municipal por este logro, porque gracias a ellos hemos logrado avanzar. Estoy muy contento con ser uno de los alcaldes mejor evaluado y no nos queda m\u00e1s que seguir trabajando por un San Felipe que trabaja d\u00eda a d\u00eda con todas las comunidades\u00bb.<br \/>\nCabe destacar que las evaluaciones positiva no son nuevas, ya que el a\u00f1o 2016 la figura de Patricio Freire fue reconocida como la autoridad comunal mejor evaluada en la Regi\u00f3n de Valpara\u00edso.<\/p>\n","protected":false},"excerpt":{"rendered":"<p>Los resultados de la Encuesta de Opini\u00f3n Pol\u00edtica Fundaci\u00f3n Piensa \u2013 GFK Adimark, sit\u00faa al jefe comunal con un promedio de 5,3 y con un 99% de conocimiento. Este domingo se dieron&#8230;<\/p>\n","protected":false},"author":1,"featured_media":87787,"comment_status":"open","ping_status":"open","sticky":false,"template":"","format":"standard","meta":{"advanced_seo_description":"","jetpack_seo_html_title":"","jetpack_seo_noindex":false,"_jetpack_memberships_contains_paid_content":false,"footnotes":""},"categories":[1],"tags":[],"class_list":["post-87786","post","type-post","status-publish","format-standard","has-post-thumbnail","hentry","category-cronica"],"jetpack_featured_media_url":"https:\/\/i0.wp.com\/eltrabajo.cl\/portal\/wp-content\/uploads\/2018\/08\/Patricio-Freire.jpg?fit=580%2C399&ssl=1","jetpack_sharing_enabled":true,"jetpack_likes_enabled":true,"jetpack-related-posts":[],"_links":{"self":[{"href":"https:\/\/eltrabajo.cl\/portal\/wp-json\/wp\/v2\/posts\/87786","targetHints":{"allow":["GET"]}}],"collection":[{"href":"https:\/\/eltrabajo.cl\/portal\/wp-json\/wp\/v2\/posts"}],"about":[{"href":"https:\/\/eltrabajo.cl\/portal\/wp-json\/wp\/v2\/types\/post"}],"author":[{"embeddable":true,"href":"https:\/\/eltrabajo.cl\/portal\/wp-json\/wp\/v2\/users\/1"}],"replies":[{"embeddable":true,"href":"https:\/\/eltrabajo.cl\/portal\/wp-json\/wp\/v2\/comments?post=87786"}],"version-history":[{"count":0,"href":"https:\/\/eltrabajo.cl\/portal\/wp-json\/wp\/v2\/posts\/87786\/revisions"}],"wp:featuredmedia":[{"embeddable":true,"href":"https:\/\/eltrabajo.cl\/portal\/wp-json\/wp\/v2\/media\/87787"}],"wp:attachment":[{"href":"https:\/\/eltrabajo.cl\/portal\/wp-json\/wp\/v2\/media?parent=87786"}],"wp:term":[{"taxonomy":"category","embeddable":true,"href":"https:\/\/eltrabajo.cl\/portal\/wp-json\/wp\/v2\/categories?post=87786"},{"taxonomy":"post_tag","embeddable":true,"href":"https:\/\/eltrabajo.cl\/portal\/wp-json\/wp\/v2\/tags?post=87786"}],"curies":[{"name":"wp","href":"https:\/\/api.w.org\/{rel}","templated":true}]}}