{"id":87796,"date":"2018-08-13T05:05:15","date_gmt":"2018-08-13T09:05:15","guid":{"rendered":"http:\/\/www.eltrabajo.cl\/2017\/?p=87796"},"modified":"2018-08-13T05:05:15","modified_gmt":"2018-08-13T09:05:15","slug":"a-la-carcel-peligrosos-delincuentes-que-asaltaron-planta-de-revision-tecnica","status":"publish","type":"post","link":"https:\/\/eltrabajo.cl\/portal\/a-la-carcel-peligrosos-delincuentes-que-asaltaron-planta-de-revision-tecnica\/","title":{"rendered":"A la c\u00e1rcel peligrosos delincuentes que asaltaron planta de Revisi\u00f3n T\u00e9cnica"},"content":{"rendered":"<figure id=\"attachment_87797\" aria-describedby=\"caption-attachment-87797\" style=\"width: 580px\" class=\"wp-caption alignnone\"><img data-recalc-dims=\"1\" loading=\"lazy\" decoding=\"async\" class=\"size-full wp-image-87797\" src=\"https:\/\/i0.wp.com\/www.eltrabajo.cl\/2017\/wp-content\/uploads\/2018\/08\/detenido-asalto.jpg?resize=580%2C400\" alt=\"En un amplio operativo de Carabineros los asaltantes fueron capturados en Avenida O\u00b4Higgins esquina Navarro en San Felipe, la tarde de este jueves.\" width=\"580\" height=\"400\" srcset=\"https:\/\/i0.wp.com\/eltrabajo.cl\/portal\/wp-content\/uploads\/2018\/08\/detenido-asalto.jpg?w=580&amp;ssl=1 580w, https:\/\/i0.wp.com\/eltrabajo.cl\/portal\/wp-content\/uploads\/2018\/08\/detenido-asalto.jpg?resize=200%2C138&amp;ssl=1 200w, https:\/\/i0.wp.com\/eltrabajo.cl\/portal\/wp-content\/uploads\/2018\/08\/detenido-asalto.jpg?resize=300%2C207&amp;ssl=1 300w, https:\/\/i0.wp.com\/eltrabajo.cl\/portal\/wp-content\/uploads\/2018\/08\/detenido-asalto.jpg?resize=218%2C150&amp;ssl=1 218w, https:\/\/i0.wp.com\/eltrabajo.cl\/portal\/wp-content\/uploads\/2018\/08\/detenido-asalto.jpg?resize=400%2C276&amp;ssl=1 400w\" sizes=\"auto, (max-width: 580px) 100vw, 580px\" \/><figcaption id=\"caption-attachment-87797\" class=\"wp-caption-text\">En un amplio operativo de Carabineros los asaltantes fueron capturados en Avenida OHiggins esquina Navarro en San Felipe, la tarde de este jueves.<\/figcaption><\/figure>\n<p><span style=\"color: #ff0000;\"><strong>Tras formalizaci\u00f3n en Tribunales:<\/strong><\/span><\/p>\n<ul>\n<li><strong>Este jueves Carabineros logr\u00f3 capturar a los dos sujetos provenientes de Santiago, quienes manten\u00edan un arma de fuego y con ella lograron asaltar y amenazar a los trabajadores de la Revisi\u00f3n T\u00e9cnica, ubicada en Avenida Sargento Aldea de San Felipe, logrando un bot\u00edn cercano al mill\u00f3n de pesos.<\/strong><\/li>\n<\/ul>\n<p>Bajo la cautelar de Prisi\u00f3n Preventiva quedaron los dos antisociales de 40 y 46 a\u00f1os de edad, provenientes de Santiago, quienes protagonizaron un violento asalto a mano armada al interior de la planta de Revisi\u00f3n T\u00e9cnica ocurrido este jueves en la ciudad de San Felipe.<br \/>\nComo se recordar\u00e1, el hecho ocurri\u00f3 pasadas las 13:00 horas, luego que los dos sujetos movilizados en un veh\u00edculo lograron su cometido. Uno de ellos premunido de un revolver ingres\u00f3 hasta las dependencias para ejecutar el asalto, mientras su c\u00f3mplice esperaba en la afueras. El asaltante amenaz\u00f3 a los trabajadores del recinto con el armamento, logrando robar una cifra cercana al mill\u00f3n de pesos en efectivo, para luego escapar a bordo del veh\u00edculo.<br \/>\nCarabineros al recepcionar esta denuncia, activ\u00f3 el plan candado para lograr dar con el paradero de los asaltantes, moviliz\u00e1ndose un contingente de uniformados en patrullas y motorizados hasta lograr dar con el autom\u00f3vil que circulaba por Calle Navarro esquina Avenida O\u2019Higgins.<br \/>\nTras una revisi\u00f3n al interior del veh\u00edculo, la Polic\u00eda incaut\u00f3 un arma de fuego calibre 38, una pistola a fogueo, recuperando adem\u00e1s el monto de dinero sustra\u00eddo a la planta de Revisi\u00f3n T\u00e9cnica.<br \/>\nLos imputados de iniciales A.A.A.O., de 40 a\u00f1os de edad, domiciliado en la comuna de Cerro Navia, con antecedentes delictuales por Robo con intimidaci\u00f3n y B.R.M.A., 46 a\u00f1os de edad, proveniente de la comuna de Maip\u00fa, con antecedentes por Robo con intimidaci\u00f3n, fueron trasladados este viernes hasta el Juzgado de Garant\u00eda de San Felipe para ser formalizados por la Fiscal\u00eda por Robo con intimidaci\u00f3n.<br \/>\nEste tribunal acogi\u00f3 el requerimiento del Ministerio P\u00fablico en relaci\u00f3n a la cautelar de Prisi\u00f3n Preventiva por representar ambos un peligro para la seguridad de la sociedad, fij\u00e1ndose un plazo de investigaci\u00f3n de 70 d\u00edas.<br \/>\nCabe mencionar que este gravoso hecho se suma al ocurrido la noche del mi\u00e9rcoles, luego que una banda de inmigrantes asaltara con pistolas a fogueo el Minimarket \u2018Jumbito\u2019, ubicado en Villa El Carmen, logrando un bot\u00edn de $575.000 en efectivo y un tel\u00e9fono celular.<br \/>\nAfortunadamente Carabineros logr\u00f3 r\u00e1pidamente la detenci\u00f3n de los antisociales, quienes tras su formalizaci\u00f3n en tribunales quedaron tras las rejas mientras se investiga el caso por parte de la Fiscal\u00eda de San Felipe.<br \/>\n<strong>Pablo Salinas Sald\u00edas<\/strong><\/p>\n","protected":false},"excerpt":{"rendered":"<p>Tras formalizaci\u00f3n en Tribunales: Este jueves Carabineros logr\u00f3 capturar a los dos sujetos provenientes de Santiago, quienes manten\u00edan un arma de fuego y con ella lograron asaltar y amenazar a los trabajadores&#8230;<\/p>\n","protected":false},"author":1,"featured_media":87797,"comment_status":"open","ping_status":"open","sticky":false,"template":"","format":"standard","meta":{"advanced_seo_description":"","jetpack_seo_html_title":"","jetpack_seo_noindex":false,"_jetpack_memberships_contains_paid_content":false,"footnotes":""},"categories":[21],"tags":[],"class_list":["post-87796","post","type-post","status-publish","format-standard","has-post-thumbnail","hentry","category-policial"],"jetpack_featured_media_url":"https:\/\/i0.wp.com\/eltrabajo.cl\/portal\/wp-content\/uploads\/2018\/08\/detenido-asalto.jpg?fit=580%2C400&ssl=1","jetpack_sharing_enabled":true,"jetpack_likes_enabled":true,"jetpack-related-posts":[],"_links":{"self":[{"href":"https:\/\/eltrabajo.cl\/portal\/wp-json\/wp\/v2\/posts\/87796","targetHints":{"allow":["GET"]}}],"collection":[{"href":"https:\/\/eltrabajo.cl\/portal\/wp-json\/wp\/v2\/posts"}],"about":[{"href":"https:\/\/eltrabajo.cl\/portal\/wp-json\/wp\/v2\/types\/post"}],"author":[{"embeddable":true,"href":"https:\/\/eltrabajo.cl\/portal\/wp-json\/wp\/v2\/users\/1"}],"replies":[{"embeddable":true,"href":"https:\/\/eltrabajo.cl\/portal\/wp-json\/wp\/v2\/comments?post=87796"}],"version-history":[{"count":0,"href":"https:\/\/eltrabajo.cl\/portal\/wp-json\/wp\/v2\/posts\/87796\/revisions"}],"wp:featuredmedia":[{"embeddable":true,"href":"https:\/\/eltrabajo.cl\/portal\/wp-json\/wp\/v2\/media\/87797"}],"wp:attachment":[{"href":"https:\/\/eltrabajo.cl\/portal\/wp-json\/wp\/v2\/media?parent=87796"}],"wp:term":[{"taxonomy":"category","embeddable":true,"href":"https:\/\/eltrabajo.cl\/portal\/wp-json\/wp\/v2\/categories?post=87796"},{"taxonomy":"post_tag","embeddable":true,"href":"https:\/\/eltrabajo.cl\/portal\/wp-json\/wp\/v2\/tags?post=87796"}],"curies":[{"name":"wp","href":"https:\/\/api.w.org\/{rel}","templated":true}]}}