{"id":87799,"date":"2018-08-13T05:06:15","date_gmt":"2018-08-13T09:06:15","guid":{"rendered":"http:\/\/www.eltrabajo.cl\/2017\/?p=87799"},"modified":"2018-08-13T05:06:15","modified_gmt":"2018-08-13T09:06:15","slug":"nueva-protesta-en-la-ruta-5-norte-por-alza-de-las-tarifas-de-peaje-las-vegas","status":"publish","type":"post","link":"https:\/\/eltrabajo.cl\/portal\/nueva-protesta-en-la-ruta-5-norte-por-alza-de-las-tarifas-de-peaje-las-vegas\/","title":{"rendered":"Nueva protesta en la Ruta 5 Norte por alza de las tarifas de Peaje Las Vegas"},"content":{"rendered":"<figure id=\"attachment_87800\" aria-describedby=\"caption-attachment-87800\" style=\"width: 580px\" class=\"wp-caption alignnone\"><img data-recalc-dims=\"1\" loading=\"lazy\" decoding=\"async\" class=\"size-full wp-image-87800\" src=\"https:\/\/i0.wp.com\/www.eltrabajo.cl\/2017\/wp-content\/uploads\/2018\/08\/Protesta1.jpg?resize=580%2C400\" alt=\"Por cerca de dos horas, alrededor de 200 personas se congregaron en el sector de la Ruta 5 Norte para protestar por alza de 1.400 pesos (ida y vuelta) en la tarifa del Peaje Las Vegas.\" width=\"580\" height=\"400\" srcset=\"https:\/\/i0.wp.com\/eltrabajo.cl\/portal\/wp-content\/uploads\/2018\/08\/Protesta1.jpg?w=580&amp;ssl=1 580w, https:\/\/i0.wp.com\/eltrabajo.cl\/portal\/wp-content\/uploads\/2018\/08\/Protesta1.jpg?resize=200%2C138&amp;ssl=1 200w, https:\/\/i0.wp.com\/eltrabajo.cl\/portal\/wp-content\/uploads\/2018\/08\/Protesta1.jpg?resize=300%2C207&amp;ssl=1 300w, https:\/\/i0.wp.com\/eltrabajo.cl\/portal\/wp-content\/uploads\/2018\/08\/Protesta1.jpg?resize=218%2C150&amp;ssl=1 218w, https:\/\/i0.wp.com\/eltrabajo.cl\/portal\/wp-content\/uploads\/2018\/08\/Protesta1.jpg?resize=400%2C276&amp;ssl=1 400w\" sizes=\"auto, (max-width: 580px) 100vw, 580px\" \/><figcaption id=\"caption-attachment-87800\" class=\"wp-caption-text\">Por cerca de dos horas, alrededor de 200 personas se congregaron en el sector de la Ruta 5 Norte para protestar por alza de 1.400 pesos (ida y vuelta) en la tarifa del Peaje Las Vegas.<\/figcaption><\/figure>\n<p><span style=\"color: #ff0000;\"><strong>Cinco de los diez alcaldes de Aconcagua participaron:<\/strong><\/span><\/p>\n<p><strong>LLAY LLAY.-<\/strong> Como nunca antes las Fuerzas Vivas del Valle de Aconcagua logran una sinton\u00eda total en un tema que a consideraci\u00f3n de muchos, les afecta a todos en el valle: El cobro excesivo que Peaje Las Vegas sigue haciendo a todos los conductores en la Ruta 5 Norte.<br \/>\nEs por ellos que m\u00e1s de 200 personas se congregaron durante varias horas en el sector de la Ruta 5 Norte para protestar por alza de 1.400 pesos en la tarifa de este pol\u00e9mico y abusivo punto de cobro. La actividad fue convocada por diversos movimientos sociales y ciudadanos, y sirvi\u00f3 tambi\u00e9n para reafirmar el inter\u00e9s de dar vida a la nueva Regi\u00f3n de Aconcagua, separada de Valpara\u00edso.<br \/>\nLo ocurrido con el alza usurera de la tarifa del peaje para favorecer a los habitantes del sector norte de la Regi\u00f3n Metropolitana es un ejemplo claro que se necesita una independencia administrativa de lo que es hoy la Regi\u00f3n de Valpara\u00edso, toda vez que decisiones que perjudican a los habitantes de Aconcagua son tomadas por el gobierno central.<br \/>\nEn la actividad estuvieron presentes los alcalde de Llay-Llay, Edgardo Gonz\u00e1lez, de San Esteban, Ren\u00e9 Mardones; de Santa Mar\u00eda, Claudio Zurita; de Calle Larga, Nelson Venegas y Pedro Caballer\u00eda de Rinconada, adem\u00e1s de los diputados Camila Flores, Carolina Marz\u00e1n, Marcelo Schilling y Diego Ib\u00e1\u00f1ez.<br \/>\nLa manifestaci\u00f3n incluy\u00f3 algunos cortes intermitentes en la ruta donde las personas enarbolaron pancartas no solamente en protesta por el alza del peaje, sino tambi\u00e9n por la Regi\u00f3n de Aconcagua.<br \/>\nLa protesta termin\u00f3 luego que los voceros del movimiento recibieran el comunicado que ser\u00edan recibidos por el Intendente Regional Jorge Mart\u00ednez el pr\u00f3ximo martes 14 a fin de analizar este problema. No obstante, los convocantes advirtieron que de no haber soluciones concretas a sus demandas las protestas se radicalizar\u00e1n a\u00fan m\u00e1s, efectuando corte de la ruta tanto de d\u00eda como de noche.<\/p>\n<figure id=\"attachment_87801\" aria-describedby=\"caption-attachment-87801\" style=\"width: 580px\" class=\"wp-caption alignnone\"><img data-recalc-dims=\"1\" loading=\"lazy\" decoding=\"async\" class=\"size-full wp-image-87801\" src=\"https:\/\/i0.wp.com\/www.eltrabajo.cl\/2017\/wp-content\/uploads\/2018\/08\/Protesta2.jpg?resize=580%2C400\" alt=\"Las Fuerzas Vivas del Valle de Aconcagua lograron hacerse sentir frente a Peaje Las Vegas.\" width=\"580\" height=\"400\" srcset=\"https:\/\/i0.wp.com\/eltrabajo.cl\/portal\/wp-content\/uploads\/2018\/08\/Protesta2.jpg?w=580&amp;ssl=1 580w, https:\/\/i0.wp.com\/eltrabajo.cl\/portal\/wp-content\/uploads\/2018\/08\/Protesta2.jpg?resize=200%2C138&amp;ssl=1 200w, https:\/\/i0.wp.com\/eltrabajo.cl\/portal\/wp-content\/uploads\/2018\/08\/Protesta2.jpg?resize=300%2C207&amp;ssl=1 300w, https:\/\/i0.wp.com\/eltrabajo.cl\/portal\/wp-content\/uploads\/2018\/08\/Protesta2.jpg?resize=218%2C150&amp;ssl=1 218w, https:\/\/i0.wp.com\/eltrabajo.cl\/portal\/wp-content\/uploads\/2018\/08\/Protesta2.jpg?resize=400%2C276&amp;ssl=1 400w\" sizes=\"auto, (max-width: 580px) 100vw, 580px\" \/><figcaption id=\"caption-attachment-87801\" class=\"wp-caption-text\">Las Fuerzas Vivas del Valle de Aconcagua lograron hacerse sentir frente a Peaje Las Vegas.<\/figcaption><\/figure>\n","protected":false},"excerpt":{"rendered":"<p>Cinco de los diez alcaldes de Aconcagua participaron: LLAY LLAY.- Como nunca antes las Fuerzas Vivas del Valle de Aconcagua logran una sinton\u00eda total en un tema que a consideraci\u00f3n de muchos,&#8230;<\/p>\n","protected":false},"author":1,"featured_media":87801,"comment_status":"open","ping_status":"open","sticky":false,"template":"","format":"standard","meta":{"advanced_seo_description":"","jetpack_seo_html_title":"","jetpack_seo_noindex":false,"_jetpack_memberships_contains_paid_content":false,"footnotes":""},"categories":[1],"tags":[],"class_list":["post-87799","post","type-post","status-publish","format-standard","has-post-thumbnail","hentry","category-cronica"],"jetpack_featured_media_url":"https:\/\/i0.wp.com\/eltrabajo.cl\/portal\/wp-content\/uploads\/2018\/08\/Protesta2.jpg?fit=580%2C400&ssl=1","jetpack_sharing_enabled":true,"jetpack_likes_enabled":true,"jetpack-related-posts":[],"_links":{"self":[{"href":"https:\/\/eltrabajo.cl\/portal\/wp-json\/wp\/v2\/posts\/87799","targetHints":{"allow":["GET"]}}],"collection":[{"href":"https:\/\/eltrabajo.cl\/portal\/wp-json\/wp\/v2\/posts"}],"about":[{"href":"https:\/\/eltrabajo.cl\/portal\/wp-json\/wp\/v2\/types\/post"}],"author":[{"embeddable":true,"href":"https:\/\/eltrabajo.cl\/portal\/wp-json\/wp\/v2\/users\/1"}],"replies":[{"embeddable":true,"href":"https:\/\/eltrabajo.cl\/portal\/wp-json\/wp\/v2\/comments?post=87799"}],"version-history":[{"count":0,"href":"https:\/\/eltrabajo.cl\/portal\/wp-json\/wp\/v2\/posts\/87799\/revisions"}],"wp:featuredmedia":[{"embeddable":true,"href":"https:\/\/eltrabajo.cl\/portal\/wp-json\/wp\/v2\/media\/87801"}],"wp:attachment":[{"href":"https:\/\/eltrabajo.cl\/portal\/wp-json\/wp\/v2\/media?parent=87799"}],"wp:term":[{"taxonomy":"category","embeddable":true,"href":"https:\/\/eltrabajo.cl\/portal\/wp-json\/wp\/v2\/categories?post=87799"},{"taxonomy":"post_tag","embeddable":true,"href":"https:\/\/eltrabajo.cl\/portal\/wp-json\/wp\/v2\/tags?post=87799"}],"curies":[{"name":"wp","href":"https:\/\/api.w.org\/{rel}","templated":true}]}}