{"id":87831,"date":"2018-08-16T05:00:49","date_gmt":"2018-08-16T09:00:49","guid":{"rendered":"http:\/\/www.eltrabajo.cl\/2017\/?p=87831"},"modified":"2018-08-16T05:00:49","modified_gmt":"2018-08-16T09:00:49","slug":"el-martes-se-reune-mesa-tecnica-por-cambio-de-feria-diego-de-almagro","status":"publish","type":"post","link":"https:\/\/eltrabajo.cl\/portal\/el-martes-se-reune-mesa-tecnica-por-cambio-de-feria-diego-de-almagro\/","title":{"rendered":"El martes se re\u00fane mesa t\u00e9cnica por cambio de feria Diego de Almagro"},"content":{"rendered":"<figure id=\"attachment_87832\" aria-describedby=\"caption-attachment-87832\" style=\"width: 580px\" class=\"wp-caption alignnone\"><img data-recalc-dims=\"1\" loading=\"lazy\" decoding=\"async\" class=\"size-full wp-image-87832\" src=\"https:\/\/i0.wp.com\/www.eltrabajo.cl\/2017\/wp-content\/uploads\/2018\/08\/Patricia-Boffa.jpg?resize=580%2C400\" alt=\"Patricia Boffa, autora de la pol\u00e9mica propuesta de cambiar la ubicaci\u00f3n de la feria, medida aplaudida por unos y criticadas por otros.\" width=\"580\" height=\"400\" srcset=\"https:\/\/i0.wp.com\/eltrabajo.cl\/portal\/wp-content\/uploads\/2018\/08\/Patricia-Boffa.jpg?w=580&amp;ssl=1 580w, https:\/\/i0.wp.com\/eltrabajo.cl\/portal\/wp-content\/uploads\/2018\/08\/Patricia-Boffa.jpg?resize=200%2C138&amp;ssl=1 200w, https:\/\/i0.wp.com\/eltrabajo.cl\/portal\/wp-content\/uploads\/2018\/08\/Patricia-Boffa.jpg?resize=300%2C207&amp;ssl=1 300w, https:\/\/i0.wp.com\/eltrabajo.cl\/portal\/wp-content\/uploads\/2018\/08\/Patricia-Boffa.jpg?resize=218%2C150&amp;ssl=1 218w, https:\/\/i0.wp.com\/eltrabajo.cl\/portal\/wp-content\/uploads\/2018\/08\/Patricia-Boffa.jpg?resize=400%2C276&amp;ssl=1 400w\" sizes=\"auto, (max-width: 580px) 100vw, 580px\" \/><figcaption id=\"caption-attachment-87832\" class=\"wp-caption-text\">Patricia Boffa, autora de la pol\u00e9mica propuesta de cambiar la ubicaci\u00f3n de la feria, medida aplaudida por unos y criticadas por otros.<\/figcaption><\/figure>\n<p><span style=\"color: #ff0000;\"><strong>Proyecto traslado a otro lugar:<\/strong><\/span><\/p>\n<p>El pr\u00f3ximo 21 de agosto en el sal\u00f3n municipal se va a efectuar una reuni\u00f3n para analizar la propuesta sobre el cambio de lugar de los feriantes que hasta ahora se ubican en la avenida Diego de Almagro.<br \/>\nAs\u00ed lo dio a conocer la concejal Patricia Boffa Casas, autora de la propuesta del cambio de lugar, quien destac\u00f3 que \u201cse va a trabajar con los actores involucrados, cuando digo los actores involucrados es que va a estar la gente de la feria que son los chacareros, bazar, los sindicatos de las ferias libres, pero tambi\u00e9n los presidentes de las juntas de vecinos de los sectores aleda\u00f1os a la feria. El d\u00eda 21 de agosto vamos a tener la reuni\u00f3n que va a contar con la presencia de la jefa de fiscalizaci\u00f3n de la municipalidad, departamento Jur\u00eddico, los concejales, el alcalde, Rentas obviamente, porque son quienes nos tienen que informar de c\u00f3mo est\u00e1 la situaci\u00f3n en la feria Diego de Almagro, y esa reuni\u00f3n se va a realizar a las 16:00 horas en el sal\u00f3n municipal de San Felipe\u201d, se\u00f1al\u00f3 la concejal.<br \/>\nBoffa record\u00f3 que esta reuni\u00f3n no se hizo antes porque Rentas estaba viendo todo lo relacionado con el pago de patentes y posteriormente vinieron las actividades del aniversario de San Felipe.<br \/>\nAclar\u00f3 que esta reuni\u00f3n es una mesa t\u00e9cnica donde se van a revisar los pro y los contras de la feria: \u201cVuelvo a insistir, esta es una propuesta, esto no va a funcionar el pr\u00f3ximo mes porque sabemos que viene toda la intervenci\u00f3n de la calle Abraham Ahumada, por lo tanto hacer una propuesta y que comience a funcionar lo antes posible\u2026 es imposible debido a que viene intervenci\u00f3n que son nueve meses\u201d, sostuvo la edil.<br \/>\n<strong>&#8211; \u00bfUsted ha conversado con los feriantes?<\/strong><br \/>\n&#8211; Mayoritariamente, yo he conversado con gente de Chacarer\u00eda, ellos no se cierran a esta opci\u00f3n, tambi\u00e9n lo he hablado con algunos presidentes de juntas de vecinos que han recibido tambi\u00e9n los comentarios de los vecinos del sector, claro hay opiniones encontradas, hay gente que por la cercan\u00eda no le conviene, pero la gente que est\u00e1 espec\u00edficamente en el sector y que se ve perjudicada el d\u00eda domingo con la feria, obviamente que esa gente est\u00e1 de acuerdo, quiere conversarlo, pero esto no es un tema dictatorial, ac\u00e1 no se va a tomar ninguna decisi\u00f3n sin consultarle a la gente, para que quede claro, porque yo he visto en las redes sociales que me han tratado de lo peor, otros no, pero ac\u00e1 es una decisi\u00f3n que se va a tomar en conjunto, que si vemos que son m\u00e1s los contras que los pro, obviamente lo que tenemos que hacer es buscar la forma de regularizar la feria Diego de Almagro, porque no es un secreto para nadie, yo no estoy mintiendo cuando digo que esto se desbord\u00f3.<br \/>\nReiter\u00f3 que esta es una propuesta y este 21 de agosto se va a llevar a cabo la primera reuni\u00f3n de la mesa t\u00e9cnica.<\/p>\n","protected":false},"excerpt":{"rendered":"<p>Proyecto traslado a otro lugar: El pr\u00f3ximo 21 de agosto en el sal\u00f3n municipal se va a efectuar una reuni\u00f3n para analizar la propuesta sobre el cambio de lugar de los feriantes&#8230;<\/p>\n","protected":false},"author":1,"featured_media":87498,"comment_status":"open","ping_status":"open","sticky":false,"template":"","format":"standard","meta":{"advanced_seo_description":"","jetpack_seo_html_title":"","jetpack_seo_noindex":false,"_jetpack_memberships_contains_paid_content":false,"footnotes":""},"categories":[1],"tags":[],"class_list":["post-87831","post","type-post","status-publish","format-standard","has-post-thumbnail","hentry","category-cronica"],"jetpack_featured_media_url":"https:\/\/i0.wp.com\/eltrabajo.cl\/portal\/wp-content\/uploads\/2018\/07\/Bazar.jpg?fit=580%2C400&ssl=1","jetpack_sharing_enabled":true,"jetpack_likes_enabled":true,"jetpack-related-posts":[],"_links":{"self":[{"href":"https:\/\/eltrabajo.cl\/portal\/wp-json\/wp\/v2\/posts\/87831","targetHints":{"allow":["GET"]}}],"collection":[{"href":"https:\/\/eltrabajo.cl\/portal\/wp-json\/wp\/v2\/posts"}],"about":[{"href":"https:\/\/eltrabajo.cl\/portal\/wp-json\/wp\/v2\/types\/post"}],"author":[{"embeddable":true,"href":"https:\/\/eltrabajo.cl\/portal\/wp-json\/wp\/v2\/users\/1"}],"replies":[{"embeddable":true,"href":"https:\/\/eltrabajo.cl\/portal\/wp-json\/wp\/v2\/comments?post=87831"}],"version-history":[{"count":0,"href":"https:\/\/eltrabajo.cl\/portal\/wp-json\/wp\/v2\/posts\/87831\/revisions"}],"wp:featuredmedia":[{"embeddable":true,"href":"https:\/\/eltrabajo.cl\/portal\/wp-json\/wp\/v2\/media\/87498"}],"wp:attachment":[{"href":"https:\/\/eltrabajo.cl\/portal\/wp-json\/wp\/v2\/media?parent=87831"}],"wp:term":[{"taxonomy":"category","embeddable":true,"href":"https:\/\/eltrabajo.cl\/portal\/wp-json\/wp\/v2\/categories?post=87831"},{"taxonomy":"post_tag","embeddable":true,"href":"https:\/\/eltrabajo.cl\/portal\/wp-json\/wp\/v2\/tags?post=87831"}],"curies":[{"name":"wp","href":"https:\/\/api.w.org\/{rel}","templated":true}]}}