{"id":87834,"date":"2018-08-16T05:01:11","date_gmt":"2018-08-16T09:01:11","guid":{"rendered":"http:\/\/www.eltrabajo.cl\/2017\/?p=87834"},"modified":"2018-08-16T05:01:11","modified_gmt":"2018-08-16T09:01:11","slug":"vecinas-de-poblacion-santa-rosa-regalan-gorros-y-bufandas-en-albergue-municipal","status":"publish","type":"post","link":"https:\/\/eltrabajo.cl\/portal\/vecinas-de-poblacion-santa-rosa-regalan-gorros-y-bufandas-en-albergue-municipal\/","title":{"rendered":"Vecinas de Poblaci\u00f3n Santa Rosa regalan gorros y bufandas en albergue municipal"},"content":{"rendered":"<figure id=\"attachment_87836\" aria-describedby=\"caption-attachment-87836\" style=\"width: 580px\" class=\"wp-caption alignnone\"><img data-recalc-dims=\"1\" loading=\"lazy\" decoding=\"async\" class=\"size-full wp-image-87836\" src=\"https:\/\/i0.wp.com\/www.eltrabajo.cl\/2017\/wp-content\/uploads\/2018\/08\/Bufandas2.jpg?resize=580%2C400\" alt=\"EN TERRENO.- El propio alcalde Freire hizo entrega tambi\u00e9n de los implementos para el fr\u00edo a los albergados.\" width=\"580\" height=\"400\" srcset=\"https:\/\/i0.wp.com\/eltrabajo.cl\/portal\/wp-content\/uploads\/2018\/08\/Bufandas2.jpg?w=580&amp;ssl=1 580w, https:\/\/i0.wp.com\/eltrabajo.cl\/portal\/wp-content\/uploads\/2018\/08\/Bufandas2.jpg?resize=200%2C138&amp;ssl=1 200w, https:\/\/i0.wp.com\/eltrabajo.cl\/portal\/wp-content\/uploads\/2018\/08\/Bufandas2.jpg?resize=300%2C207&amp;ssl=1 300w, https:\/\/i0.wp.com\/eltrabajo.cl\/portal\/wp-content\/uploads\/2018\/08\/Bufandas2.jpg?resize=218%2C150&amp;ssl=1 218w, https:\/\/i0.wp.com\/eltrabajo.cl\/portal\/wp-content\/uploads\/2018\/08\/Bufandas2.jpg?resize=400%2C276&amp;ssl=1 400w\" sizes=\"auto, (max-width: 580px) 100vw, 580px\" \/><figcaption id=\"caption-attachment-87836\" class=\"wp-caption-text\">EN TERRENO.- El propio alcalde Freire hizo entrega tambi\u00e9n de los implementos para el fr\u00edo a los albergados.<\/figcaption><\/figure>\n<p><strong><span style=\"color: #ff0000;\">Junta vecinal, Taller Femenino y Club Adulto Mayor:<\/span><\/strong><\/p>\n<p>La noche de este lunes fueron decenas de gorros y bufandas de lana las que varias vecinas de Poblaci\u00f3n Santa Rosa, sector Dardignac, entregaron a las personas que pernoctan en el Albergue Municipal, para enfrentar este fr\u00edo invierno.<br \/>\nMar\u00eda Ang\u00e9lica Vergara, presidenta de la junta vecinal Poblaci\u00f3n Santa Rosa, coment\u00f3 a Diario El Trabajo que \u00abnosotros como junta de vecinos quisimos apoyar ac\u00e1 las iniciativas que se desarrollan para abrigar a estas personas del albergue municipal, como directiva entonces nos dispusimos trabajar con el Club Adulto Mayor Santa Rosa y el Taller Femenino, as\u00ed entre 55 vecinas hicimos estas bufandas y gorros, duramos varias semanas, pero al final logramos terminarlas. Esta lana usada para la prendas fue financiada con dinero que recibimos de un proyecto del Gore con el 2% de Cultura, con el que buscamos poder realizar esta clase de iniciativas en nuestra comunidad\u00bb, dijo la dirigente.<br \/>\nPor su parte el alcalde Patricio Freire nos asegur\u00f3 que \u00abesta noche recibimos la visita de las integrantes de la junta vecinal de Poblaci\u00f3n Santa Rosa, del Club Adulto Mayor y Taller Femenino, ellas entregaron los gorros y bufandas a los usuarios del albergue, un noble gesto de estas vecinas hacia nuestros albergados, lo que nos motiva tambi\u00e9n a seguir haciendo nuestro trabajo social\u00bb, se\u00f1al\u00f3 el edil.<br \/>\n<strong>Roberto Gonz\u00e1lez Short<\/strong><\/p>\n<figure id=\"attachment_87835\" aria-describedby=\"caption-attachment-87835\" style=\"width: 580px\" class=\"wp-caption alignnone\"><img data-recalc-dims=\"1\" loading=\"lazy\" decoding=\"async\" class=\"size-full wp-image-87835\" src=\"https:\/\/i0.wp.com\/www.eltrabajo.cl\/2017\/wp-content\/uploads\/2018\/08\/Bufandas1.jpg?resize=580%2C400\" alt=\"BIEN ABRIGADOS.- Aqu\u00ed vemos a dirigentes, albergados, vecinos y autoridades de nuestra comuna, ya abrigados con estas bufandas.\" width=\"580\" height=\"400\" srcset=\"https:\/\/i0.wp.com\/eltrabajo.cl\/portal\/wp-content\/uploads\/2018\/08\/Bufandas1.jpg?w=580&amp;ssl=1 580w, https:\/\/i0.wp.com\/eltrabajo.cl\/portal\/wp-content\/uploads\/2018\/08\/Bufandas1.jpg?resize=200%2C138&amp;ssl=1 200w, https:\/\/i0.wp.com\/eltrabajo.cl\/portal\/wp-content\/uploads\/2018\/08\/Bufandas1.jpg?resize=300%2C207&amp;ssl=1 300w, https:\/\/i0.wp.com\/eltrabajo.cl\/portal\/wp-content\/uploads\/2018\/08\/Bufandas1.jpg?resize=218%2C150&amp;ssl=1 218w, https:\/\/i0.wp.com\/eltrabajo.cl\/portal\/wp-content\/uploads\/2018\/08\/Bufandas1.jpg?resize=400%2C276&amp;ssl=1 400w\" sizes=\"auto, (max-width: 580px) 100vw, 580px\" \/><figcaption id=\"caption-attachment-87835\" class=\"wp-caption-text\">BIEN ABRIGADOS.- Aqu\u00ed vemos a dirigentes, albergados, vecinos y autoridades de nuestra comuna, ya abrigados con estas bufandas.<\/figcaption><\/figure>\n<figure id=\"attachment_87837\" aria-describedby=\"caption-attachment-87837\" style=\"width: 580px\" class=\"wp-caption alignnone\"><img data-recalc-dims=\"1\" loading=\"lazy\" decoding=\"async\" class=\"size-full wp-image-87837\" src=\"https:\/\/i0.wp.com\/www.eltrabajo.cl\/2017\/wp-content\/uploads\/2018\/08\/Bufandas3.jpg?resize=580%2C400\" alt=\"DESCARGANDO.- Vecinos de Poblaci\u00f3n Santa Rosa hicieron entrega de las bufandas y gorros a los usuarios del albergue.\" width=\"580\" height=\"400\" srcset=\"https:\/\/i0.wp.com\/eltrabajo.cl\/portal\/wp-content\/uploads\/2018\/08\/Bufandas3.jpg?w=580&amp;ssl=1 580w, https:\/\/i0.wp.com\/eltrabajo.cl\/portal\/wp-content\/uploads\/2018\/08\/Bufandas3.jpg?resize=200%2C138&amp;ssl=1 200w, https:\/\/i0.wp.com\/eltrabajo.cl\/portal\/wp-content\/uploads\/2018\/08\/Bufandas3.jpg?resize=300%2C207&amp;ssl=1 300w, https:\/\/i0.wp.com\/eltrabajo.cl\/portal\/wp-content\/uploads\/2018\/08\/Bufandas3.jpg?resize=218%2C150&amp;ssl=1 218w, https:\/\/i0.wp.com\/eltrabajo.cl\/portal\/wp-content\/uploads\/2018\/08\/Bufandas3.jpg?resize=400%2C276&amp;ssl=1 400w\" sizes=\"auto, (max-width: 580px) 100vw, 580px\" \/><figcaption id=\"caption-attachment-87837\" class=\"wp-caption-text\">DESCARGANDO.- Vecinos de Poblaci\u00f3n Santa Rosa hicieron entrega de las bufandas y gorros a los usuarios del albergue.<\/figcaption><\/figure>\n","protected":false},"excerpt":{"rendered":"<p>Junta vecinal, Taller Femenino y Club Adulto Mayor: La noche de este lunes fueron decenas de gorros y bufandas de lana las que varias vecinas de Poblaci\u00f3n Santa Rosa, sector Dardignac, entregaron&#8230;<\/p>\n","protected":false},"author":1,"featured_media":87835,"comment_status":"open","ping_status":"open","sticky":false,"template":"","format":"standard","meta":{"advanced_seo_description":"","jetpack_seo_html_title":"","jetpack_seo_noindex":false,"_jetpack_memberships_contains_paid_content":false,"footnotes":""},"categories":[1],"tags":[],"class_list":["post-87834","post","type-post","status-publish","format-standard","has-post-thumbnail","hentry","category-cronica"],"jetpack_featured_media_url":"https:\/\/i0.wp.com\/eltrabajo.cl\/portal\/wp-content\/uploads\/2018\/08\/Bufandas1.jpg?fit=580%2C400&ssl=1","jetpack_sharing_enabled":true,"jetpack_likes_enabled":true,"jetpack-related-posts":[],"_links":{"self":[{"href":"https:\/\/eltrabajo.cl\/portal\/wp-json\/wp\/v2\/posts\/87834","targetHints":{"allow":["GET"]}}],"collection":[{"href":"https:\/\/eltrabajo.cl\/portal\/wp-json\/wp\/v2\/posts"}],"about":[{"href":"https:\/\/eltrabajo.cl\/portal\/wp-json\/wp\/v2\/types\/post"}],"author":[{"embeddable":true,"href":"https:\/\/eltrabajo.cl\/portal\/wp-json\/wp\/v2\/users\/1"}],"replies":[{"embeddable":true,"href":"https:\/\/eltrabajo.cl\/portal\/wp-json\/wp\/v2\/comments?post=87834"}],"version-history":[{"count":0,"href":"https:\/\/eltrabajo.cl\/portal\/wp-json\/wp\/v2\/posts\/87834\/revisions"}],"wp:featuredmedia":[{"embeddable":true,"href":"https:\/\/eltrabajo.cl\/portal\/wp-json\/wp\/v2\/media\/87835"}],"wp:attachment":[{"href":"https:\/\/eltrabajo.cl\/portal\/wp-json\/wp\/v2\/media?parent=87834"}],"wp:term":[{"taxonomy":"category","embeddable":true,"href":"https:\/\/eltrabajo.cl\/portal\/wp-json\/wp\/v2\/categories?post=87834"},{"taxonomy":"post_tag","embeddable":true,"href":"https:\/\/eltrabajo.cl\/portal\/wp-json\/wp\/v2\/tags?post=87834"}],"curies":[{"name":"wp","href":"https:\/\/api.w.org\/{rel}","templated":true}]}}