{"id":87852,"date":"2018-08-17T05:00:45","date_gmt":"2018-08-17T09:00:45","guid":{"rendered":"http:\/\/www.eltrabajo.cl\/2017\/?p=87852"},"modified":"2018-08-17T05:00:45","modified_gmt":"2018-08-17T09:00:45","slug":"adulto-mayor-fallece-de-un-infarto-al-interior-de-microbus-en-el-algarrobal","status":"publish","type":"post","link":"https:\/\/eltrabajo.cl\/portal\/adulto-mayor-fallece-de-un-infarto-al-interior-de-microbus-en-el-algarrobal\/","title":{"rendered":"Adulto mayor fallece de un infarto al interior de microb\u00fas en El Algarrobal"},"content":{"rendered":"<figure id=\"attachment_87853\" aria-describedby=\"caption-attachment-87853\" style=\"width: 580px\" class=\"wp-caption alignnone\"><img data-recalc-dims=\"1\" loading=\"lazy\" decoding=\"async\" class=\"size-full wp-image-87853\" src=\"https:\/\/i0.wp.com\/www.eltrabajo.cl\/2017\/wp-content\/uploads\/2018\/08\/fallecio-en-algarrobal.jpg?resize=580%2C400\" alt=\"Conmoci\u00f3n caus\u00f3 entre los vecinos del sector, el repentino fallecimiento del conocido vecino, quien se desplom\u00f3 repentinamente al interior del microb\u00fas cuando se dispon\u00eda a descender para ir a su domicilio.\" width=\"580\" height=\"400\" srcset=\"https:\/\/i0.wp.com\/eltrabajo.cl\/portal\/wp-content\/uploads\/2018\/08\/fallecio-en-algarrobal.jpg?w=580&amp;ssl=1 580w, https:\/\/i0.wp.com\/eltrabajo.cl\/portal\/wp-content\/uploads\/2018\/08\/fallecio-en-algarrobal.jpg?resize=200%2C138&amp;ssl=1 200w, https:\/\/i0.wp.com\/eltrabajo.cl\/portal\/wp-content\/uploads\/2018\/08\/fallecio-en-algarrobal.jpg?resize=300%2C207&amp;ssl=1 300w, https:\/\/i0.wp.com\/eltrabajo.cl\/portal\/wp-content\/uploads\/2018\/08\/fallecio-en-algarrobal.jpg?resize=218%2C150&amp;ssl=1 218w, https:\/\/i0.wp.com\/eltrabajo.cl\/portal\/wp-content\/uploads\/2018\/08\/fallecio-en-algarrobal.jpg?resize=400%2C276&amp;ssl=1 400w\" sizes=\"auto, (max-width: 580px) 100vw, 580px\" \/><figcaption id=\"caption-attachment-87853\" class=\"wp-caption-text\">Conmoci\u00f3n caus\u00f3 entre los vecinos del sector, el repentino fallecimiento del conocido vecino, quien se desplom\u00f3 repentinamente al interior del microb\u00fas cuando se dispon\u00eda a descender para ir a su domicilio.<\/figcaption><\/figure>\n<p><span style=\"color: #ff0000;\"><strong>Conocido vecino sufr\u00eda dolencias card\u00edacas desde el a\u00f1o 2010:<\/strong><\/span><\/p>\n<ul>\n<li><strong>Francisco Jos\u00e9 L\u00f3pez Astudillo ten\u00eda 61 a\u00f1os de edad y se desplom\u00f3 en el microb\u00fas que lo conduc\u00eda hasta su domicilio la tarde de este mi\u00e9rcoles.<\/strong><\/li>\n<\/ul>\n<p>Como Francisco Jos\u00e9 L\u00f3pez Astudillo, de 61 a\u00f1os edad, fue identificado el adulto mayor que falleci\u00f3 la tarde de este mi\u00e9rcoles, v\u00edctima aparentemente de un paro cardio respiratorio tras desplomarse al interior de un microb\u00fas que circulaba cercano a su domicilio en el sector El Algarrobal de San Felipe.<br \/>\nEl lamentable hecho ocurri\u00f3 alrededor de las 16:00 horas, mientras la v\u00edctima hab\u00eda abordado el microb\u00fas de recorrido local para dirigirse hasta su casa, momentos en que don Jos\u00e9 se habr\u00eda sentido mal, cayendo tendido al suelo, siendo socorrido por los pasajeros y el chofer del transporte colectivo.<br \/>\nAl lugar concurri\u00f3 personal del Samu para efectuar las maniobras de reanimaci\u00f3n, sin embargo los param\u00e9dicos declararon su muerte en el sector El Algarrobal de San Felipe, inform\u00e1ndose del deceso a Carabineros quienes dieron cuenta al Fiscal de turno.<br \/>\nEl Ministerio P\u00fablico de San Felipe orden\u00f3 la concurrencia del personal de la Brigada de Homicidios de la Polic\u00eda de Investigaciones de Los Andes para iniciar una investigaci\u00f3n del caso.<br \/>\nEn este sentido el Comisario de la PDI, Gino Guti\u00e9rrez C\u00e1ceres, inform\u00f3 a Diario El Trabajo que respecto al hecho acaecido a la v\u00edctima, \u201c\u00e9ste falleci\u00f3 al interior del microb\u00fas en circunstancias que en horas de la tarde, esta persona se encontraba como pasajero y al incorporarse para descender en el sector El Algarrobal donde queda su domicilio, se desploma al interior de este microb\u00fas, acude el Samu y establece el deceso. No tiene lesiones externas, se establece que la persona ten\u00eda patolog\u00edas del a\u00f1o 2010 card\u00edacas, hab\u00eda sufrido reiterados infartos, tambi\u00e9n hab\u00eda sido operado del coraz\u00f3n y debido a su estado de deterioro corporal esta persona en cualquier momento, seg\u00fan los antecedentes que nos aportaron, pod\u00eda fallecer\u201d.<br \/>\nEl cuerpo fue remitido hasta el Servicio M\u00e9dico Legal para la pr\u00e1ctica de la autopsia de rigor que determine la causa basal del deceso del conocido vecino del sector El Algarrobal de San Felipe.<br \/>\n<strong>Pablo Salinas Sald\u00edas<\/strong><\/p>\n","protected":false},"excerpt":{"rendered":"<p>Conocido vecino sufr\u00eda dolencias card\u00edacas desde el a\u00f1o 2010: Francisco Jos\u00e9 L\u00f3pez Astudillo ten\u00eda 61 a\u00f1os de edad y se desplom\u00f3 en el microb\u00fas que lo conduc\u00eda hasta su domicilio la tarde&#8230;<\/p>\n","protected":false},"author":1,"featured_media":87853,"comment_status":"open","ping_status":"open","sticky":false,"template":"","format":"standard","meta":{"advanced_seo_description":"","jetpack_seo_html_title":"","jetpack_seo_noindex":false,"_jetpack_memberships_contains_paid_content":false,"footnotes":""},"categories":[21],"tags":[],"class_list":["post-87852","post","type-post","status-publish","format-standard","has-post-thumbnail","hentry","category-policial"],"jetpack_featured_media_url":"https:\/\/i0.wp.com\/eltrabajo.cl\/portal\/wp-content\/uploads\/2018\/08\/fallecio-en-algarrobal.jpg?fit=580%2C400&ssl=1","jetpack_sharing_enabled":true,"jetpack_likes_enabled":true,"jetpack-related-posts":[],"_links":{"self":[{"href":"https:\/\/eltrabajo.cl\/portal\/wp-json\/wp\/v2\/posts\/87852","targetHints":{"allow":["GET"]}}],"collection":[{"href":"https:\/\/eltrabajo.cl\/portal\/wp-json\/wp\/v2\/posts"}],"about":[{"href":"https:\/\/eltrabajo.cl\/portal\/wp-json\/wp\/v2\/types\/post"}],"author":[{"embeddable":true,"href":"https:\/\/eltrabajo.cl\/portal\/wp-json\/wp\/v2\/users\/1"}],"replies":[{"embeddable":true,"href":"https:\/\/eltrabajo.cl\/portal\/wp-json\/wp\/v2\/comments?post=87852"}],"version-history":[{"count":0,"href":"https:\/\/eltrabajo.cl\/portal\/wp-json\/wp\/v2\/posts\/87852\/revisions"}],"wp:featuredmedia":[{"embeddable":true,"href":"https:\/\/eltrabajo.cl\/portal\/wp-json\/wp\/v2\/media\/87853"}],"wp:attachment":[{"href":"https:\/\/eltrabajo.cl\/portal\/wp-json\/wp\/v2\/media?parent=87852"}],"wp:term":[{"taxonomy":"category","embeddable":true,"href":"https:\/\/eltrabajo.cl\/portal\/wp-json\/wp\/v2\/categories?post=87852"},{"taxonomy":"post_tag","embeddable":true,"href":"https:\/\/eltrabajo.cl\/portal\/wp-json\/wp\/v2\/tags?post=87852"}],"curies":[{"name":"wp","href":"https:\/\/api.w.org\/{rel}","templated":true}]}}