{"id":87855,"date":"2018-08-17T05:01:03","date_gmt":"2018-08-17T09:01:03","guid":{"rendered":"http:\/\/www.eltrabajo.cl\/2017\/?p=87855"},"modified":"2018-08-17T05:01:03","modified_gmt":"2018-08-17T09:01:03","slug":"el-14-de-septiembre-se-conoceran-propuestas-para-solucion-al-alza-del-peaje","status":"publish","type":"post","link":"https:\/\/eltrabajo.cl\/portal\/el-14-de-septiembre-se-conoceran-propuestas-para-solucion-al-alza-del-peaje\/","title":{"rendered":"El 14 de septiembre se conocer\u00e1n propuestas para soluci\u00f3n al alza del peaje"},"content":{"rendered":"<figure id=\"attachment_87856\" aria-describedby=\"caption-attachment-87856\" style=\"width: 580px\" class=\"wp-caption alignnone\"><img data-recalc-dims=\"1\" loading=\"lazy\" decoding=\"async\" class=\"size-full wp-image-87856\" src=\"https:\/\/i0.wp.com\/www.eltrabajo.cl\/2017\/wp-content\/uploads\/2018\/08\/portadilla-intendente.jpg?resize=580%2C399\" alt=\"Tras reuni\u00f3n con los ediles de Aconcagua el martes pasado, el Intendente abord\u00f3 el tema en La Moneda, comprometiendo propuesta t\u00e9cnica para el 14 de septiembre.\" width=\"580\" height=\"399\" srcset=\"https:\/\/i0.wp.com\/eltrabajo.cl\/portal\/wp-content\/uploads\/2018\/08\/portadilla-intendente.jpg?w=580&amp;ssl=1 580w, https:\/\/i0.wp.com\/eltrabajo.cl\/portal\/wp-content\/uploads\/2018\/08\/portadilla-intendente.jpg?resize=200%2C138&amp;ssl=1 200w, https:\/\/i0.wp.com\/eltrabajo.cl\/portal\/wp-content\/uploads\/2018\/08\/portadilla-intendente.jpg?resize=300%2C206&amp;ssl=1 300w, https:\/\/i0.wp.com\/eltrabajo.cl\/portal\/wp-content\/uploads\/2018\/08\/portadilla-intendente.jpg?resize=218%2C150&amp;ssl=1 218w, https:\/\/i0.wp.com\/eltrabajo.cl\/portal\/wp-content\/uploads\/2018\/08\/portadilla-intendente.jpg?resize=400%2C275&amp;ssl=1 400w\" sizes=\"auto, (max-width: 580px) 100vw, 580px\" \/><figcaption id=\"caption-attachment-87856\" class=\"wp-caption-text\">Tras reuni\u00f3n con los ediles de Aconcagua el martes pasado, el Intendente abord\u00f3 el tema en La Moneda, comprometiendo propuesta t\u00e9cnica para el 14 de septiembre.<\/figcaption><\/figure>\n<p><span style=\"color: #ff0000;\"><strong>Intendente sostuvo reuni\u00f3n en La Moneda, donde se dio prioridad para dar soluci\u00f3n a esta problem\u00e1tica.<\/strong><\/span><\/p>\n<p>Tras la reuni\u00f3n sostenida el martes con alcaldes y autoridades del Valle de Aconcagua, como tambi\u00e9n con diversas organizaciones ciudadanas en la comuna de Llay Llay, este jueves el intendente Jorge Mart\u00ednez, se comunic\u00f3 telef\u00f3nicamente con el alcalde Nelson Venegas, presidente de la Asociaci\u00f3n de Municipalidades Regi\u00f3n de Aconcagua, para comentarle la reuni\u00f3n sostenida por \u00e9l en La Moneda, donde se dio suma urgencia a la b\u00fasqueda de una soluci\u00f3n al conflicto provocado por el alza del peaje en Las Vegas.<br \/>\n\u00abTal como se comprometi\u00f3 en la reuni\u00f3n del martes 14, el intendente se comunic\u00f3 conmigo, donde se me inform\u00f3 que hoy (ayer) en la ma\u00f1ana tuvo una reuni\u00f3n con el Subsecretario Ubilla, quien manifest\u00f3 su preocupaci\u00f3n, raz\u00f3n por la que pas\u00f3 este tema a comit\u00e9 pol\u00edtico, convirti\u00e9ndose as\u00ed en uno de los temas m\u00e1s importantes de la regi\u00f3n que se tratan en este comit\u00e9. Esto va a ser abordado desde la perspectiva pol\u00edtica y t\u00e9cnica. Por lo que inform\u00f3 el intendente se est\u00e1n buscando tres variables t\u00e9cnicas, de las cuales obviamente no hay resultados, pero que deben ser entregadas a m\u00e1s tardar con fecha 14 de septiembre\u00bb, sostuvo Venegas.<br \/>\nJunto con esto el alcalde destac\u00f3 el inter\u00e9s que despert\u00f3 en La Moneda las demandas realizadas tras el alza del peaje, lo que a su juicio es producto de la organizaci\u00f3n y de las movilizaciones encabezadas principalmente por las agrupaciones ciudadanas.<br \/>\n\u00abLa gente ha tenido la capacidad de movilizarse y esta movilizaci\u00f3n ha tra\u00eddo resultados concretos. Ejemplo de esto es que este tema que hasta hace un tiempo no era conocido, sea hoy tratado en La Moneda con autoridades de primer nivel, lo que significa que puedan llegar prontamente soluciones reales y concretas\u00bb, agreg\u00f3 Nelson Venegas.<\/p>\n<p><span style=\"color: #ff0000;\"><strong>PRADENAS CONFIADO <\/strong><\/span><br \/>\nPor su parte el alcalde de Panquehue, Luis Pradenas, quien tambi\u00e9n estuvo presente en la reuni\u00f3n, manifest\u00f3 su optimismo en que se logre a la brevedad una soluci\u00f3n a este conflicto que \u00abha generado la uni\u00f3n de autoridades y la comunidad (&#8230;) Si bien yo sufr\u00ed como alcalde la paralizaci\u00f3n de una obra por casi 10 a\u00f1os, si bien gritaba a todos los vientos que me ayudaran, nunca logr\u00e9 esto. Nunca vino un Intendente, un Seremi a escuchar lo que quer\u00edamos nosotros, por eso digo que tengo m\u00e1s esperanza, porque ahora las autoridades salen a terreno, escuchan a la gente y buscan la soluci\u00f3n\u00bb.<br \/>\nPara la autoridad regional, existe la voluntad de encontrar una soluci\u00f3n, sin embargo recalc\u00f3 que es un tema que deber\u00e1 ser tratado y analizado en el nivel central: \u00abSiempre est\u00e1 la disposici\u00f3n a reunirnos con las autoridades locales, con la ciudadan\u00eda organizada, con los vecinos en todas las partes de nuestra regi\u00f3n y particularmente ac\u00e1, que son provincias que se han sentido hist\u00f3ricamente el patio trasero de la regi\u00f3n y justificadamente hay un centralismo regional que a todos nos duele. Ha sido una reuni\u00f3n muy sincera, muy abierta, donde se han planteado dos grandes temas que le preocupan a los vecinos del Aconcagua, como lo es el alza en el peaje Las Vegas y en segundo lugar lo relacionado a un mayor desarrollo\u00bb.<br \/>\nPara el alcalde Pradenas cuando se logra una reuni\u00f3n con las m\u00e1ximas autoridades de la regi\u00f3n y sus Seremis, se ve que existe inter\u00e9s en lograr soluciones a los problemas presentados por los vecinos: \u00abAs\u00ed me gustar\u00eda ver a la asociaci\u00f3n de alcaldes tratar temas importantes. Tuvimos una tremenda reuni\u00f3n de trabajo con el Intendente y sus Seremis, donde tocamos varios temas, pero que son de inter\u00e9s, pues le afectan a la comunidad. Por lo mismo quiero agradecer al Intendente por tener la grandeza de venir a terreno, donde est\u00e1n los problemas, escuchar con una paciencia tremenda, buscar soluciones y ponerse plazo\u00bb.<br \/>\nEl alcalde Luis Pradenas reiter\u00f3 su optimismo en que se puede logra una soluci\u00f3n a este problema que hoy demandan los vecinos del valle de Aconcagua, pues esta alza de un 33 por ciento en el valor del peaje Las Vegas, afecta el presupuesto familiar de quienes viajan por esta ruta al litoral central de nuestra regi\u00f3n.<\/p>\n<figure id=\"attachment_87857\" aria-describedby=\"caption-attachment-87857\" style=\"width: 580px\" class=\"wp-caption alignnone\"><img data-recalc-dims=\"1\" loading=\"lazy\" decoding=\"async\" class=\"size-full wp-image-87857\" src=\"https:\/\/i0.wp.com\/www.eltrabajo.cl\/2017\/wp-content\/uploads\/2018\/08\/reunion-alza-peaje.jpg?resize=580%2C400\" alt=\"Este martes el intendente Jorge Mart\u00ednez se reuni\u00f3 con alcaldes y autoridades del Valle de Aconcagua para escuchar las inquietud que existe por el alza abusiva y arbitraria del peaje Las Vegas.\" width=\"580\" height=\"400\" srcset=\"https:\/\/i0.wp.com\/eltrabajo.cl\/portal\/wp-content\/uploads\/2018\/08\/reunion-alza-peaje.jpg?w=580&amp;ssl=1 580w, https:\/\/i0.wp.com\/eltrabajo.cl\/portal\/wp-content\/uploads\/2018\/08\/reunion-alza-peaje.jpg?resize=200%2C138&amp;ssl=1 200w, https:\/\/i0.wp.com\/eltrabajo.cl\/portal\/wp-content\/uploads\/2018\/08\/reunion-alza-peaje.jpg?resize=300%2C207&amp;ssl=1 300w, https:\/\/i0.wp.com\/eltrabajo.cl\/portal\/wp-content\/uploads\/2018\/08\/reunion-alza-peaje.jpg?resize=218%2C150&amp;ssl=1 218w, https:\/\/i0.wp.com\/eltrabajo.cl\/portal\/wp-content\/uploads\/2018\/08\/reunion-alza-peaje.jpg?resize=400%2C276&amp;ssl=1 400w\" sizes=\"auto, (max-width: 580px) 100vw, 580px\" \/><figcaption id=\"caption-attachment-87857\" class=\"wp-caption-text\">Este martes el intendente Jorge Mart\u00ednez se reuni\u00f3 con alcaldes y autoridades del Valle de Aconcagua para escuchar las inquietud que existe por el alza abusiva y arbitraria del peaje Las Vegas.<\/figcaption><\/figure>\n<figure id=\"attachment_87858\" aria-describedby=\"caption-attachment-87858\" style=\"width: 580px\" class=\"wp-caption alignnone\"><img data-recalc-dims=\"1\" loading=\"lazy\" decoding=\"async\" class=\"size-full wp-image-87858\" src=\"https:\/\/i0.wp.com\/www.eltrabajo.cl\/2017\/wp-content\/uploads\/2018\/08\/reunion-peaje-pradenas.jpg?resize=580%2C399\" alt=\"El alcalde Luis Pradenas se mostr\u00f3 confiado en una soluci\u00f3n por parte de las autoridades al tema del peaje, destacando que ahora las autoridades de Gobiernos salen a terreno y escuchan a la gente.\" width=\"580\" height=\"399\" srcset=\"https:\/\/i0.wp.com\/eltrabajo.cl\/portal\/wp-content\/uploads\/2018\/08\/reunion-peaje-pradenas.jpg?w=580&amp;ssl=1 580w, https:\/\/i0.wp.com\/eltrabajo.cl\/portal\/wp-content\/uploads\/2018\/08\/reunion-peaje-pradenas.jpg?resize=200%2C138&amp;ssl=1 200w, https:\/\/i0.wp.com\/eltrabajo.cl\/portal\/wp-content\/uploads\/2018\/08\/reunion-peaje-pradenas.jpg?resize=300%2C206&amp;ssl=1 300w, https:\/\/i0.wp.com\/eltrabajo.cl\/portal\/wp-content\/uploads\/2018\/08\/reunion-peaje-pradenas.jpg?resize=218%2C150&amp;ssl=1 218w, https:\/\/i0.wp.com\/eltrabajo.cl\/portal\/wp-content\/uploads\/2018\/08\/reunion-peaje-pradenas.jpg?resize=400%2C275&amp;ssl=1 400w\" sizes=\"auto, (max-width: 580px) 100vw, 580px\" \/><figcaption id=\"caption-attachment-87858\" class=\"wp-caption-text\">El alcalde Luis Pradenas se mostr\u00f3 confiado en una soluci\u00f3n por parte de las autoridades al tema del peaje, destacando que ahora las autoridades de Gobiernos salen a terreno y escuchan a la gente.<\/figcaption><\/figure>\n","protected":false},"excerpt":{"rendered":"<p>Intendente sostuvo reuni\u00f3n en La Moneda, donde se dio prioridad para dar soluci\u00f3n a esta problem\u00e1tica. Tras la reuni\u00f3n sostenida el martes con alcaldes y autoridades del Valle de Aconcagua, como tambi\u00e9n&#8230;<\/p>\n","protected":false},"author":1,"featured_media":87857,"comment_status":"open","ping_status":"open","sticky":false,"template":"","format":"standard","meta":{"advanced_seo_description":"","jetpack_seo_html_title":"","jetpack_seo_noindex":false,"_jetpack_memberships_contains_paid_content":false,"footnotes":""},"categories":[1],"tags":[],"class_list":["post-87855","post","type-post","status-publish","format-standard","has-post-thumbnail","hentry","category-cronica"],"jetpack_featured_media_url":"https:\/\/i0.wp.com\/eltrabajo.cl\/portal\/wp-content\/uploads\/2018\/08\/reunion-alza-peaje.jpg?fit=580%2C400&ssl=1","jetpack_sharing_enabled":true,"jetpack_likes_enabled":true,"jetpack-related-posts":[],"_links":{"self":[{"href":"https:\/\/eltrabajo.cl\/portal\/wp-json\/wp\/v2\/posts\/87855","targetHints":{"allow":["GET"]}}],"collection":[{"href":"https:\/\/eltrabajo.cl\/portal\/wp-json\/wp\/v2\/posts"}],"about":[{"href":"https:\/\/eltrabajo.cl\/portal\/wp-json\/wp\/v2\/types\/post"}],"author":[{"embeddable":true,"href":"https:\/\/eltrabajo.cl\/portal\/wp-json\/wp\/v2\/users\/1"}],"replies":[{"embeddable":true,"href":"https:\/\/eltrabajo.cl\/portal\/wp-json\/wp\/v2\/comments?post=87855"}],"version-history":[{"count":0,"href":"https:\/\/eltrabajo.cl\/portal\/wp-json\/wp\/v2\/posts\/87855\/revisions"}],"wp:featuredmedia":[{"embeddable":true,"href":"https:\/\/eltrabajo.cl\/portal\/wp-json\/wp\/v2\/media\/87857"}],"wp:attachment":[{"href":"https:\/\/eltrabajo.cl\/portal\/wp-json\/wp\/v2\/media?parent=87855"}],"wp:term":[{"taxonomy":"category","embeddable":true,"href":"https:\/\/eltrabajo.cl\/portal\/wp-json\/wp\/v2\/categories?post=87855"},{"taxonomy":"post_tag","embeddable":true,"href":"https:\/\/eltrabajo.cl\/portal\/wp-json\/wp\/v2\/tags?post=87855"}],"curies":[{"name":"wp","href":"https:\/\/api.w.org\/{rel}","templated":true}]}}