{"id":87864,"date":"2018-08-20T05:00:23","date_gmt":"2018-08-20T09:00:23","guid":{"rendered":"http:\/\/www.eltrabajo.cl\/2017\/?p=87864"},"modified":"2018-08-20T05:00:23","modified_gmt":"2018-08-20T09:00:23","slug":"el-uni-pierde-2-a-3-con-wanderers-y-comienza-a-alejarse-del-ascenso","status":"publish","type":"post","link":"https:\/\/eltrabajo.cl\/portal\/el-uni-pierde-2-a-3-con-wanderers-y-comienza-a-alejarse-del-ascenso\/","title":{"rendered":"El Un\u00ed pierde 2 a 3 con Wanderers y comienza a alejarse del ascenso"},"content":{"rendered":"<figure id=\"attachment_87867\" aria-describedby=\"caption-attachment-87867\" style=\"width: 579px\" class=\"wp-caption alignnone\"><img data-recalc-dims=\"1\" loading=\"lazy\" decoding=\"async\" class=\"size-full wp-image-87867\" src=\"https:\/\/i0.wp.com\/www.eltrabajo.cl\/2017\/wp-content\/uploads\/2018\/08\/Uni-lima.jpg?resize=579%2C386\" alt=\"El uruguayo Adolfo Lima jug\u00f3 muy centralizado por lo que no fue factor de desequilibrio en el duelo contra Santiago Wanderers. (Foto: Jaime G\u00f3mez)\" width=\"579\" height=\"386\" srcset=\"https:\/\/i0.wp.com\/eltrabajo.cl\/portal\/wp-content\/uploads\/2018\/08\/Uni-lima.jpg?w=579&amp;ssl=1 579w, https:\/\/i0.wp.com\/eltrabajo.cl\/portal\/wp-content\/uploads\/2018\/08\/Uni-lima.jpg?resize=200%2C133&amp;ssl=1 200w, https:\/\/i0.wp.com\/eltrabajo.cl\/portal\/wp-content\/uploads\/2018\/08\/Uni-lima.jpg?resize=300%2C200&amp;ssl=1 300w, https:\/\/i0.wp.com\/eltrabajo.cl\/portal\/wp-content\/uploads\/2018\/08\/Uni-lima.jpg?resize=225%2C150&amp;ssl=1 225w, https:\/\/i0.wp.com\/eltrabajo.cl\/portal\/wp-content\/uploads\/2018\/08\/Uni-lima.jpg?resize=400%2C267&amp;ssl=1 400w\" sizes=\"auto, (max-width: 579px) 100vw, 579px\" \/><figcaption id=\"caption-attachment-87867\" class=\"wp-caption-text\">El uruguayo Adolfo Lima jug\u00f3 muy centralizado por lo que no fue factor de desequilibrio en el duelo contra Santiago Wanderers. (Foto: Jaime G\u00f3mez)<\/figcaption><\/figure>\n<p>En un partido en el cual evidenci\u00f3 una notoria baja futbol\u00edstica en relaci\u00f3n a partidos anteriores, y en el que se combinaron bajas actuaciones individuales, adem\u00e1s de muchos errores a la hora de marcar, desembocaron en una dolorosa ca\u00edda del Un\u00ed Un\u00ed por 3 a goles 2 ante Santiago Wanderers, en el cotejo disputado al mediod\u00eda del s\u00e1bado en el Estadio Municipal.<br \/>\nCon horas de anticipaci\u00f3n se pod\u00eda ver que el pleito entre los conjuntos sanfelipe\u00f1os y porte\u00f1os ser\u00eda especial. Durante la ma\u00f1ana sabatina la ciudad reflejaba un ambiente distinto que le daban los entusiastas hinchas de ambos equipos.<br \/>\nPara mala fortuna de los aconcag\u00fcinos muy temprano qued\u00f3 en claro que la jornada no ser\u00eda feliz para ellos; reci\u00e9n a los tres minutos de iniciada la brega un remate de distancia de Marco Medel casi revent\u00f3 la red del arco norte en la apertura del marcador.<br \/>\nSi bien es cierto al gol se le puede poner el r\u00f3tulo de golazo, no lo es menos el que para que este se produjera fue vital el que los due\u00f1os de casa estaban muy atr\u00e1s en su \u00faltima l\u00ednea, a lo que se adicion\u00f3 algo no menor, como el que ning\u00fan jugador de la poblada zona de volantes unionistas haya salido al paso del jugador rival, que dem\u00e1s est\u00e1 decir tiene el remate de larga distancia como su mayor virtud.<br \/>\nDebiendo venir desde atr\u00e1s a los due\u00f1os de casa no les qued\u00f3 otro camino que asumir el protagonismo para poder ir en busca del arco defendido por Mauricio Viana, quien, para felicidad de los casi 1.000 hinchas locales, a los 12 minutos no pudo evitar que un remate de Brian Cort\u00e9s tuviera como destino final el empate albirrojo.<br \/>\nLuego de la paridad el pleito cay\u00f3 en un ir y venir improductivo, donde la intensidad mandaba, pero sin mayor precisi\u00f3n por parte de ambos cuadros, lo que trajo como efecto el que la igualdad a uno se mantuviera intacta. Tras el descanso la historia volver\u00eda a repetirse casi con calco, y es que nuevamente Marco Medel sac\u00f3 provecho de las licencias de marcaje que otorgaban los anfitriones para a los 49\u2019 despachar un tiro fuerte y bien ubicado para batir una vez m\u00e1s a Fern\u00e1ndez.<br \/>\nNo hay dudas que la segunda conquista caturra se sinti\u00f3 casi como un golpe de nocaut para los de Lovrincevich debido a que luego de eso pasaron a ser dominados casi al antojo por los forasteros que sin mayores problemas pasaron a controlar el pleito.<br \/>\nSan Felipe no encontr\u00f3 respuestas para volver al encuentro, por m\u00e1s que haya pasado a jugar con una l\u00ednea de tres en el fondo, una apuesta que simplemente no result\u00f3 a ra\u00edz que los wanderinos se vieron con mayores espacios para para permear la zaga, tanto que a los 72\u2019 un solitario Francisco Alarc\u00f3n no encontr\u00f3 mayor oposici\u00f3n para poner un 3 a 1 que a esas alturas ya era lapidario, por m\u00e1s que a ocho minutos del final Gustavo Gotti haya puesto el segundo descuento sanfelipe\u00f1o.<br \/>\nAunque quedaban largos minutos por delante, la verdad, estos estuvieron de m\u00e1s, b\u00e1sicamente por que el Un\u00ed Un\u00ed atacaba sin orden alguno y s\u00f3lo mediante centros largos, o derechamente pelotazos busc\u00f3 cambiar su suerte.<br \/>\nCon esta segunda ca\u00edda en l\u00ednea, Uni\u00f3n San Felipe se queda pegado en los 31 puntos, lejos del puntero Coquimbo Unido que suma 40, y lo que es m\u00e1s preocupante, tambalea su opci\u00f3n de ingresar a la liguilla del ascenso.<\/p>\n<p><span style=\"color: #ff0000;\"><strong>Ficha T\u00e9cnica<\/strong><\/span><br \/>\nFecha 20\u00aa Torneo Loto.<br \/>\nEstadio Municipal de San Felipe.<br \/>\n\u00c1rbitro: Christian Rojas.<br \/>\nUni\u00f3n San Felipe (2): Andr\u00e9s Fern\u00e1ndez; Francisco Bahamondes (Jes\u00fas Pino), David Fern\u00e1ndez, Brayams Viveros, Gonzalo Villegas; Cristian Collao (Gustavo Gotti), Emmanuel Pio, Brian Cort\u00e9s (Brayan Valdivia), Jimmy Cisterna, Adolfo Lima; Franco Caballero. DT: Christian Lovrincevich.<br \/>\nSantiago Wanderers (3): Mauricio Viana; Mat\u00edas Fern\u00e1ndez, Agust\u00edn Parra, Francisco Alarc\u00f3n, Mario Lopez; Bernardo Cerezo, Marco Medel (Cuadra), Luis Valenzuela, Gabriel Rojas (Mar\u00edn); Rafael Viotti, Enzo Guti\u00e9rrez. DT: Miguel Ram\u00edrez.<\/p>\n<figure id=\"attachment_87866\" aria-describedby=\"caption-attachment-87866\" style=\"width: 579px\" class=\"wp-caption alignnone\"><img data-recalc-dims=\"1\" loading=\"lazy\" decoding=\"async\" class=\"size-full wp-image-87866\" src=\"https:\/\/i0.wp.com\/www.eltrabajo.cl\/2017\/wp-content\/uploads\/2018\/08\/Uni-cortes.jpg?resize=579%2C386\" alt=\"Brian Cort\u00e9s entreg\u00f3 la \u00fanica alegr\u00eda local de la jornada al anotar el transitorio gol del empate ante el \u2018decano\u2019 del f\u00fatbol chileno. (Foto: Jaime G\u00f3mez)\" width=\"579\" height=\"386\" srcset=\"https:\/\/i0.wp.com\/eltrabajo.cl\/portal\/wp-content\/uploads\/2018\/08\/Uni-cortes.jpg?w=579&amp;ssl=1 579w, https:\/\/i0.wp.com\/eltrabajo.cl\/portal\/wp-content\/uploads\/2018\/08\/Uni-cortes.jpg?resize=200%2C133&amp;ssl=1 200w, https:\/\/i0.wp.com\/eltrabajo.cl\/portal\/wp-content\/uploads\/2018\/08\/Uni-cortes.jpg?resize=300%2C200&amp;ssl=1 300w, https:\/\/i0.wp.com\/eltrabajo.cl\/portal\/wp-content\/uploads\/2018\/08\/Uni-cortes.jpg?resize=225%2C150&amp;ssl=1 225w, https:\/\/i0.wp.com\/eltrabajo.cl\/portal\/wp-content\/uploads\/2018\/08\/Uni-cortes.jpg?resize=400%2C267&amp;ssl=1 400w\" sizes=\"auto, (max-width: 579px) 100vw, 579px\" \/><figcaption id=\"caption-attachment-87866\" class=\"wp-caption-text\">Brian Cort\u00e9s entreg\u00f3 la \u00fanica alegr\u00eda local de la jornada al anotar el transitorio gol del empate ante el \u2018decano\u2019 del f\u00fatbol chileno. (Foto: Jaime G\u00f3mez)<\/figcaption><\/figure>\n<figure id=\"attachment_87865\" aria-describedby=\"caption-attachment-87865\" style=\"width: 579px\" class=\"wp-caption alignnone\"><img data-recalc-dims=\"1\" loading=\"lazy\" decoding=\"async\" class=\"size-full wp-image-87865\" src=\"https:\/\/i0.wp.com\/www.eltrabajo.cl\/2017\/wp-content\/uploads\/2018\/08\/Uni-caballero.jpg?resize=579%2C386\" alt=\"Los forasteros siempre tuvieron a buen resguardo al goleador albirrojo Franco Caballero.\" width=\"579\" height=\"386\" srcset=\"https:\/\/i0.wp.com\/eltrabajo.cl\/portal\/wp-content\/uploads\/2018\/08\/Uni-caballero.jpg?w=579&amp;ssl=1 579w, https:\/\/i0.wp.com\/eltrabajo.cl\/portal\/wp-content\/uploads\/2018\/08\/Uni-caballero.jpg?resize=200%2C133&amp;ssl=1 200w, https:\/\/i0.wp.com\/eltrabajo.cl\/portal\/wp-content\/uploads\/2018\/08\/Uni-caballero.jpg?resize=300%2C200&amp;ssl=1 300w, https:\/\/i0.wp.com\/eltrabajo.cl\/portal\/wp-content\/uploads\/2018\/08\/Uni-caballero.jpg?resize=225%2C150&amp;ssl=1 225w, https:\/\/i0.wp.com\/eltrabajo.cl\/portal\/wp-content\/uploads\/2018\/08\/Uni-caballero.jpg?resize=400%2C267&amp;ssl=1 400w\" sizes=\"auto, (max-width: 579px) 100vw, 579px\" \/><figcaption id=\"caption-attachment-87865\" class=\"wp-caption-text\">Los forasteros siempre tuvieron a buen resguardo al goleador albirrojo Franco Caballero.<\/figcaption><\/figure>\n<p>Goles:<br \/>\n0-1, 3\u2019, Marco Medel (SW).<br \/>\n1-1, 12\u2019 Brian Cort\u00e9s) (USF).<br \/>\n1-2, 49\u2019 Marco Medel (SW).<br \/>\n1-3, 72\u2019 Francisco Alarc\u00f3n (SW).<br \/>\n2-3, 82\u2019 Gustavo Gotti (USF).<\/p>\n<p>&nbsp;<\/p>\n","protected":false},"excerpt":{"rendered":"<p>En un partido en el cual evidenci\u00f3 una notoria baja futbol\u00edstica en relaci\u00f3n a partidos anteriores, y en el que se combinaron bajas actuaciones individuales, adem\u00e1s de muchos errores a la hora&#8230;<\/p>\n","protected":false},"author":1,"featured_media":87866,"comment_status":"open","ping_status":"open","sticky":false,"template":"","format":"standard","meta":{"advanced_seo_description":"","jetpack_seo_html_title":"","jetpack_seo_noindex":false,"_jetpack_memberships_contains_paid_content":false,"footnotes":""},"categories":[19],"tags":[],"class_list":["post-87864","post","type-post","status-publish","format-standard","has-post-thumbnail","hentry","category-deportes"],"jetpack_featured_media_url":"https:\/\/i0.wp.com\/eltrabajo.cl\/portal\/wp-content\/uploads\/2018\/08\/Uni-cortes.jpg?fit=579%2C386&ssl=1","jetpack_sharing_enabled":true,"jetpack_likes_enabled":true,"jetpack-related-posts":[],"_links":{"self":[{"href":"https:\/\/eltrabajo.cl\/portal\/wp-json\/wp\/v2\/posts\/87864","targetHints":{"allow":["GET"]}}],"collection":[{"href":"https:\/\/eltrabajo.cl\/portal\/wp-json\/wp\/v2\/posts"}],"about":[{"href":"https:\/\/eltrabajo.cl\/portal\/wp-json\/wp\/v2\/types\/post"}],"author":[{"embeddable":true,"href":"https:\/\/eltrabajo.cl\/portal\/wp-json\/wp\/v2\/users\/1"}],"replies":[{"embeddable":true,"href":"https:\/\/eltrabajo.cl\/portal\/wp-json\/wp\/v2\/comments?post=87864"}],"version-history":[{"count":0,"href":"https:\/\/eltrabajo.cl\/portal\/wp-json\/wp\/v2\/posts\/87864\/revisions"}],"wp:featuredmedia":[{"embeddable":true,"href":"https:\/\/eltrabajo.cl\/portal\/wp-json\/wp\/v2\/media\/87866"}],"wp:attachment":[{"href":"https:\/\/eltrabajo.cl\/portal\/wp-json\/wp\/v2\/media?parent=87864"}],"wp:term":[{"taxonomy":"category","embeddable":true,"href":"https:\/\/eltrabajo.cl\/portal\/wp-json\/wp\/v2\/categories?post=87864"},{"taxonomy":"post_tag","embeddable":true,"href":"https:\/\/eltrabajo.cl\/portal\/wp-json\/wp\/v2\/tags?post=87864"}],"curies":[{"name":"wp","href":"https:\/\/api.w.org\/{rel}","templated":true}]}}