{"id":87869,"date":"2018-08-20T05:01:46","date_gmt":"2018-08-20T09:01:46","guid":{"rendered":"http:\/\/www.eltrabajo.cl\/2017\/?p=87869"},"modified":"2018-08-20T05:01:46","modified_gmt":"2018-08-20T09:01:46","slug":"inician-campana-para-captar-familias-de-acogida-para-ninos-vulnerables","status":"publish","type":"post","link":"https:\/\/eltrabajo.cl\/portal\/inician-campana-para-captar-familias-de-acogida-para-ninos-vulnerables\/","title":{"rendered":"Inician campa\u00f1a para captar familias de acogida para ni\u00f1os vulnerables"},"content":{"rendered":"<figure id=\"attachment_87870\" aria-describedby=\"caption-attachment-87870\" style=\"width: 579px\" class=\"wp-caption alignnone\"><img data-recalc-dims=\"1\" loading=\"lazy\" decoding=\"async\" class=\"size-full wp-image-87870\" src=\"https:\/\/i0.wp.com\/www.eltrabajo.cl\/2017\/wp-content\/uploads\/2018\/08\/Fae1.jpg?resize=579%2C435\" alt=\"Equipo de profesionales que trabaja en el Programa FAE de San Felipe.\" width=\"579\" height=\"435\" srcset=\"https:\/\/i0.wp.com\/eltrabajo.cl\/portal\/wp-content\/uploads\/2018\/08\/Fae1.jpg?w=579&amp;ssl=1 579w, https:\/\/i0.wp.com\/eltrabajo.cl\/portal\/wp-content\/uploads\/2018\/08\/Fae1.jpg?resize=200%2C150&amp;ssl=1 200w, https:\/\/i0.wp.com\/eltrabajo.cl\/portal\/wp-content\/uploads\/2018\/08\/Fae1.jpg?resize=300%2C225&amp;ssl=1 300w, https:\/\/i0.wp.com\/eltrabajo.cl\/portal\/wp-content\/uploads\/2018\/08\/Fae1.jpg?resize=400%2C301&amp;ssl=1 400w\" sizes=\"auto, (max-width: 579px) 100vw, 579px\" \/><figcaption id=\"caption-attachment-87870\" class=\"wp-caption-text\">Equipo de profesionales que trabaja en el Programa FAE de San Felipe.<\/figcaption><\/figure>\n<p><span style=\"color: #ff0000;\"><strong>Programa FAE San Felipe:<\/strong><\/span><\/p>\n<p>El programa de familias de acogidas especializadas del Valle de Aconcagua est\u00e1 realizando una campa\u00f1a de difusi\u00f3n para captar familias acogedoras. As\u00ed lo dio a conocer la directora del programa en San Felipe, abogada Soledad Varela Mu\u00f1oz: \u00abLo que ocurre es que existen ciertas situaciones que tal vez la gente desconoce en relaci\u00f3n a la necesidad que hoy d\u00eda tiene un ni\u00f1o, de ser acogido por una familia en su n\u00facleo familiar sin que este sea derivado a una residencia de protecci\u00f3n la que nosotros conocemos ac\u00e1 en la zona que es Pablo VI, de la cual las familias de la localidad de San Felipe y Los Andes es la que m\u00e1s conocen o Casa Bel\u00e9n en el caso de las ni\u00f1as o Sagrada Familia, nuestra intenci\u00f3n es poder ofrecer familias de acogidas para que estos ni\u00f1os no vayan a esos hogares y que es dentro de todo una de las pol\u00edticas p\u00fablica que se est\u00e1 instaurando, sobre todo con entre ni\u00f1os de 0 a 7 a\u00f1os\u00bb, dijo la directora.<br \/>\n<strong>&#8211; \u00bfEn la pr\u00e1ctica qu\u00e9 significa esto?<\/strong><br \/>\n&#8211; En la pr\u00e1ctica significa que todos aquellos que quieran ser familias de acogida se acerquen a nuestra instituci\u00f3n ubicada ac\u00e1 en Santo Domingo 82, en San Felipe, y quieran participar del acogimiento de un ni\u00f1o, \u00bfen qu\u00e9 consiste el acogimiento de un ni\u00f1o?, el acogimiento consiste en trabajar con la familia cuidadora, trabajar con el ni\u00f1o o restablecer los derechos que fueron vulnerados, que dieron origen a la medida y a su vez poder trabajar con su familia de origen, ya pueden ser los progenitores o cualquiera de su l\u00ednea consangu\u00ednea, el acogimiento dura en principio seis meses, que es la medida decretada por el tribunal y que puede extenderse inclusive hasta 18 meses, pero la finalidad es siempre la reinserci\u00f3n familiar es la reunificaci\u00f3n familiar, el cuidado es absolutamente transitorio, lo cierto es que hoy d\u00eda existen m\u00e1s 10.000 ni\u00f1os que est\u00e1n necesitando una familia de acogida, porque el trabajo es mucho m\u00e1s f\u00e1cil cuando un ni\u00f1o se encuentra inserto en un n\u00facleo familiar, cuando se entregan todos los requisitos y necesidades que un ni\u00f1o tiene.<br \/>\n<strong>&#8211; \u00bfCu\u00e1les son los requisitos que debe cumplir una familia para ser \u2018familia acogedora\u2019?<\/strong><br \/>\n&#8211; Tiene que ser mayor de edad, inter\u00e9s y aptitud para la crianza, ingreso econ\u00f3mico estable que satisfaga las necesidades b\u00e1sicas del grupo familiar, aqu\u00ed quiero hacer una distinci\u00f3n, nosotros no pedimos que correspondan a los quintiles m\u00e1s altos, muy por el contrario, nuestra intenci\u00f3n es llegar a todas las familias que quieran ser familias de acogida sin importar su situaci\u00f3n econ\u00f3mica, pero que s\u00ed tengan la capacidad para satisfacer las necesidades b\u00e1sicas de los ni\u00f1os, salud f\u00edsica y ps\u00edquica compatible, mantener v\u00ednculos de afectos que significa tener la capacidad de querer a un ni\u00f1o como a su vez la capacidad de desprenderse del ni\u00f1o, desvincularse del ni\u00f1o.<br \/>\n<strong>&#8211; Ah\u00ed parece ser que se produce el problema. <\/strong><br \/>\n&#8211; Exactamente, pero para eso nosotros trabajamos con un equipo multidisciplinario compuesto por psic\u00f3logas, asistentes sociales y educadoras, que se realiza ese trabajo se entrega el apoyo, porque \u00bfcu\u00e1l es nuestra intenci\u00f3n?, que el ni\u00f1o sea acogido como un miembro m\u00e1s de la familia y que sea querido, de esa manera y el trabajo de desvinculaci\u00f3n lo tiene que realizar un equipo profesional.<br \/>\n<strong>&#8211; \u00bfHay posibilidades que alguna de estas familias pueda quedarse con el ni\u00f1o o pueda postular teniendo en cuenta el cari\u00f1o que pueda surgir por el ni\u00f1o?<\/strong><br \/>\n&#8211; A ver, lo primero que tenemos que tomar en consideraci\u00f3n es que el acto de acogimiento es transitorio, esa es la primera instancia, el acogimiento no debiese durar m\u00e1s all\u00e1 de una a\u00f1o y medio, existen salvedades, las que se tienen que ir analizando caso a caso y esa autorizaci\u00f3n no la entregamos nosotros, la entrega directamente el Tribunal, es una situaci\u00f3n que no se maneja por Programa sino que se exponen ciertas circunstancias o caracter\u00edsticas que est\u00e1n regulando en este caso el proceso en el cual el Tribunal tomar\u00e1 la decisi\u00f3n final.<br \/>\n<strong>&#8211; \u00bfPor eso mismo la familia puede postular?<\/strong><br \/>\n&#8211; Lo que pasa es que primero tienen que tener clar\u00edsimo qu\u00e9 es un acogimiento transitorio, que no es una adopci\u00f3n ni que tampoco de manera primera pueden quedarse con el cuidado de los ni\u00f1os, pero existen salvedades, que esas son de conformidad a lo que el tribunal vaya a resolver.<br \/>\nLa directora reiter\u00f3 la invitaci\u00f3n a las familias interesadas para que vayan a Santo Domingo N\u00ba 82 o que escriban al correo faellayllay@gmail.com. Actualmente el Programa tiene doce ni\u00f1os con diez familias externas.<br \/>\nEl Programa FAE pro-Aconcagua (Familias de Acogida Especializadas) abarca las comunas de Llay-Llay, Catemu, Putaendo, Santa Mar\u00eda Panquehue, San Felipe y Rinconada, pero a su vez tienen causas que corresponden a la ciudad de Los Andes.<\/p>\n<figure id=\"attachment_87871\" aria-describedby=\"caption-attachment-87871\" style=\"width: 579px\" class=\"wp-caption alignnone\"><img data-recalc-dims=\"1\" loading=\"lazy\" decoding=\"async\" class=\"size-full wp-image-87871\" src=\"https:\/\/i0.wp.com\/www.eltrabajo.cl\/2017\/wp-content\/uploads\/2018\/08\/Fae2.jpg?resize=579%2C766\" alt=\"Estos son los requisitos para ser familias acogedoras.\" width=\"579\" height=\"766\" srcset=\"https:\/\/i0.wp.com\/eltrabajo.cl\/portal\/wp-content\/uploads\/2018\/08\/Fae2.jpg?w=579&amp;ssl=1 579w, https:\/\/i0.wp.com\/eltrabajo.cl\/portal\/wp-content\/uploads\/2018\/08\/Fae2.jpg?resize=113%2C150&amp;ssl=1 113w, https:\/\/i0.wp.com\/eltrabajo.cl\/portal\/wp-content\/uploads\/2018\/08\/Fae2.jpg?resize=227%2C300&amp;ssl=1 227w, https:\/\/i0.wp.com\/eltrabajo.cl\/portal\/wp-content\/uploads\/2018\/08\/Fae2.jpg?resize=400%2C529&amp;ssl=1 400w\" sizes=\"auto, (max-width: 579px) 100vw, 579px\" \/><figcaption id=\"caption-attachment-87871\" class=\"wp-caption-text\">Estos son los requisitos para ser familias acogedoras.<\/figcaption><\/figure>\n","protected":false},"excerpt":{"rendered":"<p>Programa FAE San Felipe: El programa de familias de acogidas especializadas del Valle de Aconcagua est\u00e1 realizando una campa\u00f1a de difusi\u00f3n para captar familias acogedoras. As\u00ed lo dio a conocer la directora&#8230;<\/p>\n","protected":false},"author":1,"featured_media":87870,"comment_status":"open","ping_status":"open","sticky":false,"template":"","format":"standard","meta":{"advanced_seo_description":"","jetpack_seo_html_title":"","jetpack_seo_noindex":false,"_jetpack_memberships_contains_paid_content":false,"footnotes":""},"categories":[1],"tags":[],"class_list":["post-87869","post","type-post","status-publish","format-standard","has-post-thumbnail","hentry","category-cronica"],"jetpack_featured_media_url":"https:\/\/i0.wp.com\/eltrabajo.cl\/portal\/wp-content\/uploads\/2018\/08\/Fae1.jpg?fit=579%2C435&ssl=1","jetpack_sharing_enabled":true,"jetpack_likes_enabled":true,"jetpack-related-posts":[],"_links":{"self":[{"href":"https:\/\/eltrabajo.cl\/portal\/wp-json\/wp\/v2\/posts\/87869","targetHints":{"allow":["GET"]}}],"collection":[{"href":"https:\/\/eltrabajo.cl\/portal\/wp-json\/wp\/v2\/posts"}],"about":[{"href":"https:\/\/eltrabajo.cl\/portal\/wp-json\/wp\/v2\/types\/post"}],"author":[{"embeddable":true,"href":"https:\/\/eltrabajo.cl\/portal\/wp-json\/wp\/v2\/users\/1"}],"replies":[{"embeddable":true,"href":"https:\/\/eltrabajo.cl\/portal\/wp-json\/wp\/v2\/comments?post=87869"}],"version-history":[{"count":0,"href":"https:\/\/eltrabajo.cl\/portal\/wp-json\/wp\/v2\/posts\/87869\/revisions"}],"wp:featuredmedia":[{"embeddable":true,"href":"https:\/\/eltrabajo.cl\/portal\/wp-json\/wp\/v2\/media\/87870"}],"wp:attachment":[{"href":"https:\/\/eltrabajo.cl\/portal\/wp-json\/wp\/v2\/media?parent=87869"}],"wp:term":[{"taxonomy":"category","embeddable":true,"href":"https:\/\/eltrabajo.cl\/portal\/wp-json\/wp\/v2\/categories?post=87869"},{"taxonomy":"post_tag","embeddable":true,"href":"https:\/\/eltrabajo.cl\/portal\/wp-json\/wp\/v2\/tags?post=87869"}],"curies":[{"name":"wp","href":"https:\/\/api.w.org\/{rel}","templated":true}]}}