{"id":87888,"date":"2018-08-21T05:00:49","date_gmt":"2018-08-21T09:00:49","guid":{"rendered":"http:\/\/www.eltrabajo.cl\/2017\/?p=87888"},"modified":"2018-08-21T05:00:49","modified_gmt":"2018-08-21T09:00:49","slug":"penas-de-carcel-arriesgan-por-extraer-aridos-en-planta-de-tres-esquinas","status":"publish","type":"post","link":"https:\/\/eltrabajo.cl\/portal\/penas-de-carcel-arriesgan-por-extraer-aridos-en-planta-de-tres-esquinas\/","title":{"rendered":"Penas de c\u00e1rcel arriesgan por extraer \u00e1ridos en planta de Tres Esquinas"},"content":{"rendered":"<figure id=\"attachment_87874\" aria-describedby=\"caption-attachment-87874\" style=\"width: 580px\" class=\"wp-caption alignnone\"><img data-recalc-dims=\"1\" loading=\"lazy\" decoding=\"async\" class=\"size-full wp-image-87874\" src=\"https:\/\/i0.wp.com\/www.eltrabajo.cl\/2017\/wp-content\/uploads\/2018\/08\/Aridos1.jpg?resize=580%2C395\" alt=\"Ac\u00e1 vemos una maquina en el lugar que estaba clausurado.\" width=\"580\" height=\"395\" srcset=\"https:\/\/i0.wp.com\/eltrabajo.cl\/portal\/wp-content\/uploads\/2018\/08\/Aridos1.jpg?w=580&amp;ssl=1 580w, https:\/\/i0.wp.com\/eltrabajo.cl\/portal\/wp-content\/uploads\/2018\/08\/Aridos1.jpg?resize=200%2C136&amp;ssl=1 200w, https:\/\/i0.wp.com\/eltrabajo.cl\/portal\/wp-content\/uploads\/2018\/08\/Aridos1.jpg?resize=300%2C204&amp;ssl=1 300w, https:\/\/i0.wp.com\/eltrabajo.cl\/portal\/wp-content\/uploads\/2018\/08\/Aridos1.jpg?resize=220%2C150&amp;ssl=1 220w, https:\/\/i0.wp.com\/eltrabajo.cl\/portal\/wp-content\/uploads\/2018\/08\/Aridos1.jpg?resize=400%2C272&amp;ssl=1 400w\" sizes=\"auto, (max-width: 580px) 100vw, 580px\" \/><figcaption id=\"caption-attachment-87874\" class=\"wp-caption-text\">Ac\u00e1 vemos una maquina en el lugar que estaba clausurado.<\/figcaption><\/figure>\n<p><span style=\"color: #ff0000;\"><strong>Responsables por operar planta clausurada:<\/strong><\/span><\/p>\n<p>El director jur\u00eddico de la Municipalidad de San Felipe, Jorge Jara Catal\u00e1n, dijo que los responsables de volver a operar en la planta de \u00e1ridos Tres Esquinas que estaba clausurada por el municipio, arriesgan penas de c\u00e1rcel y multas porque la rotura de sellos es un delito que est\u00e1 explicitado en nuestro ordenamiento jur\u00eddico.<br \/>\nAgreg\u00f3 que ellos hace bastante tiempo clausuraron esa planta porque estaba funcionando sin cumplir las disposiciones de la ley: \u201cTuvimos una denuncia de un particular que estaban trabajando el fin de semana, de tal manera que el d\u00eda de ayer (jueves), tras constituirse personal municipal con el apoyo de personal de Carabineros de la Segunda Comisar\u00eda para reconstituir la clausura, nos encontramos con particulares que estaban infringiendo lo resuelto por la clausura, hab\u00edan roto los sellos, la cadena, el candado y estaban retirando material \u00e1rido del lugar conocido como planta de \u00c1ridos Tres Esquinas. Hay un forcejeo, una situaci\u00f3n an\u00f3mala por parte de las personas que estaban operando ilegalmente, lo que gener\u00f3 la solicitud de mayor presencia de Carabineros y la detenci\u00f3n de un particular por haber agredido o faltado el respeto a carabineros en actos del servicio, que ese es un tema que Carabineros tiene que denunciarlo al Ministerio P\u00fablico. Lo que a nosotros compete es que la clausura se reconstituy\u00f3, se pusieron nuevas cadenas, nuevos candados, los sellos respectivos; vamos a denunciar la infracci\u00f3n de la clausura porque hay un delito explicitado en nuestro ordenamiento que es rotura de sellos, ante la fiscal\u00eda de San Felipe, para que se persiga la responsabilidad penal de los que intervinieron en este hecho il\u00edcito, para hacer cumplir forzadamente la norma legal y que la clausura se mantenga como se dispuso por parte de la autoridad municipal en su oportunidad\u201d, se\u00f1al\u00f3 Jara.<br \/>\n<strong>&#8211; \u00bfFalt\u00f3 mayor fiscalizaci\u00f3n por parte de la Municipalidad de San Felipe?<\/strong><br \/>\n&#8211; No hay falta de fiscalizaci\u00f3n, el personal nuestro, el departamento de inspecci\u00f3n, no tiene ninguna capacidad para tener personal las 24 horas del d\u00eda, todos los d\u00edas de la semana y en todas las faenas que est\u00e1n sindicadas como extractoras o procesadoras de \u00e1ridos, porque son bastante numerosas, lo que s\u00ed actuamos con rapidez porque la clausura fue infringida entiendo el viernes pasado, por lo que nos hizo llegar un particular. Agradecemos a la comunidad, la municipalidad actu\u00f3 con rapidez dentro de sus capacidades, porque este es un tema que afecta a los municipios, las municipalidades carecen de personal suficiente como para tener un punto fijo permanente en estas faenas, de tal manera que dependemos de la fiscalizaci\u00f3n aleatoria que desempe\u00f1a la municipalidad o el apoyo de otros servicios y tambi\u00e9n de la comunidad como ocurri\u00f3 en este caso.<br \/>\n<strong>&#8211; \u00bfA qu\u00e9 sanciones se exponen ahora que han sido denunciados?<\/strong><br \/>\n&#8211; Hay sanciones penales por la rotura de sellos, eso es un delito est\u00e1 penado en la ley. Se le advirti\u00f3 al particular que se constituy\u00f3 en las oficinas de la direcci\u00f3n jur\u00eddica con posterioridad al incidente, son penas de prisi\u00f3n y multas en una primera instancia, pero despu\u00e9s eventualmente cuando sean condenados y tengan una anotaci\u00f3n prontuarial y si se vuelven a reiterar estas situaciones, se exponen a situaciones m\u00e1s graves. La reincidencia est\u00e1 penada por nuestro ordenamiento jur\u00eddico, pero aparte de eso se est\u00e1n exponiendo a multas porque nosotros vamos a perseguir el tema para la aplicaci\u00f3n de multas; tambi\u00e9n el juzgado de polic\u00eda local, la municipalidad, va a hacer su trabajo, en el sentido que vamos a hacer cumplir las normas legales, aunque a algunos les parezca inc\u00f3modo o persecutorio, como es el caso del antiguo propietario de esta antigua faena de \u00e1ridos, que como todo San Felipe conoce y sabe y es testigo de la verdadera depredaci\u00f3n que han hecho del r\u00edo Aconcagua, particularmente en el sector de Tres Esquinas.<br \/>\nAl finalizar Jara dijo que iban a estar m\u00e1s atentos para que estas situaciones no vuelvan a ocurrir, para ello le van a solicitar al departamento de Inspecci\u00f3n efectuar una ronda peri\u00f3dica y permanente.<\/p>\n<figure id=\"attachment_83055\" aria-describedby=\"caption-attachment-83055\" style=\"width: 580px\" class=\"wp-caption alignnone\"><img data-recalc-dims=\"1\" loading=\"lazy\" decoding=\"async\" class=\"size-full wp-image-83055\" src=\"https:\/\/i0.wp.com\/www.eltrabajo.cl\/2017\/wp-content\/uploads\/2017\/11\/JORGE-JARA.jpg?resize=580%2C399\" alt=\"Jorge Jara Catal\u00e1n, abogado y Director Jur\u00eddico de la Municipalidad de San Felipe.\" width=\"580\" height=\"399\" srcset=\"https:\/\/i0.wp.com\/eltrabajo.cl\/portal\/wp-content\/uploads\/2017\/11\/JORGE-JARA.jpg?w=580&amp;ssl=1 580w, https:\/\/i0.wp.com\/eltrabajo.cl\/portal\/wp-content\/uploads\/2017\/11\/JORGE-JARA.jpg?resize=200%2C138&amp;ssl=1 200w, https:\/\/i0.wp.com\/eltrabajo.cl\/portal\/wp-content\/uploads\/2017\/11\/JORGE-JARA.jpg?resize=300%2C206&amp;ssl=1 300w, https:\/\/i0.wp.com\/eltrabajo.cl\/portal\/wp-content\/uploads\/2017\/11\/JORGE-JARA.jpg?resize=218%2C150&amp;ssl=1 218w, https:\/\/i0.wp.com\/eltrabajo.cl\/portal\/wp-content\/uploads\/2017\/11\/JORGE-JARA.jpg?resize=400%2C275&amp;ssl=1 400w\" sizes=\"auto, (max-width: 580px) 100vw, 580px\" \/><figcaption id=\"caption-attachment-83055\" class=\"wp-caption-text\">Jorge Jara Catal\u00e1n, abogado y Director Jur\u00eddico de la Municipalidad de San Felipe.<\/figcaption><\/figure>\n","protected":false},"excerpt":{"rendered":"<p>Responsables por operar planta clausurada: El director jur\u00eddico de la Municipalidad de San Felipe, Jorge Jara Catal\u00e1n, dijo que los responsables de volver a operar en la planta de \u00e1ridos Tres Esquinas&#8230;<\/p>\n","protected":false},"author":1,"featured_media":87874,"comment_status":"open","ping_status":"open","sticky":false,"template":"","format":"standard","meta":{"advanced_seo_description":"","jetpack_seo_html_title":"","jetpack_seo_noindex":false,"_jetpack_memberships_contains_paid_content":false,"footnotes":""},"categories":[1],"tags":[],"class_list":["post-87888","post","type-post","status-publish","format-standard","has-post-thumbnail","hentry","category-cronica"],"jetpack_featured_media_url":"https:\/\/i0.wp.com\/eltrabajo.cl\/portal\/wp-content\/uploads\/2018\/08\/Aridos1.jpg?fit=580%2C395&ssl=1","jetpack_sharing_enabled":true,"jetpack_likes_enabled":true,"jetpack-related-posts":[],"_links":{"self":[{"href":"https:\/\/eltrabajo.cl\/portal\/wp-json\/wp\/v2\/posts\/87888","targetHints":{"allow":["GET"]}}],"collection":[{"href":"https:\/\/eltrabajo.cl\/portal\/wp-json\/wp\/v2\/posts"}],"about":[{"href":"https:\/\/eltrabajo.cl\/portal\/wp-json\/wp\/v2\/types\/post"}],"author":[{"embeddable":true,"href":"https:\/\/eltrabajo.cl\/portal\/wp-json\/wp\/v2\/users\/1"}],"replies":[{"embeddable":true,"href":"https:\/\/eltrabajo.cl\/portal\/wp-json\/wp\/v2\/comments?post=87888"}],"version-history":[{"count":0,"href":"https:\/\/eltrabajo.cl\/portal\/wp-json\/wp\/v2\/posts\/87888\/revisions"}],"wp:featuredmedia":[{"embeddable":true,"href":"https:\/\/eltrabajo.cl\/portal\/wp-json\/wp\/v2\/media\/87874"}],"wp:attachment":[{"href":"https:\/\/eltrabajo.cl\/portal\/wp-json\/wp\/v2\/media?parent=87888"}],"wp:term":[{"taxonomy":"category","embeddable":true,"href":"https:\/\/eltrabajo.cl\/portal\/wp-json\/wp\/v2\/categories?post=87888"},{"taxonomy":"post_tag","embeddable":true,"href":"https:\/\/eltrabajo.cl\/portal\/wp-json\/wp\/v2\/tags?post=87888"}],"curies":[{"name":"wp","href":"https:\/\/api.w.org\/{rel}","templated":true}]}}