{"id":87911,"date":"2018-08-22T05:00:39","date_gmt":"2018-08-22T09:00:39","guid":{"rendered":"http:\/\/www.eltrabajo.cl\/2017\/?p=87911"},"modified":"2018-08-22T05:00:39","modified_gmt":"2018-08-22T09:00:39","slug":"adultos-mayores-protestan-contra-ayecam-porque-les-limitaron-sus-espacios","status":"publish","type":"post","link":"https:\/\/eltrabajo.cl\/portal\/adultos-mayores-protestan-contra-ayecam-porque-les-limitaron-sus-espacios\/","title":{"rendered":"Adultos mayores protestan contra Ayecam porque les limitaron sus espacios"},"content":{"rendered":"<figure id=\"attachment_87912\" aria-describedby=\"caption-attachment-87912\" style=\"width: 580px\" class=\"wp-caption alignnone\"><img data-recalc-dims=\"1\" loading=\"lazy\" decoding=\"async\" class=\"size-full wp-image-87912\" src=\"https:\/\/i0.wp.com\/www.eltrabajo.cl\/2017\/wp-content\/uploads\/2018\/08\/Adultos.jpg?resize=580%2C400\" alt=\"Los adultos mayores se manifestaron la tarde de este lunes frente a la Municipalidad de San Felipe.\" width=\"580\" height=\"400\" srcset=\"https:\/\/i0.wp.com\/eltrabajo.cl\/portal\/wp-content\/uploads\/2018\/08\/Adultos.jpg?w=580&amp;ssl=1 580w, https:\/\/i0.wp.com\/eltrabajo.cl\/portal\/wp-content\/uploads\/2018\/08\/Adultos.jpg?resize=200%2C138&amp;ssl=1 200w, https:\/\/i0.wp.com\/eltrabajo.cl\/portal\/wp-content\/uploads\/2018\/08\/Adultos.jpg?resize=300%2C207&amp;ssl=1 300w, https:\/\/i0.wp.com\/eltrabajo.cl\/portal\/wp-content\/uploads\/2018\/08\/Adultos.jpg?resize=218%2C150&amp;ssl=1 218w, https:\/\/i0.wp.com\/eltrabajo.cl\/portal\/wp-content\/uploads\/2018\/08\/Adultos.jpg?resize=400%2C276&amp;ssl=1 400w\" sizes=\"auto, (max-width: 580px) 100vw, 580px\" \/><figcaption id=\"caption-attachment-87912\" class=\"wp-caption-text\">Los adultos mayores se manifestaron la tarde de este lunes frente a la Municipalidad de San Felipe.<\/figcaption><\/figure>\n<p>Este lunes, a eso de las 17:00 horas, un grupo de adultos mayores se instal\u00f3 frente a la entrada principal de la Municipalidad de San Felipe para manifestarse contra la limitaci\u00f3n de espacios que est\u00e1n sufriendo en el Centro del Adulto Mayor conocido tambi\u00e9n como Ayecam, ubicado en Avenida Yungay, al lado del terminal de buses de la ciudad.<br \/>\nFelipa Oyaneder Leiva, presidenta del Club de Adulto Mayor \u2018Los Recuerdos de la Bella Edad\u2019, dijo: \u00abEl motivo porque nosotros los adultos mayores venimos ac\u00e1, es por la sencilla raz\u00f3n que se nos han limitado los espacios del Ayecam que son de nosotros. Yo fui una de las que pele\u00e9 para que nos dieran los 17 millones de pesos para que comenzara la construcci\u00f3n de all\u00e1 arriba, porque ahora se limita para los adultos mayores, todos tienen derecho a los talleres de baile porque las actividades de los adultos mayores no se pueden hacer all\u00e1\u2026 Estamos limitados, nosotros ten\u00edamos programados bailes, juegos a fin de mes y ahora no podemos ir, no vamos a poder hacer reuniones ni ninguna cosa, se le limita a la presidenta elegida por la asamblea, la se\u00f1ora Carmen S\u00e1ez, presidenta de la Uni\u00f3n Comunal, que ocupe la oficina nuestra\u00bb, se\u00f1al\u00f3.<br \/>\nOyaneder Leiva recuerda que antiguamente las fiestas del 18 las hac\u00edan en ese lugar.<br \/>\nConsultada Patricia Opazo, Asistente Social y encargada del Ayecam, dijo que Carmen S\u00e1ez es a su vez funcionaria a honorarios de la Municipalidad de San Felipe, por lo cual recibe un sueldo de 350 mil pesos y a la vez es presidente de la Uni\u00f3n Comunal del Adulto Mayor.<br \/>\nAdem\u00e1s aclar\u00f3 que siempre las puertas del centro del adulto mayor han estado abiertas para todos los dirigentes y organizaciones, \u00abporque quiero especificar algo muy puntual, quiero que los adultos mayores entiendan, porque me contaron que una de las razones era que yo hab\u00eda prohibido que las organizaciones funcionaran o se reunieran en el Ayecam\u2026 eso es una falsedad enorme\u2026 jam\u00e1s. Quiero explicar otro tema que quiero que los adultos mayores tengan claro, es que en el Ayecam existe una oficina exclusivamente para la uni\u00f3n comunal de esa oficina, tienen llaves los dirigentes de la Uni\u00f3n Comunal, ellos llegan en horario de oficina, atienden a todos sus dirigentes, solucionan sus problemas, nosotros los estamos apoyando en todo lo que es administrativo, si necesitan un papel, un contacto si necesitan articular cualquier cosa, para eso estamos nosotros, para apoyarlos t\u00e9cnicamente, adem\u00e1s de esa oficina el municipio les arrienda otra propiedad que funciona en Freire N\u00ba 24 que estaba destinada a diez organizaciones, ahora hay ocho, eso es para que se junten los clubes y se le conoce como Ayecam 2, por supuesto ocup\u00e1ndolas previa solicitud, yo creo que ac\u00e1 hay otros temas, no soy especialista en salud mental, creo que ocurren otro tipo de cosas\u00bb, indic\u00f3 Opazo.<br \/>\nComent\u00f3 que Carmen S\u00e1ez confunde algunas cosas; \u00abporque el hecho que yo le pida que realice una tarea para ella es un maltrato, si yo le pido que haga cualquier cosa, se niega a ser subordinada, porque ella es dirigente, esto se origina porque yo inform\u00e9 al se\u00f1or alcalde que esta situaci\u00f3n a la larga iba a traer una consecuencia\u00bb, se\u00f1al\u00f3 Opazo.<br \/>\nCarmen S\u00e1ez fue derivada a la Dideco (Direcci\u00f3n de Desarrollo Comunitario), a realizar labores administrativas.<\/p>\n","protected":false},"excerpt":{"rendered":"<p>Este lunes, a eso de las 17:00 horas, un grupo de adultos mayores se instal\u00f3 frente a la entrada principal de la Municipalidad de San Felipe para manifestarse contra la limitaci\u00f3n de&#8230;<\/p>\n","protected":false},"author":1,"featured_media":87912,"comment_status":"open","ping_status":"open","sticky":false,"template":"","format":"standard","meta":{"advanced_seo_description":"","jetpack_seo_html_title":"","jetpack_seo_noindex":false,"_jetpack_memberships_contains_paid_content":false,"footnotes":""},"categories":[1],"tags":[],"class_list":["post-87911","post","type-post","status-publish","format-standard","has-post-thumbnail","hentry","category-cronica"],"jetpack_featured_media_url":"https:\/\/i0.wp.com\/eltrabajo.cl\/portal\/wp-content\/uploads\/2018\/08\/Adultos.jpg?fit=580%2C400&ssl=1","jetpack_sharing_enabled":true,"jetpack_likes_enabled":true,"jetpack-related-posts":[],"_links":{"self":[{"href":"https:\/\/eltrabajo.cl\/portal\/wp-json\/wp\/v2\/posts\/87911","targetHints":{"allow":["GET"]}}],"collection":[{"href":"https:\/\/eltrabajo.cl\/portal\/wp-json\/wp\/v2\/posts"}],"about":[{"href":"https:\/\/eltrabajo.cl\/portal\/wp-json\/wp\/v2\/types\/post"}],"author":[{"embeddable":true,"href":"https:\/\/eltrabajo.cl\/portal\/wp-json\/wp\/v2\/users\/1"}],"replies":[{"embeddable":true,"href":"https:\/\/eltrabajo.cl\/portal\/wp-json\/wp\/v2\/comments?post=87911"}],"version-history":[{"count":0,"href":"https:\/\/eltrabajo.cl\/portal\/wp-json\/wp\/v2\/posts\/87911\/revisions"}],"wp:featuredmedia":[{"embeddable":true,"href":"https:\/\/eltrabajo.cl\/portal\/wp-json\/wp\/v2\/media\/87912"}],"wp:attachment":[{"href":"https:\/\/eltrabajo.cl\/portal\/wp-json\/wp\/v2\/media?parent=87911"}],"wp:term":[{"taxonomy":"category","embeddable":true,"href":"https:\/\/eltrabajo.cl\/portal\/wp-json\/wp\/v2\/categories?post=87911"},{"taxonomy":"post_tag","embeddable":true,"href":"https:\/\/eltrabajo.cl\/portal\/wp-json\/wp\/v2\/tags?post=87911"}],"curies":[{"name":"wp","href":"https:\/\/api.w.org\/{rel}","templated":true}]}}