{"id":87914,"date":"2018-08-22T05:01:40","date_gmt":"2018-08-22T09:01:40","guid":{"rendered":"http:\/\/www.eltrabajo.cl\/2017\/?p=87914"},"modified":"2018-08-22T05:01:40","modified_gmt":"2018-08-22T09:01:40","slug":"cadete-de-union-san-felipe-citado-a-la-seleccion-chilena-u17","status":"publish","type":"post","link":"https:\/\/eltrabajo.cl\/portal\/cadete-de-union-san-felipe-citado-a-la-seleccion-chilena-u17\/","title":{"rendered":"Cadete de Uni\u00f3n San Felipe citado a la Selecci\u00f3n Chilena U17"},"content":{"rendered":"<figure id=\"attachment_87915\" aria-describedby=\"caption-attachment-87915\" style=\"width: 578px\" class=\"wp-caption alignnone\"><img data-recalc-dims=\"1\" loading=\"lazy\" decoding=\"async\" class=\"size-full wp-image-87915\" src=\"https:\/\/i0.wp.com\/www.eltrabajo.cl\/2017\/wp-content\/uploads\/2018\/08\/bastian-rocco-1.jpg?resize=578%2C400\" alt=\"El cadete del Un\u00ed Un\u00ed, Basti\u00e1n Rocco, fue convocado a la Selecci\u00f3n Chilena U17.\" width=\"578\" height=\"400\" srcset=\"https:\/\/i0.wp.com\/eltrabajo.cl\/portal\/wp-content\/uploads\/2018\/08\/bastian-rocco-1.jpg?w=578&amp;ssl=1 578w, https:\/\/i0.wp.com\/eltrabajo.cl\/portal\/wp-content\/uploads\/2018\/08\/bastian-rocco-1.jpg?resize=200%2C138&amp;ssl=1 200w, https:\/\/i0.wp.com\/eltrabajo.cl\/portal\/wp-content\/uploads\/2018\/08\/bastian-rocco-1.jpg?resize=300%2C208&amp;ssl=1 300w, https:\/\/i0.wp.com\/eltrabajo.cl\/portal\/wp-content\/uploads\/2018\/08\/bastian-rocco-1.jpg?resize=217%2C150&amp;ssl=1 217w, https:\/\/i0.wp.com\/eltrabajo.cl\/portal\/wp-content\/uploads\/2018\/08\/bastian-rocco-1.jpg?resize=400%2C277&amp;ssl=1 400w\" sizes=\"auto, (max-width: 578px) 100vw, 578px\" \/><figcaption id=\"caption-attachment-87915\" class=\"wp-caption-text\">El cadete del Un\u00ed Un\u00ed, Basti\u00e1n Rocco, fue convocado a la Selecci\u00f3n Chilena U17.<\/figcaption><\/figure>\n<p>El joven y promisorio integrante de las series menores de Uni\u00f3n San Felipe, <strong>Basti\u00e1n Roco<\/strong>, fue convocado a la selecci\u00f3n chilena menor de 17 a\u00f1os, combinado que en la actualidad se encuentra realizando su proceso de preparaci\u00f3n para el torneo Sudamericano del 2019.<br \/>\nLa promesa surgida en las canteras unionistas es parte de lo que ya puede catalogarse como una dinast\u00eda familiar debido a que, en el pasado, su abuelo (Marcial), pap\u00e1 (Sebasti\u00e1n) y t\u00edo (H\u00e9ctor) fueron jugadores importantes dentro de la tienda sanfelipe\u00f1a.<br \/>\nBasti\u00e1n Roco se integr\u00f3 el lunes pasado a los trabajos de la Selecci\u00f3n Chilena U17, para los trabajos correspondientes al micro ciclo de la presente semana.<\/p>\n<p><span style=\"color: #ff0000;\"><strong>Cadetes albirrojos siguen al debe<\/strong><\/span><br \/>\nDurante el fin de semana reci\u00e9n pasado, en las comunas de Las Condes y San Felipe, las series menores unionistas hicieron frente a la segunda fecha del torneo de Clausura del F\u00fatbol Joven de la ANFP, evento en el cual no han tenido un comienzo positivo a ra\u00edz que han sumado muy pocos puntos.<br \/>\nEn la jornada pasada solo el cuadro U17 pudo vencer a los capitalinos, mientras que en los restantes duelos solo hubo empates y derrotas.<\/p>\n<p><span style=\"color: #ff0000;\"><strong>Resultados:<\/strong><\/span><br \/>\nS\u00e1bado 18 de agosto, estadio Corfo<br \/>\nU15: Barnechea 2 \u2013 Uni\u00f3n San Felipe 2<br \/>\nU16: Barnechea 3 \u2013 Uni\u00f3n San Felipe 0<br \/>\nDomingo 19 de agosto<br \/>\nU17: Uni\u00f3n San Felipe 4 \u2013 Barnechea 1<br \/>\nU19: Uni\u00f3n San Felipe 0 \u2013 Barnechea 0<\/p>\n<figure id=\"attachment_87916\" aria-describedby=\"caption-attachment-87916\" style=\"width: 580px\" class=\"wp-caption alignnone\"><img data-recalc-dims=\"1\" loading=\"lazy\" decoding=\"async\" class=\"size-full wp-image-87916\" src=\"https:\/\/i0.wp.com\/www.eltrabajo.cl\/2017\/wp-content\/uploads\/2018\/08\/bastian-rocco-2.jpg?resize=580%2C399\" alt=\"El cadete del Un\u00ed Un\u00ed, Basti\u00e1n Rocco, fue convocado a la Selecci\u00f3n Chilena U17.\" width=\"580\" height=\"399\" srcset=\"https:\/\/i0.wp.com\/eltrabajo.cl\/portal\/wp-content\/uploads\/2018\/08\/bastian-rocco-2.jpg?w=580&amp;ssl=1 580w, https:\/\/i0.wp.com\/eltrabajo.cl\/portal\/wp-content\/uploads\/2018\/08\/bastian-rocco-2.jpg?resize=200%2C138&amp;ssl=1 200w, https:\/\/i0.wp.com\/eltrabajo.cl\/portal\/wp-content\/uploads\/2018\/08\/bastian-rocco-2.jpg?resize=300%2C206&amp;ssl=1 300w, https:\/\/i0.wp.com\/eltrabajo.cl\/portal\/wp-content\/uploads\/2018\/08\/bastian-rocco-2.jpg?resize=218%2C150&amp;ssl=1 218w, https:\/\/i0.wp.com\/eltrabajo.cl\/portal\/wp-content\/uploads\/2018\/08\/bastian-rocco-2.jpg?resize=400%2C275&amp;ssl=1 400w\" sizes=\"auto, (max-width: 580px) 100vw, 580px\" \/><figcaption id=\"caption-attachment-87916\" class=\"wp-caption-text\">El cadete del Un\u00ed Un\u00ed, Basti\u00e1n Rocco, fue convocado a la Selecci\u00f3n Chilena U17.<\/figcaption><\/figure>\n<figure id=\"attachment_87917\" aria-describedby=\"caption-attachment-87917\" style=\"width: 580px\" class=\"wp-caption alignnone\"><img data-recalc-dims=\"1\" loading=\"lazy\" decoding=\"async\" class=\"size-full wp-image-87917\" src=\"https:\/\/i0.wp.com\/www.eltrabajo.cl\/2017\/wp-content\/uploads\/2018\/08\/cadetes-contra-barnechea.jpg?resize=580%2C400\" alt=\"Solo un triunfo cosecharon los cadetes de Uni\u00f3n San Felipe en sus duelos contra Barnechea.\" width=\"580\" height=\"400\" srcset=\"https:\/\/i0.wp.com\/eltrabajo.cl\/portal\/wp-content\/uploads\/2018\/08\/cadetes-contra-barnechea.jpg?w=580&amp;ssl=1 580w, https:\/\/i0.wp.com\/eltrabajo.cl\/portal\/wp-content\/uploads\/2018\/08\/cadetes-contra-barnechea.jpg?resize=200%2C138&amp;ssl=1 200w, https:\/\/i0.wp.com\/eltrabajo.cl\/portal\/wp-content\/uploads\/2018\/08\/cadetes-contra-barnechea.jpg?resize=300%2C207&amp;ssl=1 300w, https:\/\/i0.wp.com\/eltrabajo.cl\/portal\/wp-content\/uploads\/2018\/08\/cadetes-contra-barnechea.jpg?resize=218%2C150&amp;ssl=1 218w, https:\/\/i0.wp.com\/eltrabajo.cl\/portal\/wp-content\/uploads\/2018\/08\/cadetes-contra-barnechea.jpg?resize=400%2C276&amp;ssl=1 400w\" sizes=\"auto, (max-width: 580px) 100vw, 580px\" \/><figcaption id=\"caption-attachment-87917\" class=\"wp-caption-text\">Solo un triunfo cosecharon los cadetes de Uni\u00f3n San Felipe en sus duelos contra Barnechea.<\/figcaption><\/figure>\n","protected":false},"excerpt":{"rendered":"<p>El joven y promisorio integrante de las series menores de Uni\u00f3n San Felipe, Basti\u00e1n Roco, fue convocado a la selecci\u00f3n chilena menor de 17 a\u00f1os, combinado que en la actualidad se encuentra&#8230;<\/p>\n","protected":false},"author":1,"featured_media":87916,"comment_status":"open","ping_status":"open","sticky":false,"template":"","format":"standard","meta":{"advanced_seo_description":"","jetpack_seo_html_title":"","jetpack_seo_noindex":false,"_jetpack_memberships_contains_paid_content":false,"footnotes":""},"categories":[19],"tags":[],"class_list":["post-87914","post","type-post","status-publish","format-standard","has-post-thumbnail","hentry","category-deportes"],"jetpack_featured_media_url":"https:\/\/i0.wp.com\/eltrabajo.cl\/portal\/wp-content\/uploads\/2018\/08\/bastian-rocco-2.jpg?fit=580%2C399&ssl=1","jetpack_sharing_enabled":true,"jetpack_likes_enabled":true,"jetpack-related-posts":[],"_links":{"self":[{"href":"https:\/\/eltrabajo.cl\/portal\/wp-json\/wp\/v2\/posts\/87914","targetHints":{"allow":["GET"]}}],"collection":[{"href":"https:\/\/eltrabajo.cl\/portal\/wp-json\/wp\/v2\/posts"}],"about":[{"href":"https:\/\/eltrabajo.cl\/portal\/wp-json\/wp\/v2\/types\/post"}],"author":[{"embeddable":true,"href":"https:\/\/eltrabajo.cl\/portal\/wp-json\/wp\/v2\/users\/1"}],"replies":[{"embeddable":true,"href":"https:\/\/eltrabajo.cl\/portal\/wp-json\/wp\/v2\/comments?post=87914"}],"version-history":[{"count":0,"href":"https:\/\/eltrabajo.cl\/portal\/wp-json\/wp\/v2\/posts\/87914\/revisions"}],"wp:featuredmedia":[{"embeddable":true,"href":"https:\/\/eltrabajo.cl\/portal\/wp-json\/wp\/v2\/media\/87916"}],"wp:attachment":[{"href":"https:\/\/eltrabajo.cl\/portal\/wp-json\/wp\/v2\/media?parent=87914"}],"wp:term":[{"taxonomy":"category","embeddable":true,"href":"https:\/\/eltrabajo.cl\/portal\/wp-json\/wp\/v2\/categories?post=87914"},{"taxonomy":"post_tag","embeddable":true,"href":"https:\/\/eltrabajo.cl\/portal\/wp-json\/wp\/v2\/tags?post=87914"}],"curies":[{"name":"wp","href":"https:\/\/api.w.org\/{rel}","templated":true}]}}