{"id":87919,"date":"2018-08-22T05:02:30","date_gmt":"2018-08-22T09:02:30","guid":{"rendered":"http:\/\/www.eltrabajo.cl\/2017\/?p=87919"},"modified":"2018-08-22T05:02:30","modified_gmt":"2018-08-22T09:02:30","slug":"concejo-aprueba-traslado-de-avion-de-avenida-ohiggins-al-club-aereo","status":"publish","type":"post","link":"https:\/\/eltrabajo.cl\/portal\/concejo-aprueba-traslado-de-avion-de-avenida-ohiggins-al-club-aereo\/","title":{"rendered":"Concejo aprueba traslado de avi\u00f3n de avenida O\u2019Higgins al Club A\u00e9reo"},"content":{"rendered":"<figure id=\"attachment_87921\" aria-describedby=\"caption-attachment-87921\" style=\"width: 580px\" class=\"wp-caption alignnone\"><img data-recalc-dims=\"1\" loading=\"lazy\" decoding=\"async\" class=\"size-full wp-image-87921\" src=\"https:\/\/i0.wp.com\/www.eltrabajo.cl\/2017\/wp-content\/uploads\/2018\/08\/Avi%C3%B3n.jpg?resize=580%2C400\" alt=\"Este es el avi\u00f3n ubicado actualmente en la avenida O\u2019Higgins que ser\u00e1 trasladado al Club A\u00e9reo de San Felipe. (Foto gentileza Rafa P\u00e9rez)\" width=\"580\" height=\"400\" srcset=\"https:\/\/i0.wp.com\/eltrabajo.cl\/portal\/wp-content\/uploads\/2018\/08\/Avi%C3%B3n.jpg?w=580&amp;ssl=1 580w, https:\/\/i0.wp.com\/eltrabajo.cl\/portal\/wp-content\/uploads\/2018\/08\/Avi%C3%B3n.jpg?resize=200%2C138&amp;ssl=1 200w, https:\/\/i0.wp.com\/eltrabajo.cl\/portal\/wp-content\/uploads\/2018\/08\/Avi%C3%B3n.jpg?resize=300%2C207&amp;ssl=1 300w, https:\/\/i0.wp.com\/eltrabajo.cl\/portal\/wp-content\/uploads\/2018\/08\/Avi%C3%B3n.jpg?resize=218%2C150&amp;ssl=1 218w, https:\/\/i0.wp.com\/eltrabajo.cl\/portal\/wp-content\/uploads\/2018\/08\/Avi%C3%B3n.jpg?resize=400%2C276&amp;ssl=1 400w\" sizes=\"auto, (max-width: 580px) 100vw, 580px\" \/><figcaption id=\"caption-attachment-87921\" class=\"wp-caption-text\">Este es el avi\u00f3n ubicado actualmente en la avenida O\u2019Higgins que ser\u00e1 trasladado al Club A\u00e9reo de San Felipe. (Foto gentileza Rafa P\u00e9rez)<\/figcaption><\/figure>\n<p>Por cuatro votos a tres el Concejo Municipal de San Felipe accedi\u00f3 a la petici\u00f3n realizada por el directorio del Club A\u00e9reo para trasladar a esas dependencias el avi\u00f3n que se encuentra ubicado en la avenida O\u2019Higgins.<br \/>\nLa votaci\u00f3n se realiz\u00f3 ayer durante la sesi\u00f3n ordinaria del Concejo Municipal, cuando el alcalde Patricio Freire Canto llam\u00f3 a votaci\u00f3n la solicitud ingresada por parte del directorio del Club A\u00e9reo.<br \/>\nEntre los concejales que votaron a favor estuvieron Christian Beals Campos, Dante Rodr\u00edguez, Igor Carrasco y el alcalde Patricio Freire Canto, mientras que en contra votaron los concejales Patricia Boffa Casas, Mario Villanueva y Juan Carlos Sabaj. En general estos ediles esgrimieron motivos m\u00e1s que nada de mantenci\u00f3n que se le pudiera hacer al avi\u00f3n, que en cuanto a limpieza est\u00e1 a mal traer producto de las fecas de las palomas principalmente.<br \/>\nAl menos la concejal Boffa dijo que la municipalidad podr\u00eda perfectamente hacerse cargo del aseo.<br \/>\nEn cuanto al origen de la instalaci\u00f3n en ese lugar, fue el Director de Obras de la Municipalidad de San Felipe quien record\u00f3 que en su momento el abogado de la municipalidad, Alfonso Foncea, al ver que estaban las otras tres ramas de las fuerzas armadas en esa avenida como era Carabineros, Ej\u00e9rcito y un busto de Arturo Prat, hizo las gestiones para dotar el lugar con alg\u00fan elemento que representara en este caso a la Fuerza A\u00e9rea de Chile. Fue as\u00ed que consiguieron el avi\u00f3 que fue instalado en el lugar como s\u00edmbolo de la misma Fuerza A\u00e9rea.<br \/>\nEn cuanto a plazo no se dio, pero se subentiende que ya siendo aprobado por el Concejo, el Club A\u00e9reo est\u00e1 en su derecho de poder sacarlo del lugar y trasladarlo a sus dependencias ubicadas en avenida Miraflores.<br \/>\nSeg\u00fan el alcalde, el club a\u00e9reo pretender unirlo con otro avi\u00f3n que tienen en el lugar.<\/p>\n<figure id=\"attachment_87920\" aria-describedby=\"caption-attachment-87920\" style=\"width: 580px\" class=\"wp-caption alignnone\"><img data-recalc-dims=\"1\" loading=\"lazy\" decoding=\"async\" class=\"size-full wp-image-87920\" src=\"https:\/\/i0.wp.com\/www.eltrabajo.cl\/2017\/wp-content\/uploads\/2018\/08\/Avi%C3%B3n-3.jpg?resize=580%2C399\" alt=\"El avi\u00f3n se instal\u00f3 hace unos 20 a\u00f1os y su estado actual es bastante lastimoso debido a la falta de mantenci\u00f3n. (Foto gentileza Rafa P\u00e9rez)\" width=\"580\" height=\"399\" srcset=\"https:\/\/i0.wp.com\/eltrabajo.cl\/portal\/wp-content\/uploads\/2018\/08\/Avi%C3%B3n-3.jpg?w=580&amp;ssl=1 580w, https:\/\/i0.wp.com\/eltrabajo.cl\/portal\/wp-content\/uploads\/2018\/08\/Avi%C3%B3n-3.jpg?resize=200%2C138&amp;ssl=1 200w, https:\/\/i0.wp.com\/eltrabajo.cl\/portal\/wp-content\/uploads\/2018\/08\/Avi%C3%B3n-3.jpg?resize=300%2C206&amp;ssl=1 300w, https:\/\/i0.wp.com\/eltrabajo.cl\/portal\/wp-content\/uploads\/2018\/08\/Avi%C3%B3n-3.jpg?resize=218%2C150&amp;ssl=1 218w, https:\/\/i0.wp.com\/eltrabajo.cl\/portal\/wp-content\/uploads\/2018\/08\/Avi%C3%B3n-3.jpg?resize=400%2C275&amp;ssl=1 400w\" sizes=\"auto, (max-width: 580px) 100vw, 580px\" \/><figcaption id=\"caption-attachment-87920\" class=\"wp-caption-text\">El avi\u00f3n se instal\u00f3 hace unos 20 a\u00f1os y su estado actual es bastante lastimoso debido a la falta de mantenci\u00f3n. (Foto gentileza Rafa P\u00e9rez)<\/figcaption><\/figure>\n","protected":false},"excerpt":{"rendered":"<p>Por cuatro votos a tres el Concejo Municipal de San Felipe accedi\u00f3 a la petici\u00f3n realizada por el directorio del Club A\u00e9reo para trasladar a esas dependencias el avi\u00f3n que se encuentra&#8230;<\/p>\n","protected":false},"author":1,"featured_media":87920,"comment_status":"open","ping_status":"open","sticky":false,"template":"","format":"standard","meta":{"advanced_seo_description":"","jetpack_seo_html_title":"","jetpack_seo_noindex":false,"_jetpack_memberships_contains_paid_content":false,"footnotes":""},"categories":[1],"tags":[],"class_list":["post-87919","post","type-post","status-publish","format-standard","has-post-thumbnail","hentry","category-cronica"],"jetpack_featured_media_url":"https:\/\/i0.wp.com\/eltrabajo.cl\/portal\/wp-content\/uploads\/2018\/08\/Avi%C3%B3n-3.jpg?fit=580%2C399&ssl=1","jetpack_sharing_enabled":true,"jetpack_likes_enabled":true,"jetpack-related-posts":[],"_links":{"self":[{"href":"https:\/\/eltrabajo.cl\/portal\/wp-json\/wp\/v2\/posts\/87919","targetHints":{"allow":["GET"]}}],"collection":[{"href":"https:\/\/eltrabajo.cl\/portal\/wp-json\/wp\/v2\/posts"}],"about":[{"href":"https:\/\/eltrabajo.cl\/portal\/wp-json\/wp\/v2\/types\/post"}],"author":[{"embeddable":true,"href":"https:\/\/eltrabajo.cl\/portal\/wp-json\/wp\/v2\/users\/1"}],"replies":[{"embeddable":true,"href":"https:\/\/eltrabajo.cl\/portal\/wp-json\/wp\/v2\/comments?post=87919"}],"version-history":[{"count":0,"href":"https:\/\/eltrabajo.cl\/portal\/wp-json\/wp\/v2\/posts\/87919\/revisions"}],"wp:featuredmedia":[{"embeddable":true,"href":"https:\/\/eltrabajo.cl\/portal\/wp-json\/wp\/v2\/media\/87920"}],"wp:attachment":[{"href":"https:\/\/eltrabajo.cl\/portal\/wp-json\/wp\/v2\/media?parent=87919"}],"wp:term":[{"taxonomy":"category","embeddable":true,"href":"https:\/\/eltrabajo.cl\/portal\/wp-json\/wp\/v2\/categories?post=87919"},{"taxonomy":"post_tag","embeddable":true,"href":"https:\/\/eltrabajo.cl\/portal\/wp-json\/wp\/v2\/tags?post=87919"}],"curies":[{"name":"wp","href":"https:\/\/api.w.org\/{rel}","templated":true}]}}